{"id":143540,"date":"2024-08-05T11:09:24","date_gmt":"2024-08-05T14:09:24","guid":{"rendered":"https:\/\/senoticias.com.br\/se\/?p=143540"},"modified":"2024-08-05T13:21:49","modified_gmt":"2024-08-05T16:21:49","slug":"tribunal-de-contas-do-estado-contara-com-restaurante-escola-do-senac","status":"publish","type":"post","link":"https:\/\/senoticias.com.br\/se\/tribunal-de-contas-do-estado-contara-com-restaurante-escola-do-senac\/","title":{"rendered":"Tribunal de Contas do Estado contar\u00e1 com restaurante escola do Senac"},"content":{"rendered":"<p>&nbsp;<\/p>\n<p>O presidente do Sistema Fecom\u00e9rcio-Sesc-Senac, Marcos Andrade, o diretor Regional do Senac Sergipe, Nilson Lima, e a diretora Regional do Sesc, Aparecida Farias, receberam quarta-feira, 31, a presidente do Tribunal de Contas do Estado de Sergipe (TCE-SE), conselheira Susana Azevedo e comitiva. O encontro, que come\u00e7ou no Restaurante Escola Senac Bistr\u00f4, foi para apresentar o card\u00e1pio da unidade educacional, bem como a estrutura das cozinhas e do ambiente pedag\u00f3gico para capacita\u00e7\u00e3o da \u00e1rea de Hospedagem. As institui\u00e7\u00f5es est\u00e3o em tratativas para a instala\u00e7\u00e3o de um Restaurante Escola do Senac no TCE-SE.<\/p>\n<div id=\"attachment_143541\" style=\"width: 558px\" class=\"wp-caption aligncenter\"><a href=\"https:\/\/senoticias.com.br\/se\/wp-content\/uploads\/2024\/08\/WhatsApp-Image-2024-08-05-at-08.30.25.jpeg\"><img loading=\"lazy\" decoding=\"async\" aria-describedby=\"caption-attachment-143541\" class=\"size-full wp-image-143541\" src=\"https:\/\/senoticias.com.br\/se\/wp-content\/uploads\/2024\/08\/WhatsApp-Image-2024-08-05-at-08.30.25.jpeg\" alt=\"\" width=\"548\" height=\"365\" srcset=\"https:\/\/senoticias.com.br\/se\/wp-content\/uploads\/2024\/08\/WhatsApp-Image-2024-08-05-at-08.30.25.jpeg 548w, https:\/\/senoticias.com.br\/se\/wp-content\/uploads\/2024\/08\/WhatsApp-Image-2024-08-05-at-08.30.25-300x200.jpeg 300w, https:\/\/senoticias.com.br\/se\/wp-content\/uploads\/2024\/08\/WhatsApp-Image-2024-08-05-at-08.30.25-90x60.jpeg 90w, https:\/\/senoticias.com.br\/se\/wp-content\/uploads\/2024\/08\/WhatsApp-Image-2024-08-05-at-08.30.25-180x120.jpeg 180w, https:\/\/senoticias.com.br\/se\/wp-content\/uploads\/2024\/08\/WhatsApp-Image-2024-08-05-at-08.30.25-95x64.jpeg 95w\" sizes=\"(max-width: 548px) 100vw, 548px\" \/><\/a><p id=\"caption-attachment-143541\" class=\"wp-caption-text\">Presidente da Corte de Contas foi convidada para conhecer o Bistr\u00f4 e instala\u00e7\u00f5es do CGT &#8211; Foto: Marcelle Cristine\/TCE-SE<\/p><\/div>\n<p>A comitiva da Corte de Contas foi recepcionada ainda por alunos de gastronomia, para degusta\u00e7\u00e3o de bolos produzidos durante a aula.<\/p>\n<p>\u201cFoi uma satisfa\u00e7\u00e3o receber a presidente do Tribunal de Contas do Estado, a conselheira Susana Azevedo, e toda a sua equipe, para que possamos em conjunto montar um Restaurante Escola no pr\u00e9dio do TCE. O objetivo nosso \u00e9 chegar nos entes p\u00fablicos, para que possamos mostrar o que fazemos. Foi um momento \u00edmpar, j\u00e1 que ela conheceu as nossas instala\u00e7\u00f5es, o nosso Restaurante Escola Senac Bistr\u00f4 e viu como fazemos tudo, sempre com excel\u00eancia\u201d, destacou o presidente Marcos Andrade.<\/p>\n<p>Agradecendo o convite para conhecer a estrutura do Centro de Gastronomia e Turismo (CGT) e o card\u00e1pio do restaurante escola, a presidente do TCE destacou o trabalho que vem sendo desenvolvido pelo Sistema Fecom\u00e9rcio-Sesc-Senac.<\/p>\n<p>A Fecom\u00e9rcio e o Senac est\u00e3o de parab\u00e9ns pelo trabalho inovador que est\u00e3o realizando, em todo o Estado. E nesta visita, conhecemos o bistr\u00f4, vimos a qualidade do que \u00e9 servido todos os dias no restaurante. Temos a certeza de que ser\u00e1 a mesma qualidade que v\u00e3o levar para o Tribunal de Contas e para os demais poderes ali vizinhos, como o TRT, TRE, Justi\u00e7a Federal. Todos os \u00f3rg\u00e3os e nossos servidores ser\u00e3o beneficiados com a presen\u00e7a de um Restaurante Escola do Senac, nas nossas instala\u00e7\u00f5es\u201d, enfatizou.<\/p>\n<p><strong><em>Acompanhe tamb\u00e9m o SE Not\u00edcias no\u00a0<a href=\"https:\/\/www.instagram.com\/senoticias\/\" target=\"_blank\" rel=\"noreferrer noopener\">Instagram<\/a><\/em><\/strong>,\u00a0<strong><em>\u00a0<a href=\"https:\/\/www.facebook.com\/senoticias1\" target=\"_blank\" rel=\"noreferrer noopener\">Facebook<\/a>\u00a0e\u00a0no<\/em>\u00a0<em><a href=\"https:\/\/twitter.com\/Senoticias\">X<\/a><\/em><\/strong><\/p>\n<p>Fonte: Ascom\/Senac<\/p>\n","protected":false},"excerpt":{"rendered":"<p>&nbsp; O presidente do Sistema Fecom\u00e9rcio-Sesc-Senac, Marcos Andrade, o diretor Regional do Senac Sergipe, Nilson Lima, e a diretora Regional do Sesc, Aparecida Farias, receberam quarta-feira, 31, a presidente do Tribunal de Contas do Estado de Sergipe (TCE-SE), conselheira Susana Azevedo e comitiva. O encontro, que come\u00e7ou no Restaurante Escola Senac Bistr\u00f4, foi para apresentar [&hellip;]<\/p>\n","protected":false},"author":6557,"featured_media":0,"comment_status":"closed","ping_status":"closed","sticky":false,"template":"","format":"standard","meta":{"footnotes":""},"categories":[15,6],"tags":[40313,3021,529,565],"class_list":{"0":"post-143540","1":"post","2":"type-post","3":"status-publish","4":"format-standard","6":"category-destaques","7":"category-politica","8":"tag-restaurante-escola","9":"tag-senac","10":"tag-tce","11":"tag-tribunal-de-contas-do-estado"},"_links":{"self":[{"href":"https:\/\/senoticias.com.br\/se\/wp-json\/wp\/v2\/posts\/143540"}],"collection":[{"href":"https:\/\/senoticias.com.br\/se\/wp-json\/wp\/v2\/posts"}],"about":[{"href":"https:\/\/senoticias.com.br\/se\/wp-json\/wp\/v2\/types\/post"}],"author":[{"embeddable":true,"href":"https:\/\/senoticias.com.br\/se\/wp-json\/wp\/v2\/users\/6557"}],"replies":[{"embeddable":true,"href":"https:\/\/senoticias.com.br\/se\/wp-json\/wp\/v2\/comments?post=143540"}],"version-history":[{"count":0,"href":"https:\/\/senoticias.com.br\/se\/wp-json\/wp\/v2\/posts\/143540\/revisions"}],"wp:attachment":[{"href":"https:\/\/senoticias.com.br\/se\/wp-json\/wp\/v2\/media?parent=143540"}],"wp:term":[{"taxonomy":"category","embeddable":true,"href":"https:\/\/senoticias.com.br\/se\/wp-json\/wp\/v2\/categories?post=143540"},{"taxonomy":"post_tag","embeddable":true,"href":"https:\/\/senoticias.com.br\/se\/wp-json\/wp\/v2\/tags?post=143540"}],"curies":[{"name":"wp","href":"https:\/\/api.w.org\/{rel}","templated":true}]}}