{"id":143536,"date":"2024-08-05T10:51:55","date_gmt":"2024-08-05T13:51:55","guid":{"rendered":"https:\/\/senoticias.com.br\/se\/?p=143536"},"modified":"2024-08-05T13:23:13","modified_gmt":"2024-08-05T16:23:13","slug":"gta-resgata-vitima-que-se-acidentou-durante-trilha-na-serra-de-itabaiana","status":"publish","type":"post","link":"https:\/\/senoticias.com.br\/se\/gta-resgata-vitima-que-se-acidentou-durante-trilha-na-serra-de-itabaiana\/","title":{"rendered":"Grupamento T\u00e1tico A\u00e9reo resgata v\u00edtima que se acidentou durante trilha na Serra de Itabaiana"},"content":{"rendered":"<p>O Grupamento T\u00e1tico A\u00e9reo (GTA) resgatou uma v\u00edtima que se acidentou durante uma trilha na Serra de Itabaiana. A a\u00e7\u00e3o foi desenvolvida pelo servi\u00e7o aerom\u00e9dico, que conta com equipe do Servi\u00e7o de Atendimento M\u00f3vel de Urg\u00eancia (Samu) embarcada na aeronave do GTA. O resgate ocorreu no fim da tarde desse domingo, 4.<\/p>\n<div id=\"attachment_143537\" style=\"width: 536px\" class=\"wp-caption aligncenter\"><a href=\"https:\/\/senoticias.com.br\/se\/wp-content\/uploads\/2024\/08\/resgate-senoticias-e1722865861459.jpg\"><img loading=\"lazy\" decoding=\"async\" aria-describedby=\"caption-attachment-143537\" class=\"size-full wp-image-143537\" src=\"https:\/\/senoticias.com.br\/se\/wp-content\/uploads\/2024\/08\/resgate-senoticias-e1722865861459.jpg\" alt=\"\" width=\"526\" height=\"266\" \/><\/a><p id=\"caption-attachment-143537\" class=\"wp-caption-text\">resgata v\u00edtima que se acidentou durante trilha na Serra de Itabaiana &#8211; Foto: SSP\/SE<\/p><\/div>\n<p>&nbsp;<\/p>\n<p>De acordo com o tenente-coronel Fernando Argollo, comandante da aeronave do GTA durante o resgate, o acionamento foi feito pelo Corpo de Bombeiros, por meio do Centro Integrado de Opera\u00e7\u00f5es em Seguran\u00e7a P\u00fablica (Ciosp).<\/p>\n<p>A a\u00e7\u00e3o do GTA foi para o resgate de uma v\u00edtima que torceu o tornozelo durante uma trilha na Serra de Itabaiana. \u201cN\u00f3s decolamos do aeroporto sabendo que o tempo era muito pequeno para chegar \u00e0 serra, realizar a busca e definir a t\u00e9cnica que usar\u00edamos para retirar a v\u00edtima de l\u00e1\u201d, contextualizou o tenente-coronel.<\/p>\n<p>O resgate levou em considera\u00e7\u00e3o a complexidade do cen\u00e1rio com aclives, arbustos, pedras soltas, o que sempre torna dif\u00edcil o pouso da aeronave ou a aproxima\u00e7\u00e3o da aeronave, conforme avaliou o tenente-coronel. \u201cE como era esperado, a v\u00edtima encontrava-se em um trecho em que era imposs\u00edvel o pouso da aeronave\u201d, explicou.<\/p>\n<p>\u201cEnt\u00e3o, conseguimos voar a baixa altura pr\u00f3ximo a trilha, um dos tripulantes se pendurou no esqui do helic\u00f3ptero, saltou e foi at\u00e9 a v\u00edtima. L\u00e1 ele coordenou a aproxima\u00e7\u00e3o de todos que iriam carregar a v\u00edtima com ele at\u00e9 a porta da aeronave. A v\u00edtima foi entregue a um dos tripulantes a bordo\u201d, acrescentou o tenente-coronel Fernando Argollo.<\/p>\n<p>A v\u00edtima sofreu uma entorse no tornozelo e foi feito o contato com a regula\u00e7\u00e3o do Samu, que direcionou para o Aeroclube. A v\u00edtima foi entregue a uma ambul\u00e2ncia do Samu.<\/p>\n<p><strong><em>Acompanhe tamb\u00e9m o SE Not\u00edcias no\u00a0<a href=\"https:\/\/www.instagram.com\/senoticias\/\" target=\"_blank\" rel=\"noreferrer noopener\">Instagram<\/a><\/em><\/strong>,\u00a0<strong><em>\u00a0<a href=\"https:\/\/www.facebook.com\/senoticias1\" target=\"_blank\" rel=\"noreferrer noopener\">Facebook<\/a>\u00a0e\u00a0no<\/em>\u00a0<em><a href=\"https:\/\/twitter.com\/Senoticias\">X<\/a><\/em><\/strong><\/p>\n<p>Fonte: SSP\/SE<\/p>\n","protected":false},"excerpt":{"rendered":"<p>O Grupamento T\u00e1tico A\u00e9reo (GTA) resgatou uma v\u00edtima que se acidentou durante uma trilha na Serra de Itabaiana. A a\u00e7\u00e3o foi desenvolvida pelo servi\u00e7o aerom\u00e9dico, que conta com equipe do Servi\u00e7o de Atendimento M\u00f3vel de Urg\u00eancia (Samu) embarcada na aeronave do GTA. O resgate ocorreu no fim da tarde desse domingo, 4. &nbsp; De acordo [&hellip;]<\/p>\n","protected":false},"author":6557,"featured_media":143537,"comment_status":"closed","ping_status":"closed","sticky":false,"template":"","format":"standard","meta":{"footnotes":""},"categories":[15,7],"tags":[10351,7687,8402,39418],"class_list":{"0":"post-143536","1":"post","2":"type-post","3":"status-publish","4":"format-standard","5":"has-post-thumbnail","7":"category-destaques","8":"category-policia","9":"tag-grupamento-tatico-aereo","10":"tag-gta","11":"tag-resgate","12":"tag-serra-de-itabaiana"},"_links":{"self":[{"href":"https:\/\/senoticias.com.br\/se\/wp-json\/wp\/v2\/posts\/143536"}],"collection":[{"href":"https:\/\/senoticias.com.br\/se\/wp-json\/wp\/v2\/posts"}],"about":[{"href":"https:\/\/senoticias.com.br\/se\/wp-json\/wp\/v2\/types\/post"}],"author":[{"embeddable":true,"href":"https:\/\/senoticias.com.br\/se\/wp-json\/wp\/v2\/users\/6557"}],"replies":[{"embeddable":true,"href":"https:\/\/senoticias.com.br\/se\/wp-json\/wp\/v2\/comments?post=143536"}],"version-history":[{"count":0,"href":"https:\/\/senoticias.com.br\/se\/wp-json\/wp\/v2\/posts\/143536\/revisions"}],"wp:featuredmedia":[{"embeddable":true,"href":"https:\/\/senoticias.com.br\/se\/wp-json\/wp\/v2\/media\/143537"}],"wp:attachment":[{"href":"https:\/\/senoticias.com.br\/se\/wp-json\/wp\/v2\/media?parent=143536"}],"wp:term":[{"taxonomy":"category","embeddable":true,"href":"https:\/\/senoticias.com.br\/se\/wp-json\/wp\/v2\/categories?post=143536"},{"taxonomy":"post_tag","embeddable":true,"href":"https:\/\/senoticias.com.br\/se\/wp-json\/wp\/v2\/tags?post=143536"}],"curies":[{"name":"wp","href":"https:\/\/api.w.org\/{rel}","templated":true}]}}