{"id":143534,"date":"2024-08-05T10:28:40","date_gmt":"2024-08-05T13:28:40","guid":{"rendered":"https:\/\/senoticias.com.br\/se\/?p=143534"},"modified":"2024-08-05T13:24:11","modified_gmt":"2024-08-05T16:24:11","slug":"radio-e-tv-proibidas-de-fazer-propaganda-politica","status":"publish","type":"post","link":"https:\/\/senoticias.com.br\/se\/radio-e-tv-proibidas-de-fazer-propaganda-politica\/","title":{"rendered":"R\u00e1dio e TV proibidas de fazer propaganda pol\u00edtica"},"content":{"rendered":"<p>Com o fim do per\u00edodo para a realiza\u00e7\u00e3o de conven\u00e7\u00f5es partid\u00e1rias, nessa segunda-feira (5), a Lei Eleitoral determina uma s\u00e9rie de proibi\u00e7\u00f5es \u00e0s emissoras de r\u00e1dio e televis\u00e3o. Elas n\u00e3o podem, por exemplo:<br \/>\nem sua programa\u00e7\u00e3o normal e em seu notici\u00e1rio, ainda que sob a forma de entrevista jornal\u00edstica:<\/p>\n<div id=\"attachment_143535\" style=\"width: 534px\" class=\"wp-caption aligncenter\"><a href=\"https:\/\/senoticias.com.br\/se\/wp-content\/uploads\/2024\/08\/microfone1-1024x613-1-e1722864450769.jpg\"><img loading=\"lazy\" decoding=\"async\" aria-describedby=\"caption-attachment-143535\" class=\"size-full wp-image-143535\" src=\"https:\/\/senoticias.com.br\/se\/wp-content\/uploads\/2024\/08\/microfone1-1024x613-1-e1722864450769.jpg\" alt=\"\" width=\"524\" height=\"314\" \/><\/a><p id=\"caption-attachment-143535\" class=\"wp-caption-text\">As emissoras s\u00e3o reguladas legalmente para evitar favorecimento aos candidatos &#8211; Foto: arquivo\/Abr<\/p><\/div>\n<p>01 \u2013 Transmitir imagens de realiza\u00e7\u00e3o de pesquisa ou de qualquer outro tipo de consulta popular de natureza eleitoral em que seja poss\u00edvel identificar o entrevistado ou em que haja manipula\u00e7\u00e3o de dados.<\/p>\n<p>02 \u2013 Veicular propaganda pol\u00edtica.<\/p>\n<p>03 \u2013 Dar tratamento privilegiado a candidata, candidato, partido pol\u00edtico, federa\u00e7\u00e3o ou coliga\u00e7\u00e3o, inclusive sob a forma de retransmiss\u00e3o de live eleitoral.<\/p>\n<p>04 \u2013 Veicular ou divulgar filmes, novelas, miniss\u00e9ries ou qualquer outro programa com alus\u00e3o ou cr\u00edtica voltada especificamente a candidata, candidato, partido, federa\u00e7\u00e3o ou coliga\u00e7\u00e3o, mesmo que dissimuladamente, exceto programas jornal\u00edsticos ou debates pol\u00edticos.<\/p>\n<p>05 \u2013 Divulgar nome de programa que se refira a candidata ou candidato escolhido em conven\u00e7\u00e3o.<\/p>\n<p><strong><em>Acompanhe tamb\u00e9m o SE Not\u00edcias no\u00a0<a href=\"https:\/\/www.instagram.com\/senoticias\/\" target=\"_blank\" rel=\"noreferrer noopener\">Instagram<\/a><\/em><\/strong>,\u00a0<strong><em>\u00a0<a href=\"https:\/\/www.facebook.com\/senoticias1\" target=\"_blank\" rel=\"noreferrer noopener\">Facebook<\/a>\u00a0e\u00a0no<\/em>\u00a0<em><a href=\"https:\/\/twitter.com\/Senoticias\">X<\/a><\/em><\/strong><\/p>\n<p>Fonte: TSE<\/p>\n<p>&nbsp;<\/p>\n","protected":false},"excerpt":{"rendered":"<p>Com o fim do per\u00edodo para a realiza\u00e7\u00e3o de conven\u00e7\u00f5es partid\u00e1rias, nessa segunda-feira (5), a Lei Eleitoral determina uma s\u00e9rie de proibi\u00e7\u00f5es \u00e0s emissoras de r\u00e1dio e televis\u00e3o. Elas n\u00e3o podem, por exemplo: em sua programa\u00e7\u00e3o normal e em seu notici\u00e1rio, ainda que sob a forma de entrevista jornal\u00edstica: 01 \u2013 Transmitir imagens de realiza\u00e7\u00e3o [&hellip;]<\/p>\n","protected":false},"author":6557,"featured_media":0,"comment_status":"closed","ping_status":"closed","sticky":false,"template":"","format":"standard","meta":{"footnotes":""},"categories":[15,6],"tags":[38426,42062,42061,5541],"class_list":{"0":"post-143534","1":"post","2":"type-post","3":"status-publish","4":"format-standard","6":"category-destaques","7":"category-politica","8":"tag-eleicoes-2024","9":"tag-propaganda-politica","10":"tag-radio","11":"tag-tv"},"_links":{"self":[{"href":"https:\/\/senoticias.com.br\/se\/wp-json\/wp\/v2\/posts\/143534"}],"collection":[{"href":"https:\/\/senoticias.com.br\/se\/wp-json\/wp\/v2\/posts"}],"about":[{"href":"https:\/\/senoticias.com.br\/se\/wp-json\/wp\/v2\/types\/post"}],"author":[{"embeddable":true,"href":"https:\/\/senoticias.com.br\/se\/wp-json\/wp\/v2\/users\/6557"}],"replies":[{"embeddable":true,"href":"https:\/\/senoticias.com.br\/se\/wp-json\/wp\/v2\/comments?post=143534"}],"version-history":[{"count":0,"href":"https:\/\/senoticias.com.br\/se\/wp-json\/wp\/v2\/posts\/143534\/revisions"}],"wp:attachment":[{"href":"https:\/\/senoticias.com.br\/se\/wp-json\/wp\/v2\/media?parent=143534"}],"wp:term":[{"taxonomy":"category","embeddable":true,"href":"https:\/\/senoticias.com.br\/se\/wp-json\/wp\/v2\/categories?post=143534"},{"taxonomy":"post_tag","embeddable":true,"href":"https:\/\/senoticias.com.br\/se\/wp-json\/wp\/v2\/tags?post=143534"}],"curies":[{"name":"wp","href":"https:\/\/api.w.org\/{rel}","templated":true}]}}