{"id":143523,"date":"2024-08-03T11:06:24","date_gmt":"2024-08-03T14:06:24","guid":{"rendered":"https:\/\/senoticias.com.br\/se\/?p=143523"},"modified":"2024-08-03T11:19:17","modified_gmt":"2024-08-03T14:19:17","slug":"avaliacao-de-lula-e-a-mesma-que-a-de-bolsonaro-no-mesmo-ponto-do-mandato-diz-datafolha","status":"publish","type":"post","link":"https:\/\/senoticias.com.br\/se\/avaliacao-de-lula-e-a-mesma-que-a-de-bolsonaro-no-mesmo-ponto-do-mandato-diz-datafolha\/","title":{"rendered":"Avalia\u00e7\u00e3o de Lula \u00e9 a mesma que a de Bolsonaro no mesmo ponto do mandato, diz Datafolha"},"content":{"rendered":"<p>&nbsp;<\/p>\n<p>O presidente Luiz In\u00e1cio Lula da Silva (PT) e seu antecessor, Jair Bolsonaro (PL), t\u00eam a mesma avalia\u00e7\u00e3o da popula\u00e7\u00e3o na mesmo per\u00edodo de mandato. O petista tem 35% de aprova\u00e7\u00e3o e 33% de reprova\u00e7\u00e3o, e \u00e9 considerado regular por 30% dos entrevistados na pesquisa do Datafolha divulgada neste s\u00e1bado, 3.<\/p>\n<p>O ex-presidente tamb\u00e9m via a avalia\u00e7\u00e3o de seu governo, com um ano e oito meses \u00e0 frente da Presid\u00eancia, &#8220;rachada&#8221; em tr\u00eas. Bolsonaro registrava 37% de &#8220;\u00f3timo e bom&#8221;, 34% de &#8220;ruim e p\u00e9ssimo&#8221;, e 27% de &#8220;regular&#8221;.<\/p>\n<div id=\"attachment_143524\" style=\"width: 555px\" class=\"wp-caption aligncenter\"><a href=\"https:\/\/senoticias.com.br\/se\/wp-content\/uploads\/2024\/08\/Lula-e-Bolsonaro-SE-Noticias.jpg\"><img loading=\"lazy\" decoding=\"async\" aria-describedby=\"caption-attachment-143524\" class=\"size-full wp-image-143524\" src=\"https:\/\/senoticias.com.br\/se\/wp-content\/uploads\/2024\/08\/Lula-e-Bolsonaro-SE-Noticias.jpg\" alt=\"\" width=\"545\" height=\"321\" srcset=\"https:\/\/senoticias.com.br\/se\/wp-content\/uploads\/2024\/08\/Lula-e-Bolsonaro-SE-Noticias.jpg 545w, https:\/\/senoticias.com.br\/se\/wp-content\/uploads\/2024\/08\/Lula-e-Bolsonaro-SE-Noticias-300x177.jpg 300w\" sizes=\"(max-width: 545px) 100vw, 545px\" \/><\/a><p id=\"caption-attachment-143524\" class=\"wp-caption-text\"><br \/>Lula e Jair Bolsonaro: avalia\u00e7\u00e3o dos dois \u00e9 igual considerando mesmo per\u00edodo de mandato &#8211; Foto: Andr\u00e9 Dusek e Gabriela Bil\u00f3\/Estad\u00e3o \/ Estad\u00e3o<\/p><\/div>\n<p>Lula vai pior nos grupos simp\u00e1ticos ao bolsonarismo. Entre a classe m\u00e9dia que recebe de 5 a 10 sal\u00e1rios m\u00ednimos, 47% consideram gest\u00e3o do petista &#8220;ruim ou p\u00e9ssima&#8221;. N\u00edveis de desaprova\u00e7\u00e3o parecidos se repetem entre quem ganha at\u00e9 10 sal\u00e1rios m\u00ednimos (46%), tem diploma superior (43%), bolsonaristas evang\u00e9licos (41%), moradores do Centro-Oeste (40%) e do Sudeste (39%).<\/p>\n<p>O Datafolha entrevistou 2.040 pessoas em 146 munic\u00edpios brasileiros entre os dias 29 e 31 de julho, e tem margem de erro de dois pontos porcentuais, para mais ou para menos.<\/p>\n<p>O cen\u00e1rio representa estabilidade para Lula comparado \u00e0 pesquisa imediatamente anterior, com entrevistas realizadas de de 4 a 13 de junho. A avalia\u00e7\u00e3o do atual mandato de Lula tamb\u00e9m \u00e9 parecida com a realizada no primeiro mandato dele, de 2003 a 2006, considerando o mesmo per\u00edodo de tempo, com 35% de &#8220;\u00f3timo ou bom&#8221;.<\/p>\n<p>Quando comparado ao segundo mandato do petista, de 2007 a 2010, entretanto, h\u00e1 diferen\u00e7as marcantes: 64% aprovava o governo e somente 8% o considerava ruim ou p\u00e9ssimo &#8211; entre os que avaliavam a gest\u00e3o como regular, a fatia era de 28%, semelhante a de agora.<\/p>\n<p>A pesquisa faz a ressalva que as recentes declara\u00e7\u00f5es e posicionamento de Lula frente \u00e0 crise na Venezuela, enquanto diversos pa\u00edses levantam questionamentos sobre a lisura do processo eleitoral, ocorreram enquanto os pesquisadores j\u00e1 faziam as entrevistas, mas que, segundo eles, a pol\u00edtica externa n\u00e3o contribui tanto na avalia\u00e7\u00e3o dos governos.<\/p>\n<p>O resultado, segundo os pesquisadores, reflete a extrema polariza\u00e7\u00e3o no eleitorado, vista h\u00e1 alguns anos no Pa\u00eds, e faz com que as fatias intermedi\u00e1rias, ou seja, as que consideram o governo como &#8220;regular&#8221;, sejam as mais &#8220;fi\u00e9is&#8221; na balan\u00e7a.<\/p>\n<p><strong><em>Acompanhe tamb\u00e9m o SE Not\u00edcias no\u00a0<a href=\"https:\/\/www.instagram.com\/senoticias\/\" target=\"_blank\" rel=\"noreferrer noopener\">Instagram<\/a><\/em><\/strong>,\u00a0<strong><em>\u00a0<a href=\"https:\/\/www.facebook.com\/senoticias1\" target=\"_blank\" rel=\"noreferrer noopener\">Facebook<\/a>\u00a0e\u00a0no<\/em>\u00a0<em><a href=\"https:\/\/twitter.com\/Senoticias\">X<\/a><\/em><\/strong><\/p>\n<p>Fonte: Portal Terra<\/p>\n","protected":false},"excerpt":{"rendered":"<p>&nbsp; O presidente Luiz In\u00e1cio Lula da Silva (PT) e seu antecessor, Jair Bolsonaro (PL), t\u00eam a mesma avalia\u00e7\u00e3o da popula\u00e7\u00e3o na mesmo per\u00edodo de mandato. O petista tem 35% de aprova\u00e7\u00e3o e 33% de reprova\u00e7\u00e3o, e \u00e9 considerado regular por 30% dos entrevistados na pesquisa do Datafolha divulgada neste s\u00e1bado, 3. O ex-presidente tamb\u00e9m [&hellip;]<\/p>\n","protected":false},"author":6557,"featured_media":143524,"comment_status":"closed","ping_status":"closed","sticky":false,"template":"","format":"standard","meta":{"footnotes":""},"categories":[15,2961,1],"tags":[42054,3272,3275],"class_list":{"0":"post-143523","1":"post","2":"type-post","3":"status-publish","4":"format-standard","5":"has-post-thumbnail","7":"category-destaques","8":"category-nacional","9":"category-sem-categoria","10":"tag-avaliacao-de-lula","11":"tag-bolsonaro","12":"tag-pesquisa-datafolha"},"_links":{"self":[{"href":"https:\/\/senoticias.com.br\/se\/wp-json\/wp\/v2\/posts\/143523"}],"collection":[{"href":"https:\/\/senoticias.com.br\/se\/wp-json\/wp\/v2\/posts"}],"about":[{"href":"https:\/\/senoticias.com.br\/se\/wp-json\/wp\/v2\/types\/post"}],"author":[{"embeddable":true,"href":"https:\/\/senoticias.com.br\/se\/wp-json\/wp\/v2\/users\/6557"}],"replies":[{"embeddable":true,"href":"https:\/\/senoticias.com.br\/se\/wp-json\/wp\/v2\/comments?post=143523"}],"version-history":[{"count":0,"href":"https:\/\/senoticias.com.br\/se\/wp-json\/wp\/v2\/posts\/143523\/revisions"}],"wp:featuredmedia":[{"embeddable":true,"href":"https:\/\/senoticias.com.br\/se\/wp-json\/wp\/v2\/media\/143524"}],"wp:attachment":[{"href":"https:\/\/senoticias.com.br\/se\/wp-json\/wp\/v2\/media?parent=143523"}],"wp:term":[{"taxonomy":"category","embeddable":true,"href":"https:\/\/senoticias.com.br\/se\/wp-json\/wp\/v2\/categories?post=143523"},{"taxonomy":"post_tag","embeddable":true,"href":"https:\/\/senoticias.com.br\/se\/wp-json\/wp\/v2\/tags?post=143523"}],"curies":[{"name":"wp","href":"https:\/\/api.w.org\/{rel}","templated":true}]}}