{"id":143492,"date":"2024-08-01T19:32:33","date_gmt":"2024-08-01T22:32:33","guid":{"rendered":"https:\/\/senoticias.com.br\/se\/?p=143492"},"modified":"2024-08-01T19:43:02","modified_gmt":"2024-08-01T22:43:02","slug":"rebeca-andrade-se-isola-como-maior-medalhista-olimpica-entre-as-mulheres-do-brasil","status":"publish","type":"post","link":"https:\/\/senoticias.com.br\/se\/rebeca-andrade-se-isola-como-maior-medalhista-olimpica-entre-as-mulheres-do-brasil\/","title":{"rendered":"Rebeca Andrade se isola como maior medalhista ol\u00edmpica entre as mulheres do Brasil"},"content":{"rendered":"<p>&nbsp;<\/p>\n<p>Rebeca Andrade mais uma vez subiu ao p\u00f3dio do individual geral nas Olimp\u00edadas ao conquistar a medalha de prata em Paris, assim como em T\u00f3quio. A medalha desta quinta-feira j\u00e1 \u00e9 a segunda da brasileira na Fran\u00e7a; ela tamb\u00e9m faturado o bronze na prova por equipes. Assim, a ginasta de 25 anos se tornou a primeira brasileira a conquistar quatro medalhas em Jogos Ol\u00edmpicos, ultrapassando os tr\u00eas p\u00f3dios de Fof\u00e3o e Mayra Aguiar. Em Paris, ela ainda pode ocupar o topo dessa lista no geral, uma vez que ainda ter\u00e1 tr\u00eas finais de aparelhos pela frente. Robert Scheidt e Torben Grael s\u00e3o os atuais l\u00edderes do ranking, com cinco p\u00f3dios cada.<\/p>\n<div id=\"attachment_143493\" style=\"width: 610px\" class=\"wp-caption aligncenter\"><a href=\"https:\/\/senoticias.com.br\/se\/wp-content\/uploads\/2024\/08\/Rebeca-Andrade-se-noticias.jpg\"><img loading=\"lazy\" decoding=\"async\" aria-describedby=\"caption-attachment-143493\" class=\"size-full wp-image-143493\" src=\"https:\/\/senoticias.com.br\/se\/wp-content\/uploads\/2024\/08\/Rebeca-Andrade-se-noticias.jpg\" alt=\"\" width=\"600\" height=\"401\" srcset=\"https:\/\/senoticias.com.br\/se\/wp-content\/uploads\/2024\/08\/Rebeca-Andrade-se-noticias.jpg 600w, https:\/\/senoticias.com.br\/se\/wp-content\/uploads\/2024\/08\/Rebeca-Andrade-se-noticias-300x201.jpg 300w, https:\/\/senoticias.com.br\/se\/wp-content\/uploads\/2024\/08\/Rebeca-Andrade-se-noticias-90x60.jpg 90w, https:\/\/senoticias.com.br\/se\/wp-content\/uploads\/2024\/08\/Rebeca-Andrade-se-noticias-180x120.jpg 180w, https:\/\/senoticias.com.br\/se\/wp-content\/uploads\/2024\/08\/Rebeca-Andrade-se-noticias-95x64.jpg 95w\" sizes=\"(max-width: 600px) 100vw, 600px\" \/><\/a><p id=\"caption-attachment-143493\" class=\"wp-caption-text\">Rebeca Andrade se apresenta na trave no individual geral das Olimp\u00edadas de Paris 2024 \u2014 Foto: Jamie Squire\/Getty Images<\/p><\/div>\n<p>&#8211; \u00c9 uma honra, me sinto privilegiada. Diante de tantas coisas que poderiam acontecer, e tantas pessoas que poderiam ter sido escolhidas para estar aqui. Eu t\u00f4 aqui, eu consegui, ent\u00e3o realmente \u00e9 uma honra gigantesca fazer parte da porcentagem de mulheres que est\u00e3o vencendo e hoje poder trazer um resultado no meu esporte para o meu pa\u00eds isso \u00e9 incr\u00edvel.<\/p>\n<p>Foi o segundo recorde quebrado por Rebeca em Paris. Nas classificat\u00f3rias, se tornou a primeira brasileira a avan\u00e7ar a cinco finais, deixando para tr\u00e1s as tr\u00eas finais de Jade Barbosa em Pequim 2008 e dela mesma em T\u00f3quio.<\/p>\n<p>&#8211; Eu penso, n\u00e3o vou mentir, quero estar no p\u00f3dio. Mas o resultado \u00e9 consequ\u00eancia, eu tenho que fazer minha parte para estar l\u00e1 eu preciso fazer minha parte, e esse \u00e9 o foco.<\/p>\n<p>Rebeca ainda tem tr\u00eas finais por aparelhos em Paris a partir de s\u00e1bado (veja calend\u00e1rio abaixo). Ela pode se tornar a pessoa do Brasil com maior n\u00famero de medalhas na hist\u00f3ria dos Jogos entre homens e mulheres.<\/p>\n<p>Rebeca j\u00e1 era a ginasta mais condecorada do Brasil na hist\u00f3ria. Al\u00e9m das quatro medalhas ol\u00edmpicas, tem nove p\u00f3dios em Mundiais, tr\u00eas ouros, quatro pratas e dois bronzes. Entrou para um seleto hall de dez ginastas que j\u00e1 conquistaram medalhas em todas as provas da modalidade em Mundiais.<\/p>\n<p>Quando s\u00e3o as outras finais entre Rebeca e Simone? \ud83d\uddd3\ufe0f<\/p>\n<p>Final do salto: s\u00e1bado (3), \u00e0s 11h20.<br \/>\nFinal da trave: segunda-feira (5), \u00e0s 7h30.<br \/>\nFinal do solo: segunda-feira (5), \u00e0s 9h20.<\/p>\n<p><strong><em>Acompanhe tamb\u00e9m o SE Not\u00edcias no\u00a0<a href=\"https:\/\/www.instagram.com\/senoticias\/\" target=\"_blank\" rel=\"noreferrer noopener\">Instagram<\/a><\/em><\/strong>,\u00a0<strong><em>\u00a0<a href=\"https:\/\/www.facebook.com\/senoticias1\" target=\"_blank\" rel=\"noreferrer noopener\">Facebook<\/a>\u00a0e\u00a0no<\/em>\u00a0<em><a href=\"https:\/\/twitter.com\/Senoticias\">X<\/a><\/em><\/strong><\/p>\n<p>Fonte:<a href=\"https:\/\/ge.globo.com\/olimpiadas\/noticia\/2024\/08\/01\/rebeca-andrade-se-isola-como-maior-medalhista-olimpica-entre-as-mulheres-do-brasil.ghtml\"><strong> GE<\/strong><\/a><\/p>\n","protected":false},"excerpt":{"rendered":"<p>&nbsp; Rebeca Andrade mais uma vez subiu ao p\u00f3dio do individual geral nas Olimp\u00edadas ao conquistar a medalha de prata em Paris, assim como em T\u00f3quio. A medalha desta quinta-feira j\u00e1 \u00e9 a segunda da brasileira na Fran\u00e7a; ela tamb\u00e9m faturado o bronze na prova por equipes. Assim, a ginasta de 25 anos se tornou [&hellip;]<\/p>\n","protected":false},"author":6557,"featured_media":143493,"comment_status":"closed","ping_status":"closed","sticky":false,"template":"","format":"standard","meta":{"footnotes":""},"categories":[15,26],"tags":[1275,42013,42041,34700],"class_list":{"0":"post-143492","1":"post","2":"type-post","3":"status-publish","4":"format-standard","5":"has-post-thumbnail","7":"category-destaques","8":"category-esportes","9":"tag-jogos-olimpicos","10":"tag-jogos-olimpicos-de-paris","11":"tag-medalha-de-prata","12":"tag-rebeca-andrade"},"_links":{"self":[{"href":"https:\/\/senoticias.com.br\/se\/wp-json\/wp\/v2\/posts\/143492"}],"collection":[{"href":"https:\/\/senoticias.com.br\/se\/wp-json\/wp\/v2\/posts"}],"about":[{"href":"https:\/\/senoticias.com.br\/se\/wp-json\/wp\/v2\/types\/post"}],"author":[{"embeddable":true,"href":"https:\/\/senoticias.com.br\/se\/wp-json\/wp\/v2\/users\/6557"}],"replies":[{"embeddable":true,"href":"https:\/\/senoticias.com.br\/se\/wp-json\/wp\/v2\/comments?post=143492"}],"version-history":[{"count":0,"href":"https:\/\/senoticias.com.br\/se\/wp-json\/wp\/v2\/posts\/143492\/revisions"}],"wp:featuredmedia":[{"embeddable":true,"href":"https:\/\/senoticias.com.br\/se\/wp-json\/wp\/v2\/media\/143493"}],"wp:attachment":[{"href":"https:\/\/senoticias.com.br\/se\/wp-json\/wp\/v2\/media?parent=143492"}],"wp:term":[{"taxonomy":"category","embeddable":true,"href":"https:\/\/senoticias.com.br\/se\/wp-json\/wp\/v2\/categories?post=143492"},{"taxonomy":"post_tag","embeddable":true,"href":"https:\/\/senoticias.com.br\/se\/wp-json\/wp\/v2\/tags?post=143492"}],"curies":[{"name":"wp","href":"https:\/\/api.w.org\/{rel}","templated":true}]}}