{"id":143468,"date":"2024-07-31T11:10:46","date_gmt":"2024-07-31T14:10:46","guid":{"rendered":"https:\/\/senoticias.com.br\/se\/?p=143468"},"modified":"2024-07-31T11:21:33","modified_gmt":"2024-07-31T14:21:33","slug":"operacao-e-realizada-contra-furto-de-energia-eletrica-na-grande-aracaju","status":"publish","type":"post","link":"https:\/\/senoticias.com.br\/se\/operacao-e-realizada-contra-furto-de-energia-eletrica-na-grande-aracaju\/","title":{"rendered":"Opera\u00e7\u00e3o \u00e9 realizada contra furto de energia el\u00e9trica na Grande Aracaju"},"content":{"rendered":"<p>&nbsp;<\/p>\n<p>&nbsp;<\/p>\n<p>Para identificar poss\u00edveis casos de furto de energia el\u00e9trica, a Energisa e as pol\u00edcias Civil e Cient\u00edfica deflagraram uma opera\u00e7\u00e3o conjunta em Nossa Senhora do Socorro. A a\u00e7\u00e3o ocorreu de forma integrada entre equipes da concession\u00e1ria de energia e da seguran\u00e7a p\u00fablica na Regi\u00e3o Metropolitana da capital. O balan\u00e7o da opera\u00e7\u00e3o est\u00e1 sendo elaborado pelos \u00f3rg\u00e3os que integram a a\u00e7\u00e3o deflagrada na manh\u00e3 desta quarta-feira, 31.<\/p>\n<p>De acordo com o delegado Rafael Brito, titular da Delegacia Especializada de Repress\u00e3o a Crimes contra Concession\u00e1rias de Servi\u00e7o P\u00fablico (DRCSP), a opera\u00e7\u00e3o foi desencadeada a partir de informa\u00e7\u00f5es sobre desvios de energia el\u00e9trica na regi\u00e3o. \u201cO desvio pode ser configurado como furto ou estelionato\u201d, evidenciou.<\/p>\n<div id=\"attachment_143469\" style=\"width: 606px\" class=\"wp-caption aligncenter\"><a href=\"https:\/\/senoticias.com.br\/se\/wp-content\/uploads\/2024\/07\/operacao-de-furto-de-Energia-se-noticias.jpg\"><img loading=\"lazy\" decoding=\"async\" aria-describedby=\"caption-attachment-143469\" class=\"size-full wp-image-143469\" src=\"https:\/\/senoticias.com.br\/se\/wp-content\/uploads\/2024\/07\/operacao-de-furto-de-Energia-se-noticias.jpg\" alt=\"\" width=\"596\" height=\"480\" srcset=\"https:\/\/senoticias.com.br\/se\/wp-content\/uploads\/2024\/07\/operacao-de-furto-de-Energia-se-noticias.jpg 596w, https:\/\/senoticias.com.br\/se\/wp-content\/uploads\/2024\/07\/operacao-de-furto-de-Energia-se-noticias-300x242.jpg 300w, https:\/\/senoticias.com.br\/se\/wp-content\/uploads\/2024\/07\/operacao-de-furto-de-Energia-se-noticias-45x35.jpg 45w\" sizes=\"(max-width: 596px) 100vw, 596px\" \/><\/a><p id=\"caption-attachment-143469\" class=\"wp-caption-text\">As equipes est\u00e3o em atua\u00e7\u00e3o na cidade para identificar irregularidades que interferem no fornecimento de energia na regi\u00e3o &#8211; Foto: SSP\/SE<\/p><\/div>\n<p>\u201cA pr\u00e1tica \u00e9 assemelhada a qualquer outro tipo de furto, e a nossa atua\u00e7\u00e3o nesta opera\u00e7\u00e3o \u00e9 apurar essa conduta e relatar todo o processo em inqu\u00e9rito policial para o encaminhamento ao Poder Judici\u00e1rio\u201d, acrescentou o delegado Rafael Brito, respons\u00e1vel pela unidade de investiga\u00e7\u00e3o de crimes contra servi\u00e7os p\u00fablicos.<\/p>\n<p>Segundo o perito criminal Charles Vargas, a atua\u00e7\u00e3o da Pol\u00edcia Cient\u00edfica visa atestar as irregularidades que configuram crimes contra o fornecimento de energia el\u00e9trica. \u201cComo qualquer crime que deixa vest\u00edgio, a per\u00edcia tem que ser acionada, e hoje estamos atuando na identifica\u00e7\u00e3o desses casos para materializar os fatos\u201d, reiterou.<\/p>\n<p>\u201cO que temos observado nesta opera\u00e7\u00e3o s\u00e3o liga\u00e7\u00f5es irregulares derivando diretamente para as unidades consumidoras sem a passagem pela devida medi\u00e7\u00e3o do consumo\u201d, acrescentou o perito criminal, que integra as equipes do Instituto de Criminal\u00edstica (IC), vinculado \u00e0 Pol\u00edcia Cient\u00edfica de Sergipe.<\/p>\n<p>Conforme Bernard Gouveia, coordenador de Combate \u00e0s Perdas da Energisa, a opera\u00e7\u00e3o faz parte da intensifica\u00e7\u00e3o de a\u00e7\u00f5es para o combate ao furto de energia el\u00e9trica em Sergipe. \u201cA a\u00e7\u00e3o visa constatar irregularidades, de forma que a gente realize as adequa\u00e7\u00f5es e a conformidade do fornecimento de energia el\u00e9trica\u201d, ressaltou.<br \/>\nRecupera\u00e7\u00e3o de energia<\/p>\n<p>Conforme levantamento feito pela Energisa, foram recuperadas 11,3 GWh de energia, o que seria suficiente para abastecer por um ano a cidade de Pirambu, cuja popula\u00e7\u00e3o \u00e9 composta por 7,9 mil habitantes, conforme o \u00faltimo censo demogr\u00e1fico do Instituto Brasileiro de Geografia e Estat\u00edstica (IBGE).<\/p>\n<p>Durante as a\u00e7\u00f5es de recupera\u00e7\u00e3o de energia realizadas neste ano, a Energisa e as pol\u00edcias Civil e Cient\u00edfica identificaram mais de 4.7 mil irregularidades em mais de 24 mil unidades inspecionadas. As irregularidades afetam diretamente a distribui\u00e7\u00e3o de energia el\u00e9trica para a popula\u00e7\u00e3o local.<\/p>\n<p><strong>Responsabiliza\u00e7\u00e3o penal<\/strong><\/p>\n<p>A Energisa e as pol\u00edcias Civil e Cient\u00edfica alertam que a pr\u00e1tica de furto de energia \u00e9 crime. Al\u00e9m de impactar a qualidade do fornecimento de energia &#8211; causando a queima de equipamentos, curto-circuito e falta de energia &#8211; o furto pode trazer riscos de choques el\u00e9tricos e acidentes fatais.<\/p>\n<p><strong>Den\u00fancias<\/strong><\/p>\n<p>A Energisa fiscaliza com frequ\u00eancia a rede el\u00e9trica para constatar irregularidades, mas as den\u00fancias tamb\u00e9m s\u00e3o fundamentais para combater os atos criminosos. Liga\u00e7\u00f5es clandestinas e fraudes nos medidores podem ser denunciadas de forma an\u00f4nima pelo telefone 0800 079 0196 ou pelo WhatsApp, site www.gisa.energisa.com.br e ainda pelo aplicativo Energisa On.<\/p>\n<p>A Pol\u00edcia Civil tamb\u00e9m recebe den\u00fancias relativas aos crimes contra os servi\u00e7os p\u00fablicos, a exemplo do fornecimento de energia el\u00e9trica. Para denunciar os casos, os cidad\u00e3os podem repassar informa\u00e7\u00f5es diretamente para o Disque-Den\u00fancia, da Pol\u00edcia Civil, por meio do telefone 181. O sigilo do denunciante \u00e9 garantido tanto pelos canais de den\u00fancia da concession\u00e1ria de energia el\u00e9trica, quanto da Pol\u00edcia Civil.<\/p>\n<p><strong><em>Acompanhe tamb\u00e9m o SE Not\u00edcias no\u00a0<a href=\"https:\/\/www.instagram.com\/senoticias\/\" target=\"_blank\" rel=\"noreferrer noopener\">Instagram<\/a><\/em><\/strong>,\u00a0<strong><em>\u00a0<a href=\"https:\/\/www.facebook.com\/senoticias1\" target=\"_blank\" rel=\"noreferrer noopener\">Facebook<\/a>\u00a0e\u00a0no<\/em>\u00a0<em><a href=\"https:\/\/twitter.com\/Senoticias\">X<\/a><\/em><\/strong><\/p>\n<p>Fonte: SSP\/SE<\/p>\n<p>&nbsp;<\/p>\n<p>&nbsp;<\/p>\n","protected":false},"excerpt":{"rendered":"<p>&nbsp; &nbsp; Para identificar poss\u00edveis casos de furto de energia el\u00e9trica, a Energisa e as pol\u00edcias Civil e Cient\u00edfica deflagraram uma opera\u00e7\u00e3o conjunta em Nossa Senhora do Socorro. A a\u00e7\u00e3o ocorreu de forma integrada entre equipes da concession\u00e1ria de energia e da seguran\u00e7a p\u00fablica na Regi\u00e3o Metropolitana da capital. O balan\u00e7o da opera\u00e7\u00e3o est\u00e1 sendo [&hellip;]<\/p>\n","protected":false},"author":6557,"featured_media":143469,"comment_status":"closed","ping_status":"closed","sticky":false,"template":"","format":"standard","meta":{"footnotes":""},"categories":[15,7,1],"tags":[42032,34832,2650],"class_list":{"0":"post-143468","1":"post","2":"type-post","3":"status-publish","4":"format-standard","5":"has-post-thumbnail","7":"category-destaques","8":"category-policia","9":"category-sem-categoria","10":"tag-combate-as-perdas-da-energisa","11":"tag-furto-de-energia","12":"tag-nossa-senhora-do-socorro"},"_links":{"self":[{"href":"https:\/\/senoticias.com.br\/se\/wp-json\/wp\/v2\/posts\/143468"}],"collection":[{"href":"https:\/\/senoticias.com.br\/se\/wp-json\/wp\/v2\/posts"}],"about":[{"href":"https:\/\/senoticias.com.br\/se\/wp-json\/wp\/v2\/types\/post"}],"author":[{"embeddable":true,"href":"https:\/\/senoticias.com.br\/se\/wp-json\/wp\/v2\/users\/6557"}],"replies":[{"embeddable":true,"href":"https:\/\/senoticias.com.br\/se\/wp-json\/wp\/v2\/comments?post=143468"}],"version-history":[{"count":0,"href":"https:\/\/senoticias.com.br\/se\/wp-json\/wp\/v2\/posts\/143468\/revisions"}],"wp:featuredmedia":[{"embeddable":true,"href":"https:\/\/senoticias.com.br\/se\/wp-json\/wp\/v2\/media\/143469"}],"wp:attachment":[{"href":"https:\/\/senoticias.com.br\/se\/wp-json\/wp\/v2\/media?parent=143468"}],"wp:term":[{"taxonomy":"category","embeddable":true,"href":"https:\/\/senoticias.com.br\/se\/wp-json\/wp\/v2\/categories?post=143468"},{"taxonomy":"post_tag","embeddable":true,"href":"https:\/\/senoticias.com.br\/se\/wp-json\/wp\/v2\/tags?post=143468"}],"curies":[{"name":"wp","href":"https:\/\/api.w.org\/{rel}","templated":true}]}}