{"id":143379,"date":"2024-07-25T10:01:24","date_gmt":"2024-07-25T13:01:24","guid":{"rendered":"https:\/\/senoticias.com.br\/se\/?p=143379"},"modified":"2024-07-25T15:47:43","modified_gmt":"2024-07-25T18:47:43","slug":"operacao-conjunta-prende-em-sergipe-foragido-de-alta-periculosidade-de-alagoas","status":"publish","type":"post","link":"https:\/\/senoticias.com.br\/se\/operacao-conjunta-prende-em-sergipe-foragido-de-alta-periculosidade-de-alagoas\/","title":{"rendered":"Opera\u00e7\u00e3o conjunta prende em Sergipe foragido de alta periculosidade de Alagoas"},"content":{"rendered":"<p>Em uma opera\u00e7\u00e3o conjunta realizada nessa quarta-feira, 24, as pol\u00edcias Civil e Militar prenderam um ex-presidi\u00e1rio que estava foragido de Alagoas. Contra ele, havia um mandado de pris\u00e3o definitiva pelo crime de homic\u00eddio, expedido pelo Judici\u00e1rio alagoano. A pris\u00e3o ocorreu na localidade de Saco Leit\u00e3o, na cidade de Capela.<\/p>\n<div id=\"attachment_143380\" style=\"width: 528px\" class=\"wp-caption aligncenter\"><a href=\"https:\/\/senoticias.com.br\/se\/wp-content\/uploads\/2024\/07\/pc-senoiticias.jpeg\"><img loading=\"lazy\" decoding=\"async\" aria-describedby=\"caption-attachment-143380\" class=\"size-full wp-image-143380\" src=\"https:\/\/senoticias.com.br\/se\/wp-content\/uploads\/2024\/07\/pc-senoiticias.jpeg\" alt=\"\" width=\"518\" height=\"378\" srcset=\"https:\/\/senoticias.com.br\/se\/wp-content\/uploads\/2024\/07\/pc-senoiticias.jpeg 518w, https:\/\/senoticias.com.br\/se\/wp-content\/uploads\/2024\/07\/pc-senoiticias-300x219.jpeg 300w, https:\/\/senoticias.com.br\/se\/wp-content\/uploads\/2024\/07\/pc-senoiticias-278x202.jpeg 278w\" sizes=\"(max-width: 518px) 100vw, 518px\" \/><\/a><p id=\"caption-attachment-143380\" class=\"wp-caption-text\">Pris\u00e3o ocorreu em Capela, em cumprimento \u00e0 decis\u00e3o judicial de pris\u00e3o definitiva &#8211; Foto: SSP?SE<\/p><\/div>\n<p>A opera\u00e7\u00e3o foi conduzida pelo Batalh\u00e3o de Pol\u00edcia de A\u00e7\u00f5es T\u00e1ticas do Interior (BPati), em conjunto com a Coordenadoria de Pol\u00edcia Civil do Interior (Copci) e a Delegacia Regional de Nossa Senhora das Dores.<\/p>\n<p>As for\u00e7as policiais estavam investigando o foragido h\u00e1 algum tempo, devido ao seu alto n\u00edvel de periculosidade e ao seu envolvimento em diversas atividades criminosas, incluindo tr\u00e1fico de drogas, porte ilegal de armas e uso de documentos falsos.<\/p>\n<p>Ao perceber a presen\u00e7a policial, o investigado tentou fugir, correndo para dentro de casa e subindo no telhado. No entanto, os policiais conseguiram cont\u00ea-lo e deram voz de pris\u00e3o ao suspeito.<\/p>\n<p>Durante a abordagem, foi encontrado com o investigado um documento de identidade falso em nome de outra pessoa, expedido pelo Instituto de Identifica\u00e7\u00e3o do Estado de Goi\u00e1s.<\/p>\n<p>Al\u00e9m disso, o suspeito tentou destruir seu aparelho celular ao perceber que seria capturado, provavelmente para evitar que informa\u00e7\u00f5es sobre a organiza\u00e7\u00e3o criminosa que liderava em Alagoas fossem descobertas pela pol\u00edcia.<\/p>\n<p>O delegado Wanderson Bastos, respons\u00e1vel pela Delegacia Regional de Nossa Senhora das Dores, destacou a import\u00e2ncia da opera\u00e7\u00e3o. &#8220;Essa pris\u00e3o representa um grande passo na luta contra o crime organizado na regi\u00e3o. O investigado era um alvo priorit\u00e1rio devido \u00e0 sua extensa ficha criminal e ao seu papel de lideran\u00e7a em atividades il\u00edcitas. A pris\u00e3o preventiva \u00e9 fundamental para garantir a seguran\u00e7a da comunidade e dar continuidade \u00e0s investiga\u00e7\u00f5es&#8221;, afirmou o delegado.<\/p>\n<p>O tenente Ferreira, comandante da unidade Carcar\u00e1 Opera\u00e7\u00f5es, do BPati, tamb\u00e9m comentou sobre a opera\u00e7\u00e3o. &#8220;A coordena\u00e7\u00e3o e a rapidez da opera\u00e7\u00e3o foram cruciais para o sucesso da captura. A colabora\u00e7\u00e3o entre as unidades policiais foi essencial para garantir que esse criminoso perigoso n\u00e3o continuasse a amea\u00e7ar nossa comunidade. Estamos comprometidos em manter a seguran\u00e7a e a ordem em Sergipe&#8221;, declarou o tenente Ferreira.<\/p>\n<p>O investigado foi conduzido \u00e0 Delegacia Regional de Nossa Senhora das Dores, onde tamb\u00e9m foi lavrado o auto de pris\u00e3o em flagrante pelo crime de uso de documento falso.<\/p>\n<p>A Pol\u00edcia Civil solicita que informa\u00e7\u00f5es e den\u00fancias sobre crimes e suspeitos de a\u00e7\u00f5es criminosas sejam repassadas \u00e0 pol\u00edcia por meio do Disque-Den\u00fancia no telefone 181. O sigilo do denunciante \u00e9 garantido.<\/p>\n<p><strong><em>Acompanhe tamb\u00e9m o SE Not\u00edcias no\u00a0<a href=\"https:\/\/www.instagram.com\/senoticias\/\" target=\"_blank\" rel=\"noreferrer noopener\">Instagram<\/a><\/em><\/strong>,\u00a0<strong><em>\u00a0<a href=\"https:\/\/www.facebook.com\/senoticias1\" target=\"_blank\" rel=\"noreferrer noopener\">Facebook<\/a>\u00a0e\u00a0no<\/em>\u00a0<em><a href=\"https:\/\/twitter.com\/Senoticias\">X<\/a><\/em><\/strong><\/p>\n<div>Fonte: SSP\/SE<\/div>\n","protected":false},"excerpt":{"rendered":"<p>Em uma opera\u00e7\u00e3o conjunta realizada nessa quarta-feira, 24, as pol\u00edcias Civil e Militar prenderam um ex-presidi\u00e1rio que estava foragido de Alagoas. Contra ele, havia um mandado de pris\u00e3o definitiva pelo crime de homic\u00eddio, expedido pelo Judici\u00e1rio alagoano. A pris\u00e3o ocorreu na localidade de Saco Leit\u00e3o, na cidade de Capela. A opera\u00e7\u00e3o foi conduzida pelo Batalh\u00e3o [&hellip;]<\/p>\n","protected":false},"author":6557,"featured_media":0,"comment_status":"closed","ping_status":"closed","sticky":false,"template":"","format":"standard","meta":{"footnotes":""},"categories":[15,7],"tags":[41998,7689,42003,3147],"class_list":{"0":"post-143379","1":"post","2":"type-post","3":"status-publish","4":"format-standard","6":"category-destaques","7":"category-policia","8":"tag-bpati","9":"tag-copci","10":"tag-foragido-de-alta-periculosidade","11":"tag-prisao"},"_links":{"self":[{"href":"https:\/\/senoticias.com.br\/se\/wp-json\/wp\/v2\/posts\/143379"}],"collection":[{"href":"https:\/\/senoticias.com.br\/se\/wp-json\/wp\/v2\/posts"}],"about":[{"href":"https:\/\/senoticias.com.br\/se\/wp-json\/wp\/v2\/types\/post"}],"author":[{"embeddable":true,"href":"https:\/\/senoticias.com.br\/se\/wp-json\/wp\/v2\/users\/6557"}],"replies":[{"embeddable":true,"href":"https:\/\/senoticias.com.br\/se\/wp-json\/wp\/v2\/comments?post=143379"}],"version-history":[{"count":0,"href":"https:\/\/senoticias.com.br\/se\/wp-json\/wp\/v2\/posts\/143379\/revisions"}],"wp:attachment":[{"href":"https:\/\/senoticias.com.br\/se\/wp-json\/wp\/v2\/media?parent=143379"}],"wp:term":[{"taxonomy":"category","embeddable":true,"href":"https:\/\/senoticias.com.br\/se\/wp-json\/wp\/v2\/categories?post=143379"},{"taxonomy":"post_tag","embeddable":true,"href":"https:\/\/senoticias.com.br\/se\/wp-json\/wp\/v2\/tags?post=143379"}],"curies":[{"name":"wp","href":"https:\/\/api.w.org\/{rel}","templated":true}]}}