{"id":143367,"date":"2024-07-24T17:34:40","date_gmt":"2024-07-24T20:34:40","guid":{"rendered":"https:\/\/senoticias.com.br\/se\/?p=143367"},"modified":"2024-07-24T20:14:53","modified_gmt":"2024-07-24T23:14:53","slug":"ministerio-publico-de-sergipe-entra-na-justica-para-pedir-suspensao-do-processo-licitatorio-do-transporte-publico-da-grande-aracaju","status":"publish","type":"post","link":"https:\/\/senoticias.com.br\/se\/ministerio-publico-de-sergipe-entra-na-justica-para-pedir-suspensao-do-processo-licitatorio-do-transporte-publico-da-grande-aracaju\/","title":{"rendered":"Minist\u00e9rio P\u00fablico de Sergipe entra na Justi\u00e7a para pedir suspens\u00e3o do processo licitat\u00f3rio do transporte p\u00fablico da Grande Aracaju"},"content":{"rendered":"<p>O Minist\u00e9rio P\u00fablico do Estado de Sergipe acionou a Justi\u00e7a com objetivo de suspender imediatamente o processo de licita\u00e7\u00e3o para o transporte p\u00fablico de Aracaju e regi\u00e3o metropolitana. A a\u00e7\u00e3o foi protocolada na \u00faltima ter\u00e7a-feira, 23, pede tamb\u00e9m a publica\u00e7\u00e3o de um nova licita\u00e7\u00e3o. O documento foi lan\u00e7ado no dia 20 de junho e prev\u00ea a contrata\u00e7\u00e3o de duas empresas para operar as frotas de \u00f4nibus nos munic\u00edpios de Aracaju, Barra dos Coqueiros, Nossa Senhora do Socorro e S\u00e3o Crist\u00f3v\u00e3o. A informa\u00e7\u00e3o \u00e9 do Portal Infonet.<\/p>\n<div id=\"attachment_143373\" style=\"width: 583px\" class=\"wp-caption aligncenter\"><a href=\"https:\/\/senoticias.com.br\/se\/wp-content\/uploads\/2024\/07\/Onibus-Grande-Aracaju-SE-Noticias.jpg\"><img loading=\"lazy\" decoding=\"async\" aria-describedby=\"caption-attachment-143373\" class=\"size-full wp-image-143373\" src=\"https:\/\/senoticias.com.br\/se\/wp-content\/uploads\/2024\/07\/Onibus-Grande-Aracaju-SE-Noticias.jpg\" alt=\"\" width=\"573\" height=\"299\" srcset=\"https:\/\/senoticias.com.br\/se\/wp-content\/uploads\/2024\/07\/Onibus-Grande-Aracaju-SE-Noticias.jpg 573w, https:\/\/senoticias.com.br\/se\/wp-content\/uploads\/2024\/07\/Onibus-Grande-Aracaju-SE-Noticias-300x157.jpg 300w\" sizes=\"(max-width: 573px) 100vw, 573px\" \/><\/a><p id=\"caption-attachment-143373\" class=\"wp-caption-text\">MPE pede suspens\u00e3o do processo licitat\u00f3rio do Transporte P\u00fablico da Grande Aracaju &#8211; Foto: SE Not\u00edcias<\/p><\/div>\n<p>O documento assinado pelo promotor Henrique Ribeiro Cardoso alega que h\u00e1 ilegalidades no processo, viola\u00e7\u00f5es de regras de direito financeiro, de responsabilidade fiscal, de direito administrativo, al\u00e9m de ind\u00edcios de direcionamento e de superfaturamento.<\/p>\n<p>Segundo o MP, caso haja avan\u00e7os, o procedimento licitat\u00f3rio pode resultar em contratos nulos e preju\u00edzos financeiros ao er\u00e1rio, al\u00e9m de comprometer a presta\u00e7\u00e3o de servi\u00e7os essenciais \u00e0 popula\u00e7\u00e3o.<\/p>\n<p>\u201cA continuidade do processo licitat\u00f3rio sem a devida corre\u00e7\u00e3o das ilegalidades pode levar \u00e0 contrata\u00e7\u00e3o de empresas em condi\u00e7\u00f5es irregulares, gerando danos irrepar\u00e1veis ou de dif\u00edcil repara\u00e7\u00e3o. A urg\u00eancia na suspens\u00e3o do processo \u00e9 necess\u00e1ria para evitar que recursos p\u00fablicos sejam indevidamente comprometidos em contratos possivelmente superfaturados ou direcionados\u201d.<\/p>\n<p><strong><em>Acompanhe tamb\u00e9m o SE Not\u00edcias no\u00a0<a href=\"https:\/\/www.instagram.com\/senoticias\/\" target=\"_blank\" rel=\"noreferrer noopener\">Instagram<\/a><\/em><\/strong>,\u00a0<strong><em>\u00a0<a href=\"https:\/\/www.facebook.com\/senoticias1\" target=\"_blank\" rel=\"noreferrer noopener\">Facebook<\/a>\u00a0e\u00a0no<\/em>\u00a0<em><a href=\"https:\/\/twitter.com\/Senoticias\">X<\/a><\/em><\/strong><\/p>\n<p>&nbsp;<\/p>\n<p>&nbsp;<\/p>\n<p>&nbsp;<\/p>\n<p>&nbsp;<\/p>\n","protected":false},"excerpt":{"rendered":"<p>O Minist\u00e9rio P\u00fablico do Estado de Sergipe acionou a Justi\u00e7a com objetivo de suspender imediatamente o processo de licita\u00e7\u00e3o para o transporte p\u00fablico de Aracaju e regi\u00e3o metropolitana. A a\u00e7\u00e3o foi protocolada na \u00faltima ter\u00e7a-feira, 23, pede tamb\u00e9m a publica\u00e7\u00e3o de um nova licita\u00e7\u00e3o. O documento foi lan\u00e7ado no dia 20 de junho e prev\u00ea [&hellip;]<\/p>\n","protected":false},"author":6557,"featured_media":143373,"comment_status":"closed","ping_status":"closed","sticky":false,"template":"","format":"standard","meta":{"footnotes":""},"categories":[15,6,1],"tags":[39636,2911,2910,3704],"class_list":{"0":"post-143367","1":"post","2":"type-post","3":"status-publish","4":"format-standard","5":"has-post-thumbnail","7":"category-destaques","8":"category-politica","9":"category-sem-categoria","10":"tag-caos-no-transporte-publico","11":"tag-ministerio-publico-de-sergipe","12":"tag-mpe","13":"tag-transporte-publico"},"_links":{"self":[{"href":"https:\/\/senoticias.com.br\/se\/wp-json\/wp\/v2\/posts\/143367"}],"collection":[{"href":"https:\/\/senoticias.com.br\/se\/wp-json\/wp\/v2\/posts"}],"about":[{"href":"https:\/\/senoticias.com.br\/se\/wp-json\/wp\/v2\/types\/post"}],"author":[{"embeddable":true,"href":"https:\/\/senoticias.com.br\/se\/wp-json\/wp\/v2\/users\/6557"}],"replies":[{"embeddable":true,"href":"https:\/\/senoticias.com.br\/se\/wp-json\/wp\/v2\/comments?post=143367"}],"version-history":[{"count":0,"href":"https:\/\/senoticias.com.br\/se\/wp-json\/wp\/v2\/posts\/143367\/revisions"}],"wp:featuredmedia":[{"embeddable":true,"href":"https:\/\/senoticias.com.br\/se\/wp-json\/wp\/v2\/media\/143373"}],"wp:attachment":[{"href":"https:\/\/senoticias.com.br\/se\/wp-json\/wp\/v2\/media?parent=143367"}],"wp:term":[{"taxonomy":"category","embeddable":true,"href":"https:\/\/senoticias.com.br\/se\/wp-json\/wp\/v2\/categories?post=143367"},{"taxonomy":"post_tag","embeddable":true,"href":"https:\/\/senoticias.com.br\/se\/wp-json\/wp\/v2\/tags?post=143367"}],"curies":[{"name":"wp","href":"https:\/\/api.w.org\/{rel}","templated":true}]}}