{"id":143365,"date":"2024-07-24T15:17:20","date_gmt":"2024-07-24T18:17:20","guid":{"rendered":"https:\/\/senoticias.com.br\/se\/?p=143365"},"modified":"2024-07-24T15:17:20","modified_gmt":"2024-07-24T18:17:20","slug":"convencao-que-homologara-julio-de-marcos-santana-e-gedalva-umbauba-para-prefeito-e-vice-acontece-neste-sabado-em-sao-cristovao","status":"publish","type":"post","link":"https:\/\/senoticias.com.br\/se\/convencao-que-homologara-julio-de-marcos-santana-e-gedalva-umbauba-para-prefeito-e-vice-acontece-neste-sabado-em-sao-cristovao\/","title":{"rendered":"Conven\u00e7\u00e3o que homologar\u00e1 J\u00falio de Marcos Santana e Gedalva Umbaub\u00e1 para prefeito e vice acontece neste s\u00e1bado em S\u00e3o Crist\u00f3v\u00e3o"},"content":{"rendered":"<p>&nbsp;<\/p>\n<p>&nbsp;<\/p>\n<p>&nbsp;<\/p>\n<p>Os partidos Uni\u00e3o Brasil, Federa\u00e7\u00e3o, Mobiliza, Podemos e Solidariedade, que caminhar\u00e3o juntos nas elei\u00e7\u00f5es municipais deste ano, em S\u00e3o Crist\u00f3v\u00e3o, realizam conven\u00e7\u00e3o no pr\u00f3xima s\u00e1bado, 27. O engenheiro civil e ex-secret\u00e1rio de Infraestrutura J\u00falio J\u00fanior (J\u00falio de Marcos Santana), do Uni\u00e3o Brasil \u00e9 o pr\u00e9-candidato a prefeito da chapa, com a professora e ex-vereadora Gedalva Umbaub\u00e1, do PT, como vice. O evento acontecer\u00e1 a partir das 15 horas, no Col\u00e9gio Estadual Armindo Guaran\u00e1, na rua Jos\u00e9 Conrado de Ara\u00fajo, 129 &#8211; Bairro Rosa Elze.<\/p>\n<p>A coliga\u00e7\u00e3o, formada pelos partidos Uni\u00e3o Brasil, Federa\u00e7\u00e3o (PT, PV e PC do B), Mobiliza, Podemos e Solidariedade, tamb\u00e9m apresentar\u00e1 92 candidatos para a disputa proporcional, prometendo agitar ainda mais o cen\u00e1rio pol\u00edtico de S\u00e3o Crist\u00f3v\u00e3o.<\/p>\n<div id=\"attachment_143366\" style=\"width: 609px\" class=\"wp-caption aligncenter\"><a href=\"https:\/\/senoticias.com.br\/se\/wp-content\/uploads\/2024\/07\/Convencao-Julio-e-Gedalva-SE-Noticias.jpg\"><img loading=\"lazy\" decoding=\"async\" aria-describedby=\"caption-attachment-143366\" class=\"size-full wp-image-143366\" src=\"https:\/\/senoticias.com.br\/se\/wp-content\/uploads\/2024\/07\/Convencao-Julio-e-Gedalva-SE-Noticias.jpg\" alt=\"\" width=\"599\" height=\"335\" srcset=\"https:\/\/senoticias.com.br\/se\/wp-content\/uploads\/2024\/07\/Convencao-Julio-e-Gedalva-SE-Noticias.jpg 599w, https:\/\/senoticias.com.br\/se\/wp-content\/uploads\/2024\/07\/Convencao-Julio-e-Gedalva-SE-Noticias-300x168.jpg 300w\" sizes=\"(max-width: 599px) 100vw, 599px\" \/><\/a><p id=\"caption-attachment-143366\" class=\"wp-caption-text\">Uni\u00e3o Brasil, Federa\u00e7\u00e3o, Mobiliza, Podemos e Solidariedade, de S\u00e3o Crist\u00f3v\u00e3o, realizam conven\u00e7\u00e3o s\u00e1bado &#8211; Foto: ascom\/divulga\u00e7\u00e3o<\/p><\/div>\n<p>A expectativa \u00e9 grande em toda a cidade, com a presen\u00e7a confirmada de importantes lideran\u00e7as pol\u00edticas estaduais, incluindo senador e deputados, al\u00e9m de influentes figuras regionais e municipais.<\/p>\n<p>J\u00falio Nascimento J\u00fanior nasceu no dia 28 de setembro de 1976, \u00e9 engenheiro civil formado pela UFS, e filho de um uma baiana com um sergipano. \u00c9 solteiro e tem dois filhos. O pai dele estudou na Escola Agrot\u00e9cnica de S\u00e3o Crist\u00f3v\u00e3o &#8211; hoje IFS. Ele nunca disputou mandato eletivo. Ex-secret\u00e1rio de Infraestrutura do munic\u00edpio de S\u00e3o Crist\u00f3v\u00e3o, \u00e9 o respons\u00e1vel pelas transforma\u00e7\u00f5es urban\u00edsticas que o munic\u00edpio vem ganhando nos \u00faltimos anos.<\/p>\n<p>Maria Gedalva dos Santos Sobral Rosa, mais conhecida como Gedalva Umbaub\u00e1, \u00e9 casada, tem 61 anos e dois filhos. Em 2012, foi eleita vereadora de S\u00e3o Crist\u00f3v\u00e3o, e em 2022 foi a candidata a deputada federal mais votada do munic\u00edpio, obtendo uma expressiva vota\u00e7\u00e3o: 7.514 votos, equivalente a 17,68% dos votos v\u00e1lidos.<\/p>\n<p>\u201cEstamos vivendo um momento importante dentro dos protocolos eleitorais, n\u00e3o s\u00f3 pelo cumprimento da legisla\u00e7\u00e3o, mas pela celebra\u00e7\u00e3o da democracia\u201d, afirma o pr\u00e9-candidato a prefeito, J\u00falio de Marcos Santana. \u201cTemos uma proposta de trabalho amparada na valoriza\u00e7\u00e3o do cidad\u00e3o sob o aspecto do cuidado e da aten\u00e7\u00e3o com as pessoas, o que passa por uma gest\u00e3o mais humana e comprometida com prioridades na educa\u00e7\u00e3o, na sa\u00fade, na infraestrutura, no esporte, e na gera\u00e7\u00e3o de emprego\u201d, acrescenta.<\/p>\n<p>O deputado estadual Paulo J\u00fanior comenta sobre a import\u00e2ncia da continuidade do crescimento da cidade.<\/p>\n<p>\u201cLuto diariamente, na Assembleia Legislativa, por melhorias para nossa cidade. Venho do grupo de Marcos Santana, que tem respeito pelos recursos p\u00fablicos e que fez muito por S\u00e3o Crist\u00f3v\u00e3o. J\u00falio \u00e9 o nome escolhido pelo grupo para dar continuidade ao crescimento da cidade. Ele conhece a cidade, todas as obras t\u00eam a digital dele. Este \u00e9 o primeiro ato dessa caminhada e ningu\u00e9m solta a m\u00e3o de ningu\u00e9m\u201d, declarou.<\/p>\n<p>Para o prefeito Marcos Santana, \u201co nome do engenheiro J\u00falio representa uma garantia da continuidade dos expressivos avan\u00e7os conquistados ao longo dos \u00faltimos anos em S\u00e3o Crist\u00f3v\u00e3o, tendo em vista a sua qualifica\u00e7\u00e3o t\u00e9cnica, experi\u00eancia profissional e compromisso com o desenvolvimento do munic\u00edpio\u201d, concluiu.<\/p>\n<p><strong><em>Acompanhe tamb\u00e9m o SE Not\u00edcias no\u00a0<a href=\"https:\/\/www.instagram.com\/senoticias\/\" target=\"_blank\" rel=\"noreferrer noopener\">Instagram<\/a><\/em><\/strong>,\u00a0<strong><em>\u00a0<a href=\"https:\/\/www.facebook.com\/senoticias1\" target=\"_blank\" rel=\"noreferrer noopener\">Facebook<\/a>\u00a0e\u00a0no<\/em>\u00a0<em><a href=\"https:\/\/twitter.com\/Senoticias\">X<\/a><\/em><\/strong><\/p>\n<p><em><strong>Reda\u00e7\u00e3o SE Not\u00edcias<\/strong><\/em><\/p>\n<p>&nbsp;<\/p>\n<p>&nbsp;<\/p>\n","protected":false},"excerpt":{"rendered":"<p>&nbsp; &nbsp; &nbsp; Os partidos Uni\u00e3o Brasil, Federa\u00e7\u00e3o, Mobiliza, Podemos e Solidariedade, que caminhar\u00e3o juntos nas elei\u00e7\u00f5es municipais deste ano, em S\u00e3o Crist\u00f3v\u00e3o, realizam conven\u00e7\u00e3o no pr\u00f3xima s\u00e1bado, 27. O engenheiro civil e ex-secret\u00e1rio de Infraestrutura J\u00falio J\u00fanior (J\u00falio de Marcos Santana), do Uni\u00e3o Brasil \u00e9 o pr\u00e9-candidato a prefeito da chapa, com a professora [&hellip;]<\/p>\n","protected":false},"author":6557,"featured_media":143366,"comment_status":"closed","ping_status":"closed","sticky":false,"template":"","format":"standard","meta":{"footnotes":""},"categories":[15,38],"tags":[15536,38426,741,41993,81],"class_list":{"0":"post-143365","1":"post","2":"type-post","3":"status-publish","4":"format-standard","5":"has-post-thumbnail","7":"category-destaques","8":"category-municipios","9":"tag-convencao","10":"tag-eleicoes-2024","11":"tag-gedalva-umbauba","12":"tag-julio-de-marcos-santana","13":"tag-prefeitura-de-sao-cristovao"},"_links":{"self":[{"href":"https:\/\/senoticias.com.br\/se\/wp-json\/wp\/v2\/posts\/143365"}],"collection":[{"href":"https:\/\/senoticias.com.br\/se\/wp-json\/wp\/v2\/posts"}],"about":[{"href":"https:\/\/senoticias.com.br\/se\/wp-json\/wp\/v2\/types\/post"}],"author":[{"embeddable":true,"href":"https:\/\/senoticias.com.br\/se\/wp-json\/wp\/v2\/users\/6557"}],"replies":[{"embeddable":true,"href":"https:\/\/senoticias.com.br\/se\/wp-json\/wp\/v2\/comments?post=143365"}],"version-history":[{"count":0,"href":"https:\/\/senoticias.com.br\/se\/wp-json\/wp\/v2\/posts\/143365\/revisions"}],"wp:featuredmedia":[{"embeddable":true,"href":"https:\/\/senoticias.com.br\/se\/wp-json\/wp\/v2\/media\/143366"}],"wp:attachment":[{"href":"https:\/\/senoticias.com.br\/se\/wp-json\/wp\/v2\/media?parent=143365"}],"wp:term":[{"taxonomy":"category","embeddable":true,"href":"https:\/\/senoticias.com.br\/se\/wp-json\/wp\/v2\/categories?post=143365"},{"taxonomy":"post_tag","embeddable":true,"href":"https:\/\/senoticias.com.br\/se\/wp-json\/wp\/v2\/tags?post=143365"}],"curies":[{"name":"wp","href":"https:\/\/api.w.org\/{rel}","templated":true}]}}