{"id":143339,"date":"2024-07-23T10:07:33","date_gmt":"2024-07-23T13:07:33","guid":{"rendered":"https:\/\/senoticias.com.br\/se\/?p=143339"},"modified":"2024-07-23T11:21:34","modified_gmt":"2024-07-23T14:21:34","slug":"videomonitoramento-do-ciosp-leva-policia-militar-a-prender-tres-suspeitos-de-roubo-no-centro-de-aracaju","status":"publish","type":"post","link":"https:\/\/senoticias.com.br\/se\/videomonitoramento-do-ciosp-leva-policia-militar-a-prender-tres-suspeitos-de-roubo-no-centro-de-aracaju\/","title":{"rendered":"Videomonitoramento do Ciosp leva Pol\u00edcia Militar a prender tr\u00eas suspeitos de roubo no Centro de Aracaju"},"content":{"rendered":"<p>Com o videomonitoramento do Centro Integrado de Opera\u00e7\u00f5es em Seguran\u00e7a P\u00fablica (Ciosp), a Pol\u00edcia Militar prendeu em flagrante dois homens e uma mulher por roubo no Centro de Aracaju. O caso ocorreu no \u00faltimo dia 18 e foi divulgado nesta ter\u00e7a-feira, 23.<\/p>\n<div id=\"attachment_143340\" style=\"width: 566px\" class=\"wp-caption aligncenter\"><a href=\"https:\/\/senoticias.com.br\/se\/wp-content\/uploads\/2024\/07\/ciosp-senpticias-e1721740031423.jpg\"><img loading=\"lazy\" decoding=\"async\" aria-describedby=\"caption-attachment-143340\" class=\"size-full wp-image-143340\" src=\"https:\/\/senoticias.com.br\/se\/wp-content\/uploads\/2024\/07\/ciosp-senpticias-e1721740031423.jpg\" alt=\"\" width=\"556\" height=\"287\" \/><\/a><p id=\"caption-attachment-143340\" class=\"wp-caption-text\">O caso ocorreu na avenida Carlos Firpo &#8211; Foto: ascom\/PM\/SE<\/p><\/div>\n<p>De acordo com as informa\u00e7\u00f5es policiais, os operadores do Ciosp identificaram, em tempo real, o momento em que tr\u00eas pessoas abordaram a v\u00edtima na avenida Carlos Firpo.<\/p>\n<p>Ap\u00f3s a investida criminosa, que foi violenta, os suspeitos ainda trocaram de roupa na tentativa de fugir de uma abordagem policial.<\/p>\n<p>Diante do crime, os operadores do Ciosp acionaram as equipes da 6\u00aa Companhia Independente de Pol\u00edcia Militar (6\u00aa CIPM) e do Batalh\u00e3o de Radiopatrulha (BPRp) que estavam mais pr\u00f3ximas do local da ocorr\u00eancia.<\/p>\n<p>Os policiais militares abordaram os tr\u00eas suspeitos Com a mulher, foi encontrado o celular da v\u00edtima. Tamb\u00e9m foi apreendida uma faca do tipo peixeira, que estava com um dos homens.<\/p>\n<p>Com o flagrante, os suspeitos foram encaminhados \u00e0 delegacia, onde o caso foi registrado.<\/p>\n<p dir=\"ltr\"><strong><em>Acompanhe tamb\u00e9m o SE Not\u00edcias no\u00a0<a href=\"https:\/\/www.instagram.com\/senoticias\/\" target=\"_blank\" rel=\"noreferrer noopener\">Instagram<\/a><\/em><\/strong>,\u00a0<strong><em>\u00a0<a href=\"https:\/\/www.facebook.com\/senoticias1\" target=\"_blank\" rel=\"noreferrer noopener\">Facebook<\/a>\u00a0e\u00a0no<\/em>\u00a0<em><a href=\"https:\/\/twitter.com\/Senoticias\">X<\/a><\/em><\/strong><\/p>\n<p dir=\"ltr\">Fonte: SSP\/SE<\/p>\n","protected":false},"excerpt":{"rendered":"<p>Com o videomonitoramento do Centro Integrado de Opera\u00e7\u00f5es em Seguran\u00e7a P\u00fablica (Ciosp), a Pol\u00edcia Militar prendeu em flagrante dois homens e uma mulher por roubo no Centro de Aracaju. O caso ocorreu no \u00faltimo dia 18 e foi divulgado nesta ter\u00e7a-feira, 23. De acordo com as informa\u00e7\u00f5es policiais, os operadores do Ciosp identificaram, em tempo [&hellip;]<\/p>\n","protected":false},"author":6557,"featured_media":0,"comment_status":"closed","ping_status":"closed","sticky":false,"template":"","format":"standard","meta":{"footnotes":""},"categories":[15,7],"tags":[8185,86,41981,36781],"class_list":{"0":"post-143339","1":"post","2":"type-post","3":"status-publish","4":"format-standard","6":"category-destaques","7":"category-policia","8":"tag-ciosp","9":"tag-policia-militar","10":"tag-roubo-no-centro-de-aracaju","11":"tag-videomonitoramento"},"_links":{"self":[{"href":"https:\/\/senoticias.com.br\/se\/wp-json\/wp\/v2\/posts\/143339"}],"collection":[{"href":"https:\/\/senoticias.com.br\/se\/wp-json\/wp\/v2\/posts"}],"about":[{"href":"https:\/\/senoticias.com.br\/se\/wp-json\/wp\/v2\/types\/post"}],"author":[{"embeddable":true,"href":"https:\/\/senoticias.com.br\/se\/wp-json\/wp\/v2\/users\/6557"}],"replies":[{"embeddable":true,"href":"https:\/\/senoticias.com.br\/se\/wp-json\/wp\/v2\/comments?post=143339"}],"version-history":[{"count":0,"href":"https:\/\/senoticias.com.br\/se\/wp-json\/wp\/v2\/posts\/143339\/revisions"}],"wp:attachment":[{"href":"https:\/\/senoticias.com.br\/se\/wp-json\/wp\/v2\/media?parent=143339"}],"wp:term":[{"taxonomy":"category","embeddable":true,"href":"https:\/\/senoticias.com.br\/se\/wp-json\/wp\/v2\/categories?post=143339"},{"taxonomy":"post_tag","embeddable":true,"href":"https:\/\/senoticias.com.br\/se\/wp-json\/wp\/v2\/tags?post=143339"}],"curies":[{"name":"wp","href":"https:\/\/api.w.org\/{rel}","templated":true}]}}