{"id":143334,"date":"2024-07-23T06:36:55","date_gmt":"2024-07-23T09:36:55","guid":{"rendered":"https:\/\/senoticias.com.br\/se\/?p=143334"},"modified":"2024-07-23T06:36:55","modified_gmt":"2024-07-23T09:36:55","slug":"supremo-tribunal-federal-decide-que-so-a-policia-pode-chefiar-inqueritos","status":"publish","type":"post","link":"https:\/\/senoticias.com.br\/se\/supremo-tribunal-federal-decide-que-so-a-policia-pode-chefiar-inqueritos\/","title":{"rendered":"Supremo Tribunal Federal  decide que s\u00f3 a pol\u00edcia pode chefiar inqu\u00e9ritos"},"content":{"rendered":"<p>&nbsp;<\/p>\n<p>&nbsp;<\/p>\n<p>O Supremo Tribunal Federal (STF) declarou inconstitucionais as express\u00f5es \u201csum\u00e1rio\u201d e \u201cdesburocratizado\u201d constantes de uma resolu\u00e7\u00e3o do Conselho Nacional do Minist\u00e9rio P\u00fablico (CNMP) que trata da instaura\u00e7\u00e3o e da tramita\u00e7\u00e3o de procedimentos de investiga\u00e7\u00e3o criminal conduzidos pelo MP. <strong>O Plen\u00e1rio tamb\u00e9m reafirmou o poder do Minist\u00e9rio P\u00fablico de investigar crimes por conta pr\u00f3pria, mas ressalvou que somente a pol\u00edcia pode chefiar inqu\u00e9ritos.<\/strong><\/p>\n<div id=\"attachment_143069\" style=\"width: 566px\" class=\"wp-caption aligncenter\"><a href=\"https:\/\/senoticias.com.br\/se\/wp-content\/uploads\/2024\/06\/STF-sessao-se-noticias.jpg\"><img loading=\"lazy\" decoding=\"async\" aria-describedby=\"caption-attachment-143069\" class=\"size-full wp-image-143069\" src=\"https:\/\/senoticias.com.br\/se\/wp-content\/uploads\/2024\/06\/STF-sessao-se-noticias.jpg\" alt=\"\" width=\"556\" height=\"427\" srcset=\"https:\/\/senoticias.com.br\/se\/wp-content\/uploads\/2024\/06\/STF-sessao-se-noticias.jpg 556w, https:\/\/senoticias.com.br\/se\/wp-content\/uploads\/2024\/06\/STF-sessao-se-noticias-300x230.jpg 300w, https:\/\/senoticias.com.br\/se\/wp-content\/uploads\/2024\/06\/STF-sessao-se-noticias-45x35.jpg 45w\" sizes=\"(max-width: 556px) 100vw, 556px\" \/><\/a><p id=\"caption-attachment-143069\" class=\"wp-caption-text\"><br \/>STF invalida regra do CNMP sobre procedimento \u201csum\u00e1rio\u201d para investiga\u00e7\u00f5es criminais &#8211; Foto: arquivo\/STF<\/p><\/div>\n<p>A decis\u00e3o un\u00e2nime foi tomada na sess\u00e3o virtual encerrada em 28\/6, no julgamento da A\u00e7\u00e3o Direta de Inconstitucionalidade (ADI) 5793, proposta pelo Conselho Federal da Ordem dos Advogados do Brasil (OAB). O Plen\u00e1rio seguiu o voto do relator, ministro Cristiano Zanin.<\/p>\n<p>Em seu voto, o relator lembrou que, de acordo com a jurisprud\u00eancia do STF, a pol\u00edcia n\u00e3o tem o monop\u00f3lio das tarefas investigativas, e o Minist\u00e9rio P\u00fablico pode promover, por autoridade pr\u00f3pria, investiga\u00e7\u00f5es de natureza penal. Al\u00e9m disso, a atividade de apura\u00e7\u00e3o do MP se submete aos mesmos limites legais aplicados ao inqu\u00e9rito policial, inclusive com controle judicial. \u201cAs pessoas sob investiga\u00e7\u00e3o do Minist\u00e9rio P\u00fablico devem poder exercer o leque de direitos e garantias conferidos a qualquer cidad\u00e3o sob investiga\u00e7\u00e3o estatal\u201d, destacou.<\/p>\n<p>Para Zanin, contudo, a norma do CNMP n\u00e3o se preocupou com essas exig\u00eancias e se afastou do objetivo de proteger o cidad\u00e3o. A seu ver, os termos \u201csum\u00e1rio e desburocratizado\u201d trazem previs\u00e3o \u201cvaga, imprecisa e indeterminada\u201d, incompat\u00edvel com a natureza das regras sobre direitos fundamentais. A seu ver, o Conselho tamb\u00e9m ultrapassou os limites de seu poder regulamentar ao expedir normas processuais de car\u00e1ter geral e abstrato em mat\u00e9ria cuja disciplina \u00e9 de compet\u00eancia da Uni\u00e3o.<\/p>\n<p>Em rela\u00e7\u00e3o a dispositivo da resolu\u00e7\u00e3o que confere ao MP o poder de requisitar a instaura\u00e7\u00e3o de inqu\u00e9rito policial e a realiza\u00e7\u00e3o de dilig\u00eancias para apurar fatos, o ministro fixou interpreta\u00e7\u00e3o de que essa atribui\u00e7\u00e3o n\u00e3o autoriza a institui\u00e7\u00e3o a assumir a presid\u00eancia do inqu\u00e9rito, que \u00e9 uma atribui\u00e7\u00e3o privativa da pol\u00edcia.<\/p>\n<p>Por fim, o relator refor\u00e7ou, em seu voto, a aplica\u00e7\u00e3o das teses e dos par\u00e2metros fixados pelo Plen\u00e1rio em rela\u00e7\u00e3o \u00e0 mat\u00e9ria no julgamento das ADIs 2943, 3309 e 3318 e na modula\u00e7\u00e3o de efeitos fixada naquela decis\u00e3o.<\/p>\n<p><strong><em>Acompanhe tamb\u00e9m o SE Not\u00edcias no\u00a0<a href=\"https:\/\/www.instagram.com\/senoticias\/\" target=\"_blank\" rel=\"noreferrer noopener\">Instagram<\/a><\/em><\/strong>,\u00a0<strong><em>\u00a0<a href=\"https:\/\/www.facebook.com\/senoticias1\" target=\"_blank\" rel=\"noreferrer noopener\">Facebook<\/a>\u00a0e\u00a0no<\/em>\u00a0<em><a href=\"https:\/\/twitter.com\/Senoticias\">X<\/a><\/em><\/strong><\/p>\n<p>Por ascom\/STF<\/p>\n","protected":false},"excerpt":{"rendered":"<p>&nbsp; &nbsp; O Supremo Tribunal Federal (STF) declarou inconstitucionais as express\u00f5es \u201csum\u00e1rio\u201d e \u201cdesburocratizado\u201d constantes de uma resolu\u00e7\u00e3o do Conselho Nacional do Minist\u00e9rio P\u00fablico (CNMP) que trata da instaura\u00e7\u00e3o e da tramita\u00e7\u00e3o de procedimentos de investiga\u00e7\u00e3o criminal conduzidos pelo MP. O Plen\u00e1rio tamb\u00e9m reafirmou o poder do Minist\u00e9rio P\u00fablico de investigar crimes por conta pr\u00f3pria, [&hellip;]<\/p>\n","protected":false},"author":6557,"featured_media":143069,"comment_status":"closed","ping_status":"closed","sticky":false,"template":"","format":"standard","meta":{"footnotes":""},"categories":[15,7],"tags":[41977,836,5785],"class_list":{"0":"post-143334","1":"post","2":"type-post","3":"status-publish","4":"format-standard","5":"has-post-thumbnail","7":"category-destaques","8":"category-policia","9":"tag-investigacoes-criminais","10":"tag-stf","11":"tag-supremo-tribunal-federal"},"_links":{"self":[{"href":"https:\/\/senoticias.com.br\/se\/wp-json\/wp\/v2\/posts\/143334"}],"collection":[{"href":"https:\/\/senoticias.com.br\/se\/wp-json\/wp\/v2\/posts"}],"about":[{"href":"https:\/\/senoticias.com.br\/se\/wp-json\/wp\/v2\/types\/post"}],"author":[{"embeddable":true,"href":"https:\/\/senoticias.com.br\/se\/wp-json\/wp\/v2\/users\/6557"}],"replies":[{"embeddable":true,"href":"https:\/\/senoticias.com.br\/se\/wp-json\/wp\/v2\/comments?post=143334"}],"version-history":[{"count":0,"href":"https:\/\/senoticias.com.br\/se\/wp-json\/wp\/v2\/posts\/143334\/revisions"}],"wp:featuredmedia":[{"embeddable":true,"href":"https:\/\/senoticias.com.br\/se\/wp-json\/wp\/v2\/media\/143069"}],"wp:attachment":[{"href":"https:\/\/senoticias.com.br\/se\/wp-json\/wp\/v2\/media?parent=143334"}],"wp:term":[{"taxonomy":"category","embeddable":true,"href":"https:\/\/senoticias.com.br\/se\/wp-json\/wp\/v2\/categories?post=143334"},{"taxonomy":"post_tag","embeddable":true,"href":"https:\/\/senoticias.com.br\/se\/wp-json\/wp\/v2\/tags?post=143334"}],"curies":[{"name":"wp","href":"https:\/\/api.w.org\/{rel}","templated":true}]}}