{"id":143317,"date":"2024-07-22T12:57:38","date_gmt":"2024-07-22T15:57:38","guid":{"rendered":"https:\/\/senoticias.com.br\/se\/?p=143317"},"modified":"2024-07-22T12:57:38","modified_gmt":"2024-07-22T15:57:38","slug":"forum-todos-juntos-contra-o-cancer-norte-e-nordeste-com-a-monja-coen-comeca-nesta-quarta-feira-em-aracaju","status":"publish","type":"post","link":"https:\/\/senoticias.com.br\/se\/forum-todos-juntos-contra-o-cancer-norte-e-nordeste-com-a-monja-coen-comeca-nesta-quarta-feira-em-aracaju\/","title":{"rendered":"F\u00f3rum Todos Juntos Contra o C\u00e2ncer Norte e Nordeste\u2019 com a Monja Coen come\u00e7a nesta quarta-feira em Aracaju"},"content":{"rendered":"<p>Come\u00e7a nesta quarta-feira, 24 de julho, a 6\u00aa edi\u00e7\u00e3o do \u2018F\u00f3rum Todos Juntos Contra o C\u00e2ncer Norte e Nordeste\u2019 no Delmar Hotel em Aracaju com a proposta de reunir profissionais envolvidos com a causa de todo o pa\u00eds. Entre as presen\u00e7as confirmadas est\u00e1 a escritora e palestrante Monja Coen. Garanta agora mesmo a sua presen\u00e7a no f\u00f3rum e fa\u00e7a a inscri\u00e7\u00e3o no site <a href=\"https:\/\/forum.tjcc.com.br\/\">https:\/\/forum.tjcc.com.br\/<\/a><\/p>\n<p><a href=\"https:\/\/senoticias.com.br\/se\/wp-content\/uploads\/2024\/07\/0bbe068c-74d1-49a1-8f1b-9744bd00eb3a-e1721663801832.jpeg\"><img loading=\"lazy\" decoding=\"async\" class=\"alignnone size-full wp-image-143318\" src=\"https:\/\/senoticias.com.br\/se\/wp-content\/uploads\/2024\/07\/0bbe068c-74d1-49a1-8f1b-9744bd00eb3a-e1721663801832.jpeg\" alt=\"\" width=\"559\" height=\"413\" \/><\/a><\/p>\n<p>O evento \u00e9 realizado pela Associa\u00e7\u00e3o Brasileira de Linfoma e Leucemia (Abrale) e Grupo de Apoio a Crian\u00e7as com C\u00e2ncer de Sergipe (GACC Sergipe) com o objetivo de debater pol\u00edticas p\u00fablicas voltadas ao c\u00e2ncer e discutir temas relevantes, especialistas renomados do Brasil v\u00e3o compartilhar experi\u00eancias com o p\u00fablico.<\/p>\n<p>Entre os palestrantes est\u00e3o: Ulla Ribeiro, Fred Gomes, Gabriel Pereira, Hortencia Batista, Jos\u00e9 de Barros, Noelia Andrade, Renata Couto, Isadora Gama Brito, Andr\u00e9 Torres, Benevides Silva, Paula Saab, Priscila Andrade, Danilo Silva, Nina Melo, Jo\u00e3o Saraiva, Vanessa Melo, Fernando Barroso, Mirna Hallay, Walter Gomes Pinheiro, Ven\u00e2ncio Gumes, Rayle Monteiro Andrade, Patr\u00edcia Freire, Nina Melo, Agenilson Silva, Teresa Fonseca, Catharine Moura, Paola Torres, Rog\u00e9rio Carvalho, Sheyla Galba, Robson Barros, Luana Lima, Patr\u00edcia Santos Martins e Alayde Vieira.<\/p>\n<p>O &#8216;Todos Juntos Contra o C\u00e2ncer &#8211; TJCC&#8217; \u00e9 um movimento da sociedade brasileira que congrega representantes de diferentes setores voltados ao cuidado do paciente com c\u00e2ncer, como gestores de sa\u00fade, entidades m\u00e9dicas, hospitais, profissionais de sa\u00fade, pesquisadores, profissionais de imprensa, associa\u00e7\u00f5es de pacientes e outros, comprometidos com a garantia do direito do paciente ao acesso universal e igualit\u00e1rio \u00e0 sa\u00fade.<\/p>\n<p>Outras informa\u00e7\u00f5es sobre o f\u00f3rum atrav\u00e9s do n\u00famero (79) 99146-4466 e tamb\u00e9m das redes sociais do GACC e Abrale.<\/p>\n<p dir=\"ltr\"><strong><em>Acompanhe tamb\u00e9m o SE Not\u00edcias no\u00a0<a href=\"https:\/\/www.instagram.com\/senoticias\/\" target=\"_blank\" rel=\"noreferrer noopener\">Instagram<\/a><\/em><\/strong>,\u00a0<strong><em>\u00a0<a href=\"https:\/\/www.facebook.com\/senoticias1\" target=\"_blank\" rel=\"noreferrer noopener\">Facebook<\/a>\u00a0e\u00a0no<\/em>\u00a0<em><a href=\"https:\/\/twitter.com\/Senoticias\">X<\/a><\/em><\/strong><\/p>\n<p dir=\"ltr\">\n","protected":false},"excerpt":{"rendered":"<p>Come\u00e7a nesta quarta-feira, 24 de julho, a 6\u00aa edi\u00e7\u00e3o do \u2018F\u00f3rum Todos Juntos Contra o C\u00e2ncer Norte e Nordeste\u2019 no Delmar Hotel em Aracaju com a proposta de reunir profissionais envolvidos com a causa de todo o pa\u00eds. Entre as presen\u00e7as confirmadas est\u00e1 a escritora e palestrante Monja Coen. Garanta agora mesmo a sua presen\u00e7a [&hellip;]<\/p>\n","protected":false},"author":6557,"featured_media":0,"comment_status":"closed","ping_status":"closed","sticky":false,"template":"","format":"standard","meta":{"footnotes":""},"categories":[15],"tags":[41974,41973,41972],"class_list":{"0":"post-143317","1":"post","2":"type-post","3":"status-publish","4":"format-standard","6":"category-destaques","7":"tag-abrale","8":"tag-monja-coen","9":"tag-todos-juntos-contra-o-cancer"},"_links":{"self":[{"href":"https:\/\/senoticias.com.br\/se\/wp-json\/wp\/v2\/posts\/143317"}],"collection":[{"href":"https:\/\/senoticias.com.br\/se\/wp-json\/wp\/v2\/posts"}],"about":[{"href":"https:\/\/senoticias.com.br\/se\/wp-json\/wp\/v2\/types\/post"}],"author":[{"embeddable":true,"href":"https:\/\/senoticias.com.br\/se\/wp-json\/wp\/v2\/users\/6557"}],"replies":[{"embeddable":true,"href":"https:\/\/senoticias.com.br\/se\/wp-json\/wp\/v2\/comments?post=143317"}],"version-history":[{"count":0,"href":"https:\/\/senoticias.com.br\/se\/wp-json\/wp\/v2\/posts\/143317\/revisions"}],"wp:attachment":[{"href":"https:\/\/senoticias.com.br\/se\/wp-json\/wp\/v2\/media?parent=143317"}],"wp:term":[{"taxonomy":"category","embeddable":true,"href":"https:\/\/senoticias.com.br\/se\/wp-json\/wp\/v2\/categories?post=143317"},{"taxonomy":"post_tag","embeddable":true,"href":"https:\/\/senoticias.com.br\/se\/wp-json\/wp\/v2\/tags?post=143317"}],"curies":[{"name":"wp","href":"https:\/\/api.w.org\/{rel}","templated":true}]}}