{"id":143309,"date":"2024-07-21T15:21:14","date_gmt":"2024-07-21T18:21:14","guid":{"rendered":"https:\/\/senoticias.com.br\/se\/?p=143309"},"modified":"2024-07-21T15:21:14","modified_gmt":"2024-07-21T18:21:14","slug":"em-mais-um-sabado-movimentado-yandra-moura-visita-aracajuanos","status":"publish","type":"post","link":"https:\/\/senoticias.com.br\/se\/em-mais-um-sabado-movimentado-yandra-moura-visita-aracajuanos\/","title":{"rendered":"Em mais um s\u00e1bado movimentado, Yandra Moura visita aracajuanos"},"content":{"rendered":"<p>&nbsp;<\/p>\n<p>A pr\u00e9-candidata a prefeita de Aracaju e deputada federal licenciada, Yandra Moura, neste s\u00e1bado (20), participou de eventos importantes para Aracaju e regi\u00e3o metropolitana. Os encontros tiveram o objetivo de conversar com a popula\u00e7\u00e3o aracajuana e apresentar as propostas que transformar\u00e3o a vida do povo.<\/p>\n<p>Ao lado do presidente da C\u00e2mara Municipal de Aracaju, Ricardo Vasconcelos, ela foi ao bairro Robalo participar da 1\u00b0 Cavalgada do Rancho dos Amigos. Uma festa que ressaltou a cultura nordestina e sergipana.<\/p>\n<div id=\"attachment_143310\" style=\"width: 589px\" class=\"wp-caption aligncenter\"><a href=\"https:\/\/senoticias.com.br\/se\/wp-content\/uploads\/2024\/07\/Yandra-SE-Noticias.jpeg\"><img loading=\"lazy\" decoding=\"async\" aria-describedby=\"caption-attachment-143310\" class=\"size-full wp-image-143310\" src=\"https:\/\/senoticias.com.br\/se\/wp-content\/uploads\/2024\/07\/Yandra-SE-Noticias.jpeg\" alt=\"\" width=\"579\" height=\"434\" srcset=\"https:\/\/senoticias.com.br\/se\/wp-content\/uploads\/2024\/07\/Yandra-SE-Noticias.jpeg 579w, https:\/\/senoticias.com.br\/se\/wp-content\/uploads\/2024\/07\/Yandra-SE-Noticias-300x225.jpeg 300w, https:\/\/senoticias.com.br\/se\/wp-content\/uploads\/2024\/07\/Yandra-SE-Noticias-45x35.jpeg 45w\" sizes=\"(max-width: 579px) 100vw, 579px\" \/><\/a><p id=\"caption-attachment-143310\" class=\"wp-caption-text\">Yandra Moura visita aracajuanos &#8211; Foto: ascom\/divulga\u00e7\u00e3o<\/p><\/div>\n<p>J\u00e1 no bairro Farol\u00e2ndia, Yandra assistiu ao Culto de Mulheres, com o pr\u00e9-candidato a vereador Wilson da Ceasa, ministrado pela Pastora Alice, um momento \u00fanico, de muitas b\u00ean\u00e7\u00e3os e ora\u00e7\u00f5es.<\/p>\n<p>Em Nossa Senhora do Socorro, ela foi \u00e0 conven\u00e7\u00e3o que homologou a candidatura a prefeito de Samuel Carvalho e do vice Elmo Paix\u00e3o, do Uni\u00e3o Brasil, onde firmaram um compromisso para solucionar o problema do transporte metropolitano.<\/p>\n<p>De volta a Aracaju, Yandra foi ao lan\u00e7amento da pr\u00e9-candidatura a vereador de Ary do S\u00e3o Carlos, no Olaria, um jovem que luta pelo seu bairro. No Santos Dumont, ao lado da pr\u00e9-candidata a vereadora Gard\u00eania da Enfermagem, participou do Forr\u00f3 da Igreja Jesus Cristo dos Santos dos \u00daltimos Dias, uma festa junina animada, que reuniu toda a comunidade.<\/p>\n<p>Com os fi\u00e9is da igreja S\u00e3o Pio X e com o ex-vereador \u00e9 pr\u00e9-candidato, Moritos Matos, ela compareceu ao Forroz\u00e3o, um evento paroquial que levou os moradores ao sal\u00e3o da igreja, no 18 do Forte.<\/p>\n<p>Nos quatro cantos da capital, com a for\u00e7a e coragem da juventude, Yandra foi abra\u00e7ada pelas aracajuanas e aracajuanos que acreditam no potencial dela para transformar a capital.<\/p>\n<p><strong><em>Acompanhe tamb\u00e9m o SE Not\u00edcias no\u00a0<a href=\"https:\/\/www.instagram.com\/senoticias\/\" target=\"_blank\" rel=\"noreferrer noopener\">Instagram<\/a><\/em><\/strong>,\u00a0<strong><em>\u00a0<a href=\"https:\/\/www.facebook.com\/senoticias1\" target=\"_blank\" rel=\"noreferrer noopener\">Facebook<\/a>\u00a0e\u00a0no<\/em>\u00a0<em><a href=\"https:\/\/twitter.com\/Senoticias\">X<\/a><\/em><\/strong><\/p>\n<p>Assessoria de Comunica\u00e7\u00e3o<br \/>\nYandra Moura &#8211; Deputada Federal<\/p>\n","protected":false},"excerpt":{"rendered":"<p>&nbsp; A pr\u00e9-candidata a prefeita de Aracaju e deputada federal licenciada, Yandra Moura, neste s\u00e1bado (20), participou de eventos importantes para Aracaju e regi\u00e3o metropolitana. Os encontros tiveram o objetivo de conversar com a popula\u00e7\u00e3o aracajuana e apresentar as propostas que transformar\u00e3o a vida do povo. Ao lado do presidente da C\u00e2mara Municipal de Aracaju, [&hellip;]<\/p>\n","protected":false},"author":6557,"featured_media":143310,"comment_status":"closed","ping_status":"closed","sticky":false,"template":"","format":"standard","meta":{"footnotes":""},"categories":[15,6],"tags":[40522,37852],"class_list":{"0":"post-143309","1":"post","2":"type-post","3":"status-publish","4":"format-standard","5":"has-post-thumbnail","7":"category-destaques","8":"category-politica","9":"tag-deputada-federal-yandra-moura","10":"tag-yandra-moura"},"_links":{"self":[{"href":"https:\/\/senoticias.com.br\/se\/wp-json\/wp\/v2\/posts\/143309"}],"collection":[{"href":"https:\/\/senoticias.com.br\/se\/wp-json\/wp\/v2\/posts"}],"about":[{"href":"https:\/\/senoticias.com.br\/se\/wp-json\/wp\/v2\/types\/post"}],"author":[{"embeddable":true,"href":"https:\/\/senoticias.com.br\/se\/wp-json\/wp\/v2\/users\/6557"}],"replies":[{"embeddable":true,"href":"https:\/\/senoticias.com.br\/se\/wp-json\/wp\/v2\/comments?post=143309"}],"version-history":[{"count":0,"href":"https:\/\/senoticias.com.br\/se\/wp-json\/wp\/v2\/posts\/143309\/revisions"}],"wp:featuredmedia":[{"embeddable":true,"href":"https:\/\/senoticias.com.br\/se\/wp-json\/wp\/v2\/media\/143310"}],"wp:attachment":[{"href":"https:\/\/senoticias.com.br\/se\/wp-json\/wp\/v2\/media?parent=143309"}],"wp:term":[{"taxonomy":"category","embeddable":true,"href":"https:\/\/senoticias.com.br\/se\/wp-json\/wp\/v2\/categories?post=143309"},{"taxonomy":"post_tag","embeddable":true,"href":"https:\/\/senoticias.com.br\/se\/wp-json\/wp\/v2\/tags?post=143309"}],"curies":[{"name":"wp","href":"https:\/\/api.w.org\/{rel}","templated":true}]}}