{"id":143297,"date":"2024-07-19T22:21:11","date_gmt":"2024-07-20T01:21:11","guid":{"rendered":"https:\/\/senoticias.com.br\/se\/?p=143297"},"modified":"2024-07-19T22:23:37","modified_gmt":"2024-07-20T01:23:37","slug":"homem-algemado-furta-ambulancia-em-aracaju-e-perseguido-ate-por-helicoptero-e-so-e-preso-apos-bater-em-poste","status":"publish","type":"post","link":"https:\/\/senoticias.com.br\/se\/homem-algemado-furta-ambulancia-em-aracaju-e-perseguido-ate-por-helicoptero-e-so-e-preso-apos-bater-em-poste\/","title":{"rendered":"Homem algemado furta ambul\u00e2ncia em Aracaju, \u00e9 perseguido at\u00e9 por helic\u00f3ptero e s\u00f3 \u00e9 preso ap\u00f3s bater em poste"},"content":{"rendered":"<div class=\"col-md-8 col-sm-12\">\n<div class=\"panel panel-white\">\n<div class=\"panel-body\">\n<div class=\"form-group texto-noticia\">\n<p dir=\"ltr\">Nesta sexta-feira, 19, ap\u00f3s pris\u00e3o feita pela Pol\u00edcia Militar, a Pol\u00edcia Civil, por meio da Central de Flagrantes, registrou um caso de amea\u00e7a, furto e dire\u00e7\u00e3o perigosa em Aracaju. O homem, em um primeiro momento, foi contido pelos policiais. No entanto, fugiu com uma ambul\u00e2ncia, colidiu em diversos ve\u00edculos, e por fim, se chocou com um poste. Ap\u00f3s persegui\u00e7\u00e3o, o homem foi preso. A a\u00e7\u00e3o contou com o aux\u00edlio do Grupamento T\u00e1tico A\u00e9reo (GTA).<\/p>\n<div id=\"attachment_143298\" style=\"width: 542px\" class=\"wp-caption aligncenter\"><a href=\"https:\/\/senoticias.com.br\/se\/wp-content\/uploads\/2024\/07\/Homem-preso-se-noticias.jpeg\"><img loading=\"lazy\" decoding=\"async\" aria-describedby=\"caption-attachment-143298\" class=\"size-full wp-image-143298\" src=\"https:\/\/senoticias.com.br\/se\/wp-content\/uploads\/2024\/07\/Homem-preso-se-noticias.jpeg\" alt=\"\" width=\"532\" height=\"596\" srcset=\"https:\/\/senoticias.com.br\/se\/wp-content\/uploads\/2024\/07\/Homem-preso-se-noticias.jpeg 532w, https:\/\/senoticias.com.br\/se\/wp-content\/uploads\/2024\/07\/Homem-preso-se-noticias-268x300.jpeg 268w\" sizes=\"(max-width: 532px) 100vw, 532px\" \/><\/a><p id=\"caption-attachment-143298\" class=\"wp-caption-text\">O homem teria realizado amea\u00e7as de morte e colidido com diversos ve\u00edculos na capital &#8211; Foto: SSP\/SE<\/p><\/div>\n<p dir=\"ltr\">De acordo com o delegado Gabriel Nogueira, respons\u00e1vel pelo caso, a Pol\u00edcia Civil respondeu a um chamado por desacato e amea\u00e7a de morte na capital.\u00a0Como o homem n\u00e3o quis assinar um termo circunstanciado para comparecimento diante de autoridade policial e \u00e0 Justi\u00e7a, houve a pris\u00e3o em flagrante.<\/p>\n<p dir=\"ltr\">Entretanto, o homem, em estado agressivo, se negou a assinar o termo e ir \u00e0 delegacia. &#8220;Dessa forma, os policiais prenderam o suspeito em flagrante. Com a situa\u00e7\u00e3o controlada, o Corpo de Bombeiros e o Samu foram chamados para conter totalmente o homem e oferecer assist\u00eancia m\u00e9dica&#8221;, explicou.<\/p>\n<p dir=\"ltr\">Mesmo algemado e contido pelas for\u00e7as de seguran\u00e7a p\u00fablica, o homem conseguiu fugir e furtou uma ambul\u00e2ncia que estava no local. &#8220;Em controle do ve\u00edculo, mesmo com as algemas, tentou fugir pelas ruas da capital. Durante a a\u00e7\u00e3o, acabou colidindo com diversos carros, e at\u00e9 com uma viatura policial. A a\u00e7\u00e3o s\u00f3 foi interrompida quando o homem colidiu com um poste, na Avenida Hermes Fontes. A opera\u00e7\u00e3o de persegui\u00e7\u00e3o contou com o apoio da Pol\u00edcia Militar, que fez a pris\u00e3o&#8221;, acrescentou o delegado.<\/p>\n<p dir=\"ltr\">Ainda de acordo com Gabriel Nogueira, a apura\u00e7\u00e3o da Pol\u00edcia Civil concluiu que o homem possui um hist\u00f3rico de crimes relacionados \u00e0 amea\u00e7a, viol\u00eancia dom\u00e9stica e invas\u00f5es. &#8220;Al\u00e9m disso, existe a possibilidade de que o suspeito tenha transtornos psiqui\u00e1tricos, o que provavelmente ocasionou o poss\u00edvel surto&#8221;, relatou o delegado.<\/p>\n<p dir=\"ltr\">Atualmente, o suspeito est\u00e1 custodiado pela Pol\u00edcia Civil e recebendo cuidados m\u00e9dicos devido aos ferimentos durante a fuga. O homem responder\u00e1 pelos crimes de amea\u00e7a, desacato, furto, dire\u00e7\u00e3o perigosa e resist\u00eancia..<\/p>\n<p dir=\"ltr\"><strong><em>Acompanhe tamb\u00e9m o SE Not\u00edcias no\u00a0<a href=\"https:\/\/www.instagram.com\/senoticias\/\" target=\"_blank\" rel=\"noreferrer noopener\">Instagram<\/a><\/em><\/strong>,\u00a0<strong><em>\u00a0<a href=\"https:\/\/www.facebook.com\/senoticias1\" target=\"_blank\" rel=\"noreferrer noopener\">Facebook<\/a>\u00a0e\u00a0no<\/em>\u00a0<em><a href=\"https:\/\/twitter.com\/Senoticias\">X<\/a><\/em><\/strong><\/p>\n<p dir=\"ltr\">Fonte: SSP\/SE<\/p>\n<\/div>\n<\/div>\n<\/div>\n<\/div>\n<div class=\"col-md-4 col-sm-12\">\n<div class=\"panel panel-white\" data-ng-init=\"noticias.categorias.consultar()\"><\/div>\n<\/div>\n","protected":false},"excerpt":{"rendered":"<p>Nesta sexta-feira, 19, ap\u00f3s pris\u00e3o feita pela Pol\u00edcia Militar, a Pol\u00edcia Civil, por meio da Central de Flagrantes, registrou um caso de amea\u00e7a, furto e dire\u00e7\u00e3o perigosa em Aracaju. O homem, em um primeiro momento, foi contido pelos policiais. No entanto, fugiu com uma ambul\u00e2ncia, colidiu em diversos ve\u00edculos, e por fim, se chocou com [&hellip;]<\/p>\n","protected":false},"author":6557,"featured_media":143298,"comment_status":"closed","ping_status":"closed","sticky":false,"template":"","format":"standard","meta":{"footnotes":""},"categories":[15,7,1],"tags":[41968,41969],"class_list":{"0":"post-143297","1":"post","2":"type-post","3":"status-publish","4":"format-standard","5":"has-post-thumbnail","7":"category-destaques","8":"category-policia","9":"category-sem-categoria","10":"tag-furta-ambulancia-em-aracaju","11":"tag-furtou-ambulancia-do-samu"},"_links":{"self":[{"href":"https:\/\/senoticias.com.br\/se\/wp-json\/wp\/v2\/posts\/143297"}],"collection":[{"href":"https:\/\/senoticias.com.br\/se\/wp-json\/wp\/v2\/posts"}],"about":[{"href":"https:\/\/senoticias.com.br\/se\/wp-json\/wp\/v2\/types\/post"}],"author":[{"embeddable":true,"href":"https:\/\/senoticias.com.br\/se\/wp-json\/wp\/v2\/users\/6557"}],"replies":[{"embeddable":true,"href":"https:\/\/senoticias.com.br\/se\/wp-json\/wp\/v2\/comments?post=143297"}],"version-history":[{"count":0,"href":"https:\/\/senoticias.com.br\/se\/wp-json\/wp\/v2\/posts\/143297\/revisions"}],"wp:featuredmedia":[{"embeddable":true,"href":"https:\/\/senoticias.com.br\/se\/wp-json\/wp\/v2\/media\/143298"}],"wp:attachment":[{"href":"https:\/\/senoticias.com.br\/se\/wp-json\/wp\/v2\/media?parent=143297"}],"wp:term":[{"taxonomy":"category","embeddable":true,"href":"https:\/\/senoticias.com.br\/se\/wp-json\/wp\/v2\/categories?post=143297"},{"taxonomy":"post_tag","embeddable":true,"href":"https:\/\/senoticias.com.br\/se\/wp-json\/wp\/v2\/tags?post=143297"}],"curies":[{"name":"wp","href":"https:\/\/api.w.org\/{rel}","templated":true}]}}