{"id":143275,"date":"2024-07-18T18:38:19","date_gmt":"2024-07-18T21:38:19","guid":{"rendered":"https:\/\/senoticias.com.br\/se\/?p=143275"},"modified":"2024-07-18T18:38:38","modified_gmt":"2024-07-18T21:38:38","slug":"dolar-fecha-a-r-558-em-meio-a-expectativa-com-anuncio-de-corte-orcamentario","status":"publish","type":"post","link":"https:\/\/senoticias.com.br\/se\/dolar-fecha-a-r-558-em-meio-a-expectativa-com-anuncio-de-corte-orcamentario\/","title":{"rendered":"D\u00f3lar fecha a R$ 5,58 em meio a expectativa com an\u00fancio de corte or\u00e7ament\u00e1rio"},"content":{"rendered":"<p>&nbsp;<\/p>\n<p>&nbsp;<\/p>\n<p>O d\u00f3lar emplacou nesta quinta-feira a segunda sess\u00e3o consecutiva de forte alta no Brasil, de 10 centavos de real, com as cota\u00e7\u00f5es impactadas pelo receio de que o governo Lula n\u00e3o cumpra a meta fiscal e pelo avan\u00e7o firme da moeda norte-americana tamb\u00e9m no exterior, em um dia de press\u00e3o para os pa\u00edses emergentes.<\/p>\n<p>O d\u00f3lar \u00e0 vista encerrou o dia cotado a 5,5887 reais na venda, em alta de 1,89%. Em dois dias a divisa saltou 2,94%, ou o equivalente a 16 centavos de real.<\/p>\n<div id=\"attachment_143276\" style=\"width: 551px\" class=\"wp-caption aligncenter\"><a href=\"https:\/\/senoticias.com.br\/se\/wp-content\/uploads\/2024\/07\/Dolar-fecha-SE-Noticias.jpg\"><img loading=\"lazy\" decoding=\"async\" aria-describedby=\"caption-attachment-143276\" class=\"size-full wp-image-143276\" src=\"https:\/\/senoticias.com.br\/se\/wp-content\/uploads\/2024\/07\/Dolar-fecha-SE-Noticias.jpg\" alt=\"\" width=\"541\" height=\"361\" srcset=\"https:\/\/senoticias.com.br\/se\/wp-content\/uploads\/2024\/07\/Dolar-fecha-SE-Noticias.jpg 541w, https:\/\/senoticias.com.br\/se\/wp-content\/uploads\/2024\/07\/Dolar-fecha-SE-Noticias-300x200.jpg 300w, https:\/\/senoticias.com.br\/se\/wp-content\/uploads\/2024\/07\/Dolar-fecha-SE-Noticias-90x60.jpg 90w, https:\/\/senoticias.com.br\/se\/wp-content\/uploads\/2024\/07\/Dolar-fecha-SE-Noticias-180x120.jpg 180w, https:\/\/senoticias.com.br\/se\/wp-content\/uploads\/2024\/07\/Dolar-fecha-SE-Noticias-95x64.jpg 95w\" sizes=\"(max-width: 541px) 100vw, 541px\" \/><\/a><p id=\"caption-attachment-143276\" class=\"wp-caption-text\"><br \/>\u00c0s 17h07, na B3, o contrato de d\u00f3lar futuro de primeiro vencimento subia 1,77%, a 5,5955 reais na venda &#8211; Foto: Reuters<\/p><\/div>\n<p>\u00c0s 17h07, na B3, o contrato de d\u00f3lar futuro de primeiro vencimento subia 1,77%, a 5,5955 reais na venda.<\/p>\n<p>O mercado de c\u00e2mbio brasileiro recebeu novamente um est\u00edmulo duplo para a alta do d\u00f3lar.<\/p>\n<p>Em primeiro lugar, a moeda norte-americana tamb\u00e9m tinha fortes ganhos ante outras divisas de emergentes e exportadores no exterior, com real, peso chileno, peso mexicano e peso colombiano liderando a lista de maiores perdas globais.<\/p>\n<p>Em segundo lugar, os investidores se mantinham cautelosos com a aproxima\u00e7\u00e3o do dia 22 de julho, quando o governo apresentar\u00e1 seu Relat\u00f3rio Bimestral de Receitas e Despesas com a defini\u00e7\u00e3o sobre quanto ser\u00e1 preciso contingenciar no Or\u00e7amento para cumprir a meta de resultado prim\u00e1rio zero deste ano.<\/p>\n<p>Profissionais ouvidos pela Reuters pontuaram que o mercado teme que o governo anuncie um contingenciamento abaixo do necess\u00e1rio para cumprir o arcabou\u00e7o fiscal &#8212; cifra estimada por especialistas em pelo menos 10 bilh\u00f5es de reais, com alguns c\u00e1lculos apontando para ajustes maiores.<\/p>\n<p>Al\u00e9m do contingenciamento, o mercado aguarda os detalhes sobre como se dar\u00e3o os cortes de 25,9 bilh\u00f5es de reais em despesas do Or\u00e7amento para 2025, anunciados pelo governo h\u00e1 algumas semanas. Como parte destes cortes pode recair j\u00e1 sobre as contas de 2024, algum detalhamento pode surgir no dia 22.<\/p>\n<p><strong><em>Acompanhe tamb\u00e9m o SE Not\u00edcias no\u00a0<a href=\"https:\/\/www.instagram.com\/senoticias\/\" target=\"_blank\" rel=\"noreferrer noopener\">Instagram<\/a><\/em><\/strong>,\u00a0<strong><em>\u00a0<a href=\"https:\/\/www.facebook.com\/senoticias1\" target=\"_blank\" rel=\"noreferrer noopener\">Facebook<\/a>\u00a0e\u00a0no<\/em>\u00a0<em><a href=\"https:\/\/twitter.com\/Senoticias\">X<\/a><\/em><\/strong><\/p>\n<p>Fonte: Portal Terra<\/p>\n<p>&nbsp;<\/p>\n","protected":false},"excerpt":{"rendered":"<p>&nbsp; &nbsp; O d\u00f3lar emplacou nesta quinta-feira a segunda sess\u00e3o consecutiva de forte alta no Brasil, de 10 centavos de real, com as cota\u00e7\u00f5es impactadas pelo receio de que o governo Lula n\u00e3o cumpra a meta fiscal e pelo avan\u00e7o firme da moeda norte-americana tamb\u00e9m no exterior, em um dia de press\u00e3o para os pa\u00edses [&hellip;]<\/p>\n","protected":false},"author":6557,"featured_media":143276,"comment_status":"closed","ping_status":"closed","sticky":false,"template":"","format":"standard","meta":{"footnotes":""},"categories":[15,6],"tags":[41963,1954],"class_list":{"0":"post-143275","1":"post","2":"type-post","3":"status-publish","4":"format-standard","5":"has-post-thumbnail","7":"category-destaques","8":"category-politica","9":"tag-corte-orcamentario","10":"tag-dolar"},"_links":{"self":[{"href":"https:\/\/senoticias.com.br\/se\/wp-json\/wp\/v2\/posts\/143275"}],"collection":[{"href":"https:\/\/senoticias.com.br\/se\/wp-json\/wp\/v2\/posts"}],"about":[{"href":"https:\/\/senoticias.com.br\/se\/wp-json\/wp\/v2\/types\/post"}],"author":[{"embeddable":true,"href":"https:\/\/senoticias.com.br\/se\/wp-json\/wp\/v2\/users\/6557"}],"replies":[{"embeddable":true,"href":"https:\/\/senoticias.com.br\/se\/wp-json\/wp\/v2\/comments?post=143275"}],"version-history":[{"count":0,"href":"https:\/\/senoticias.com.br\/se\/wp-json\/wp\/v2\/posts\/143275\/revisions"}],"wp:featuredmedia":[{"embeddable":true,"href":"https:\/\/senoticias.com.br\/se\/wp-json\/wp\/v2\/media\/143276"}],"wp:attachment":[{"href":"https:\/\/senoticias.com.br\/se\/wp-json\/wp\/v2\/media?parent=143275"}],"wp:term":[{"taxonomy":"category","embeddable":true,"href":"https:\/\/senoticias.com.br\/se\/wp-json\/wp\/v2\/categories?post=143275"},{"taxonomy":"post_tag","embeddable":true,"href":"https:\/\/senoticias.com.br\/se\/wp-json\/wp\/v2\/tags?post=143275"}],"curies":[{"name":"wp","href":"https:\/\/api.w.org\/{rel}","templated":true}]}}