{"id":143269,"date":"2024-07-18T12:07:18","date_gmt":"2024-07-18T15:07:18","guid":{"rendered":"https:\/\/senoticias.com.br\/se\/?p=143269"},"modified":"2024-07-18T12:13:06","modified_gmt":"2024-07-18T15:13:06","slug":"anuario-homicidios-caem-22-com-reforco-nas-acoes-de-seguranca-publica-de-enfrentamento-a-crimes-contra-a-vida-em-sergipe","status":"publish","type":"post","link":"https:\/\/senoticias.com.br\/se\/anuario-homicidios-caem-22-com-reforco-nas-acoes-de-seguranca-publica-de-enfrentamento-a-crimes-contra-a-vida-em-sergipe\/","title":{"rendered":"Anu\u00e1rio: Homic\u00eddios caem 22% com refor\u00e7o nas a\u00e7\u00f5es de seguran\u00e7a p\u00fablica de enfrentamento a crimes contra a vida em Sergipe"},"content":{"rendered":"<p>Em comparativo entre os anos de 2022 e 2023, Sergipe registrou queda de 22,1% nos homic\u00eddios em todo o territ\u00f3rio sergipano, conforme aponta mapeamento elaborado pelo F\u00f3rum Brasileiro de Seguran\u00e7a P\u00fablica (FBSP) e divulgado no Anu\u00e1rio Brasileiro da Seguran\u00e7a P\u00fablica de 2024, publicado nesta quinta-feira, 18.<\/p>\n<div id=\"attachment_143270\" style=\"width: 604px\" class=\"wp-caption aligncenter\"><a href=\"https:\/\/senoticias.com.br\/se\/wp-content\/uploads\/2024\/07\/Aracaju-SE-Noticias.jpg\"><img loading=\"lazy\" decoding=\"async\" aria-describedby=\"caption-attachment-143270\" class=\"size-full wp-image-143270\" src=\"https:\/\/senoticias.com.br\/se\/wp-content\/uploads\/2024\/07\/Aracaju-SE-Noticias.jpg\" alt=\"\" width=\"594\" height=\"819\" srcset=\"https:\/\/senoticias.com.br\/se\/wp-content\/uploads\/2024\/07\/Aracaju-SE-Noticias.jpg 594w, https:\/\/senoticias.com.br\/se\/wp-content\/uploads\/2024\/07\/Aracaju-SE-Noticias-218x300.jpg 218w\" sizes=\"(max-width: 594px) 100vw, 594px\" \/><\/a><p id=\"caption-attachment-143270\" class=\"wp-caption-text\">Resultado atesta a efetividade do planejamento operacional da seguran\u00e7a p\u00fablica para redu\u00e7\u00e3o de crimes no estado &#8211; Foto: SE Not\u00edcias<\/p><\/div>\n<p>Conforme o levantamento feito pelo FBSP, durante todo o ano de 2022, ocorreram 578 homic\u00eddios no territ\u00f3rio sergipano. J\u00e1 no ano seguinte, 2023, o levantamento do F\u00f3rum Brasileiro de Seguran\u00e7a P\u00fablica indicou que aconteceram 450 crimes em Sergipe, o que demonstra a redu\u00e7\u00e3o superior a 22%.<\/p>\n<p>Para o secret\u00e1rio da seguran\u00e7a p\u00fablica, Jo\u00e3o Eloy de Menezes, a redu\u00e7\u00e3o na incid\u00eancia de homic\u00eddios demonstra o compromisso das pol\u00edcias Civil, Militar e Cient\u00edfica com a preserva\u00e7\u00e3o de vidas no estado. \u201cAssumimos esse compromisso de reduzir a criminalidade e estamos apresentando o resultado\u201d, evidenciou.<\/p>\n<p>Jo\u00e3o Eloy de Menezes relembrou que a tend\u00eancia de queda nos homic\u00eddios vem acontecendo de maneira contundente. \u201cDesde que houve aumento nos \u00edndices de criminalidade em 2016, estamos comprometidos em devolver a sensa\u00e7\u00e3o de seguran\u00e7a para a nossa popula\u00e7\u00e3o sergipana\u201d, complementou o secret\u00e1rio.<\/p>\n<p>O comandante da Pol\u00edcia Militar, coronel Alexsandro Ribeiro, acrescentou que o compromisso das for\u00e7as de seguran\u00e7a com a preserva\u00e7\u00e3o de vidas no estado est\u00e1 mantido. \u201cContinuamos trabalhando, valorizando os nossos profissionais, com investimentos em seguran\u00e7a, para reduzir cada vez mais os crimes contra a vida\u201d, ressaltou.<\/p>\n<p>Para o delegado-geral, Thiago Leandro, a redu\u00e7\u00e3o apresentada pelo FBSP atesta o comprometimento das for\u00e7as de seguran\u00e7a p\u00fablica no combate aos crimes contra a vida. \u201cEstamos seguindo nessa tend\u00eancia de queda dos homic\u00eddios e \u00e9 o nosso compromisso com a popula\u00e7\u00e3o sergipana\u201d, refor\u00e7ou.<\/p>\n<p>Quando as armas de fogo s\u00e3o apreendidas, o Instituto de Criminal\u00edstica (IC), da Pol\u00edcia Cient\u00edfica, faz exames periciais que contribuem para a elucida\u00e7\u00e3o de crimes contra a vida, a exemplo dos homic\u00eddios. Os peritos criminais estabelecem o calibre das armas e outras evid\u00eancias que corroboram com a elucida\u00e7\u00e3o dos casos e redu\u00e7\u00e3o dos indicadores.<\/p>\n<p><strong><em>Acompanhe tamb\u00e9m o SE Not\u00edcias no\u00a0<a href=\"https:\/\/www.instagram.com\/senoticias\/\" target=\"_blank\" rel=\"noreferrer noopener\">Instagram<\/a><\/em><\/strong>,\u00a0<strong><em>\u00a0<a href=\"https:\/\/www.facebook.com\/senoticias1\" target=\"_blank\" rel=\"noreferrer noopener\">Facebook<\/a>\u00a0e\u00a0no<\/em>\u00a0<em><a href=\"https:\/\/twitter.com\/Senoticias\">X<\/a><\/em><\/strong><\/p>\n<p>Fonte: SSP\/SE<\/p>\n","protected":false},"excerpt":{"rendered":"<p>Em comparativo entre os anos de 2022 e 2023, Sergipe registrou queda de 22,1% nos homic\u00eddios em todo o territ\u00f3rio sergipano, conforme aponta mapeamento elaborado pelo F\u00f3rum Brasileiro de Seguran\u00e7a P\u00fablica (FBSP) e divulgado no Anu\u00e1rio Brasileiro da Seguran\u00e7a P\u00fablica de 2024, publicado nesta quinta-feira, 18. Conforme o levantamento feito pelo FBSP, durante todo o [&hellip;]<\/p>\n","protected":false},"author":6557,"featured_media":143270,"comment_status":"closed","ping_status":"closed","sticky":false,"template":"","format":"standard","meta":{"footnotes":""},"categories":[15,6,1],"tags":[4835,41961,41962],"class_list":{"0":"post-143269","1":"post","2":"type-post","3":"status-publish","4":"format-standard","5":"has-post-thumbnail","7":"category-destaques","8":"category-politica","9":"category-sem-categoria","10":"tag-anuario","11":"tag-forum-brasileiro-de-seguranca-publica","12":"tag-homicidios-caem-22"},"_links":{"self":[{"href":"https:\/\/senoticias.com.br\/se\/wp-json\/wp\/v2\/posts\/143269"}],"collection":[{"href":"https:\/\/senoticias.com.br\/se\/wp-json\/wp\/v2\/posts"}],"about":[{"href":"https:\/\/senoticias.com.br\/se\/wp-json\/wp\/v2\/types\/post"}],"author":[{"embeddable":true,"href":"https:\/\/senoticias.com.br\/se\/wp-json\/wp\/v2\/users\/6557"}],"replies":[{"embeddable":true,"href":"https:\/\/senoticias.com.br\/se\/wp-json\/wp\/v2\/comments?post=143269"}],"version-history":[{"count":0,"href":"https:\/\/senoticias.com.br\/se\/wp-json\/wp\/v2\/posts\/143269\/revisions"}],"wp:featuredmedia":[{"embeddable":true,"href":"https:\/\/senoticias.com.br\/se\/wp-json\/wp\/v2\/media\/143270"}],"wp:attachment":[{"href":"https:\/\/senoticias.com.br\/se\/wp-json\/wp\/v2\/media?parent=143269"}],"wp:term":[{"taxonomy":"category","embeddable":true,"href":"https:\/\/senoticias.com.br\/se\/wp-json\/wp\/v2\/categories?post=143269"},{"taxonomy":"post_tag","embeddable":true,"href":"https:\/\/senoticias.com.br\/se\/wp-json\/wp\/v2\/tags?post=143269"}],"curies":[{"name":"wp","href":"https:\/\/api.w.org\/{rel}","templated":true}]}}