{"id":143214,"date":"2024-07-14T14:14:01","date_gmt":"2024-07-14T17:14:01","guid":{"rendered":"https:\/\/senoticias.com.br\/se\/?p=143214"},"modified":"2024-07-14T15:18:45","modified_gmt":"2024-07-14T18:18:45","slug":"gracinha-garcez-mantem-lideranca-folgada-em-itaporanga-dajuda-aponta-pesquisa","status":"publish","type":"post","link":"https:\/\/senoticias.com.br\/se\/gracinha-garcez-mantem-lideranca-folgada-em-itaporanga-dajuda-aponta-pesquisa\/","title":{"rendered":"Gracinha Garcez mant\u00e9m lideran\u00e7a folgada em Itaporanga D&#8217;Ajuda, aponta pesquisa"},"content":{"rendered":"<p>&nbsp;<\/p>\n<p>A pr\u00e9-candidata Gracinha Garcez mant\u00e9m a lideran\u00e7a folgada na disputa pela Prefeitura de Itaporanga D&#8217;Ajuda. O levantamento foi divulgado na sexta-feira, 13, pelo jornalista Andr\u00e9 Barros em seu programa na Transam\u00e9rica FM 90.5. O jornalista informou que a pesquisa foi realizada pelo <strong>Instituto CTAS Tecnologia<\/strong>, nos <strong>dias 09 e 10 de julho<\/strong>, sob o registro de n\u00famero S<strong>E-09266\/2024<\/strong>, onde foram ouvidos <strong>589 pessoas na cidade da Itaporanga<\/strong>, com margem de erro de 4%. A pesquisa, na modalidade espont\u00e2nea, mostra que a ex-prefeita e pr\u00e9-candidata <strong>Gracinha Garcez obteve o melhor desempenho entre os pr\u00e9-candidatos avaliados, com 31,65%,<\/strong> seguida do <strong>pr\u00e9-candidato Ivan Sobral com 16,97%<\/strong>, sendo que os demais candidatos ficaram abaixo de 1%. O percentual de quem n\u00e3o sabe, n\u00e3o respondeu ou se declarou indeciso est\u00e1 em 47,96 %.<\/p>\n<p>J\u00e1 na modalidade induzida, onde os nomes dos pr\u00e9-candidatos s\u00e3o apresentados, a pr\u00e9-candidata <strong>Gracinha Garcez, ratifica sua larga vantagem no pleito eleitoral de 2024 ao poder executivo no munic\u00edpio de Itaporanga D`Ajuda, com 56,40%<\/strong> da prefer\u00eancia;<strong> j\u00e1 o pr\u00e9-candidato Ivan Sobral, apresentou a segunda maior porcentagem com 21,80%,<\/strong> tendo de indecisos a terceira posi\u00e7\u00e3o com 12,20%, branco e nulo 7,90%.<\/p>\n<div id=\"attachment_142820\" style=\"width: 601px\" class=\"wp-caption aligncenter\"><a href=\"https:\/\/senoticias.com.br\/se\/wp-content\/uploads\/2024\/06\/Gracinha-Garcez-SE-Noticias.jpg\"><img loading=\"lazy\" decoding=\"async\" aria-describedby=\"caption-attachment-142820\" class=\"size-full wp-image-142820\" src=\"https:\/\/senoticias.com.br\/se\/wp-content\/uploads\/2024\/06\/Gracinha-Garcez-SE-Noticias.jpg\" alt=\"\" width=\"591\" height=\"655\" srcset=\"https:\/\/senoticias.com.br\/se\/wp-content\/uploads\/2024\/06\/Gracinha-Garcez-SE-Noticias.jpg 591w, https:\/\/senoticias.com.br\/se\/wp-content\/uploads\/2024\/06\/Gracinha-Garcez-SE-Noticias-271x300.jpg 271w\" sizes=\"(max-width: 591px) 100vw, 591px\" \/><\/a><p id=\"caption-attachment-142820\" class=\"wp-caption-text\">Gracinha Garcez lidera com folga a disputa pela Prefeitura de Itaporanga D&#8217;Ajuda &#8211; Foto: Graccho\/divulga\u00e7\u00e3o<\/p><\/div>\n<p>Em complemento a pesquisa, os entrevistados foram questionados sobre sua potencial<strong> rejei\u00e7\u00e3o aos pr\u00e9-candidatos<\/strong>, sendo assim, apresentou-se o pr\u00e9-candidato Ivan Sobral \u00e0 maior taxa de rejei\u00e7\u00e3o com 26,75%, tendo Francinaldo Alves em segundo <strong>[n\u00e3o \u00e9 mais pr\u00e9-candidato]<\/strong>, com taxa de rejei\u00e7\u00e3o em 21,37%, a pr\u00e9-candidata Gracinha Garcez, obteve a terceira maior rejei\u00e7\u00e3o com 13,05% e branco\/nulo com 3,43%.<\/p>\n<p>O <strong>portal SE Not\u00edcias,<\/strong> coloca-se a disposi\u00e7\u00e3o dos pr\u00e9-candidatos citados na pesquisa, para manifesta\u00e7\u00f5es sobre o resultado divulgado pelo jornalista Andr\u00e9 Barros, em seu programa na Transam\u00e9rica FM, baseado em relat\u00f3rio de pesquisa de opini\u00e3o p\u00fablica do munic\u00edpio de Itaporanga D`Ajuda, realizado pela CTAS. E-mail: senoticias@gmail.com<\/p>\n<p><strong><em>Acompanhe tamb\u00e9m o SE Not\u00edcias no\u00a0<a href=\"https:\/\/www.instagram.com\/senoticias\/\" target=\"_blank\" rel=\"noreferrer noopener\">Instagram<\/a><\/em><\/strong>,\u00a0<strong><em>\u00a0<a href=\"https:\/\/www.facebook.com\/senoticias1\" target=\"_blank\" rel=\"noreferrer noopener\">Facebook<\/a>\u00a0e\u00a0no<\/em>\u00a0<em><a href=\"https:\/\/twitter.com\/Senoticias\">X<\/a><\/em><\/strong><\/p>\n<p><em><strong>Fonte: Reda\u00e7\u00e3o SE Not\u00edcias<\/strong><\/em><\/p>\n","protected":false},"excerpt":{"rendered":"<p>&nbsp; A pr\u00e9-candidata Gracinha Garcez mant\u00e9m a lideran\u00e7a folgada na disputa pela Prefeitura de Itaporanga D&#8217;Ajuda. O levantamento foi divulgado na sexta-feira, 13, pelo jornalista Andr\u00e9 Barros em seu programa na Transam\u00e9rica FM 90.5. O jornalista informou que a pesquisa foi realizada pelo Instituto CTAS Tecnologia, nos dias 09 e 10 de julho, sob o [&hellip;]<\/p>\n","protected":false},"author":6557,"featured_media":142820,"comment_status":"closed","ping_status":"closed","sticky":false,"template":"","format":"standard","meta":{"footnotes":""},"categories":[15,6],"tags":[38426,2130,4033],"class_list":{"0":"post-143214","1":"post","2":"type-post","3":"status-publish","4":"format-standard","5":"has-post-thumbnail","7":"category-destaques","8":"category-politica","9":"tag-eleicoes-2024","10":"tag-itaporanga","11":"tag-prefeitura-de-itaporanga"},"_links":{"self":[{"href":"https:\/\/senoticias.com.br\/se\/wp-json\/wp\/v2\/posts\/143214"}],"collection":[{"href":"https:\/\/senoticias.com.br\/se\/wp-json\/wp\/v2\/posts"}],"about":[{"href":"https:\/\/senoticias.com.br\/se\/wp-json\/wp\/v2\/types\/post"}],"author":[{"embeddable":true,"href":"https:\/\/senoticias.com.br\/se\/wp-json\/wp\/v2\/users\/6557"}],"replies":[{"embeddable":true,"href":"https:\/\/senoticias.com.br\/se\/wp-json\/wp\/v2\/comments?post=143214"}],"version-history":[{"count":0,"href":"https:\/\/senoticias.com.br\/se\/wp-json\/wp\/v2\/posts\/143214\/revisions"}],"wp:featuredmedia":[{"embeddable":true,"href":"https:\/\/senoticias.com.br\/se\/wp-json\/wp\/v2\/media\/142820"}],"wp:attachment":[{"href":"https:\/\/senoticias.com.br\/se\/wp-json\/wp\/v2\/media?parent=143214"}],"wp:term":[{"taxonomy":"category","embeddable":true,"href":"https:\/\/senoticias.com.br\/se\/wp-json\/wp\/v2\/categories?post=143214"},{"taxonomy":"post_tag","embeddable":true,"href":"https:\/\/senoticias.com.br\/se\/wp-json\/wp\/v2\/tags?post=143214"}],"curies":[{"name":"wp","href":"https:\/\/api.w.org\/{rel}","templated":true}]}}