{"id":143088,"date":"2024-07-01T20:50:39","date_gmt":"2024-07-01T23:50:39","guid":{"rendered":"https:\/\/senoticias.com.br\/se\/?p=143088"},"modified":"2024-07-01T20:50:44","modified_gmt":"2024-07-01T23:50:44","slug":"mudancas-no-cartao-de-credito-comecam-a-valer-nesta-segunda-feira-veja-quais-sao","status":"publish","type":"post","link":"https:\/\/senoticias.com.br\/se\/mudancas-no-cartao-de-credito-comecam-a-valer-nesta-segunda-feira-veja-quais-sao\/","title":{"rendered":"Mudan\u00e7as no cart\u00e3o de cr\u00e9dito come\u00e7am a valer nesta segunda-feira; veja quais s\u00e3o"},"content":{"rendered":"\n<p><\/p>\n\n\n\n<p>As novas regras para os cart\u00f5es de cr\u00e9dito entram em vigor nesta segunda-feira (1\u00ba). A partir de agora o consumidor poder\u00e1 fazer a portabilidade do cr\u00e9dito rotativo, que permite transferir d\u00edvidas das faturas para um banco que ofere\u00e7a melhores condi\u00e7\u00f5es.<\/p>\n\n\n\n<p>O direito \u00e0 portabilidade do saldo devedor da fatura de cart\u00e3o de cr\u00e9dito tamb\u00e9m ser\u00e1 v\u00e1lido para pagamento p\u00f3s-pago, modalidades nas quais os recursos s\u00e3o depositados para d\u00e9bitos j\u00e1 assumidos, e para outras d\u00edvidas relacionadas, at\u00e9 mesmo aquelas j\u00e1 parceladas.<\/p>\n\n\n\n<figure class=\"wp-block-image size-large\"><img loading=\"lazy\" decoding=\"async\" width=\"470\" height=\"669\" src=\"https:\/\/senoticias.com.br\/se\/wp-content\/uploads\/2024\/07\/cartoes-de-credito-se-noticias.jpg\" alt=\"\" class=\"wp-image-143089\" srcset=\"https:\/\/senoticias.com.br\/se\/wp-content\/uploads\/2024\/07\/cartoes-de-credito-se-noticias.jpg 470w, https:\/\/senoticias.com.br\/se\/wp-content\/uploads\/2024\/07\/cartoes-de-credito-se-noticias-211x300.jpg 211w\" sizes=\"(max-width: 470px) 100vw, 470px\" \/><figcaption>Consumidor poder\u00e1 transferir a d\u00edvida do rotativo para banco que ofere\u00e7a melhores condi\u00e7\u00f5es &#8211; Foto: arquivo\/SE Not\u00edcias<\/figcaption><\/figure>\n\n\n\n<p>Outra medida que come\u00e7a a vigorar \u00e9 a que prev\u00ea mais transpar\u00eancia \u00e0 fatura do cart\u00e3o. Os boletos dever\u00e3o ter uma \u00e1rea de destaque, com as informa\u00e7\u00f5es essenciais, como valor total da fatura, data de vencimento da fatura do per\u00edodo vigente e limite total de cr\u00e9dito.<\/p>\n\n\n\n<p>As novas regras foram regulamentadas pelo BC (Banco Central) e pelo CMN (Conselho Monet\u00e1rio Nacional) no final do ano passado, com a resolu\u00e7\u00e3o sobre o limite de juros para o cr\u00e9dito rotativo e a fatura parcelada em 100% do valor da d\u00edvida, que entrou em vigor no come\u00e7o deste ano.<\/p>\n\n\n\n<p>Segundo a Abecs (Associa\u00e7\u00e3o Brasileira das Empresas de Cart\u00f5es de Cr\u00e9dito e Servi\u00e7os), 115 milh\u00f5es de transa\u00e7\u00f5es com cart\u00f5es s\u00e3o realizadas por dia no pa\u00eds. O Brasil registrou 212,3 milh\u00f5es de cart\u00f5es de cr\u00e9dito ativos em 2023, conforme estudo do Banco Central.<\/p>\n\n\n\n<p><strong>O que vai mudar<\/strong><\/p>\n\n\n\n<p>1) Portabilidade da d\u00edvida do rotativo, em que o consumidor poder\u00e1 escolher o banco que tem a melhor proposta e passar a d\u00edvida para ele, onde vai fazer um novo contrato, com novas condi\u00e7\u00f5es.<\/p>\n\n\n\n<p>A medida tamb\u00e9m vale para os demais instrumentos de pagamento p\u00f3s-pagos, modalidades nas quais os recursos s\u00e3o depositados para pagamento de d\u00e9bitos j\u00e1 assumidos.<\/p>\n\n\n\n<p>2) As faturas do cart\u00e3o de cr\u00e9dito dever\u00e3o ter uma \u00e1rea de destaque, com as informa\u00e7\u00f5es essenciais, como valor total, data de vencimento do per\u00edodo vigente e limite total de cr\u00e9dito.<\/p>\n\n\n\n<p>3) Iniciativas de educa\u00e7\u00e3o financeira devem ser promovidas pelas institui\u00e7\u00f5es de pagamento e demais autorizadas pelo Banco Central.<\/p>\n\n\n\n<p>4) Bancos e outras institui\u00e7\u00f5es dever\u00e3o garantir a indica\u00e7\u00e3o de um diretor respons\u00e1vel por essa \u00e1rea de educa\u00e7\u00e3o financeira, que por sua vez ter\u00e1 de constituir mecanismos de controle e acompanhamento da efic\u00e1cia das medidas adotadas.<\/p>\n\n\n\n<p><strong>Portabilidade<\/strong><\/p>\n\n\n\n<p>O consumidor poder\u00e1 passar sua d\u00edvida de um banco para outro, que oferecer melhores condi\u00e7\u00f5es para o pagamento, desde que seja uma institui\u00e7\u00e3o autorizada pelo BC.<\/p>\n\n\n\n<p>No entanto, especialistas recomendam comparar as propostas entre as institui\u00e7\u00f5es financeiras, antes de negociar condi\u00e7\u00f5es mais favor\u00e1veis. O consumidor escolhe o banco que tem a melhor proposta e passa a d\u00edvida para ele, onde vai fazer um novo contrato, com novas condi\u00e7\u00f5es.<\/p>\n\n\n\n<p>Mesmo com a mudan\u00e7a da regra, a taxa m\u00e9dia de juros do rotativo do cart\u00e3o de cr\u00e9dito chegou a 422,5% ao ano em maio, segundo dados do BC. Os juros no rotativo s\u00e3o calculados com base no valor que deixou de ser pago na fatura anterior.<\/p>\n\n\n\n<p>\u201cO rotativo do cart\u00e3o de cr\u00e9dito tem a taxa de juros mais elevada do mercado. Quando voc\u00ea escolhe entrar no rotativo, corre juro muito elevado sobre a parte da fatura que deixou de ser paga. O que vai poder fazer \u00e9 pegar essa d\u00edvida e levar para outra institui\u00e7\u00e3o, que emprestar\u00e1 o dinheiro para quitar a conta \u00e0 vista e financiar\u00e1 com juros mais baixos do que os do rotativo do cart\u00e3o de cr\u00e9dito\u201d, explica Ricardo Teixeira, coordenador do curso do MBA de Gest\u00e3o Financeira da FGV.<\/p>\n\n\n\n<p>A orienta\u00e7\u00e3o \u00e9 ter cuidado para que os custos financeiros que o consumidor possa ter sobre a d\u00edvida que est\u00e1 contraindo no banco sejam menores do que ele j\u00e1 est\u00e1 pagando no rotativo.<\/p>\n\n\n\n<p>Para Aline Soaper, educadora financeira, na portabilidade de d\u00edvida \u00e9 preciso avaliar as condi\u00e7\u00f5es do novo contrato. \u201cPode ser que a parcela fique mais baixa, mas a quantidade de parcelas maior (por mais meses, por exemplo). \u00c9 preciso avaliar tamb\u00e9m se existe alguma garantia para segurar a nova d\u00edvida, e analisar os riscos\u201d, afirma a educadora.<\/p>\n\n\n\n<p><strong>Fatura do cart\u00e3o<\/strong><\/p>\n\n\n\n<p>O documento dever\u00e1 ter linguagem clara e de f\u00e1cil acesso. O objetivo da mudan\u00e7a \u00e9 promover a educa\u00e7\u00e3o financeira, para reduzir o endividamento das fam\u00edlias e a inadimpl\u00eancia.endividamento das fam\u00edlias e a inadimpl\u00eancia.<\/p>\n\n\n\n<p>Segundo estudo do Banco Central, a mudan\u00e7a da fatura pode facilitar a compreens\u00e3o, aumentar o total de consumidores que pagam em dia e diminuir o endividamento.<\/p>\n\n\n\n<p>As faturas passar\u00e3o a ter uma \u00e1rea em que sejam oferecidas op\u00e7\u00f5es de pagamento. Nessa \u00e1rea dever\u00e3o estar as seguintes informa\u00e7\u00f5es:<\/p>\n\n\n\n<p>valor do pagamento m\u00ednimo obrigat\u00f3rio<br>valor dos encargos a ser cobrado no per\u00edodo seguinte no caso de pagamento m\u00ednimo.<\/p>\n\n\n\n<p>op\u00e7\u00f5es de financiamento do saldo devedor da fatura, apresentadas na ordem do menor para o maior valor total a pagar<br>taxas efetivas de juros mensal e anual<br>Custo efetivo total das opera\u00e7\u00f5es de cr\u00e9dito<br>Al\u00e9m disso, as faturas ter\u00e3o uma \u00e1rea com informa\u00e7\u00f5es complementares. Nesse campo, devem estar:<\/p>\n\n\n\n<p>Informa\u00e7\u00f5es como lan\u00e7amentos na conta de pagamento<br>Identifica\u00e7\u00e3o das opera\u00e7\u00f5es de cr\u00e9dito contratadas<br>Juros e encargos cobrados no per\u00edodo vigente<br>Valor total de juros e encargos financeiros cobrados referentes \u00e0s opera\u00e7\u00f5es de cr\u00e9dito contratadas<br>Identifica\u00e7\u00e3o das tarifas cobradas<br>Limites individuais para cada tipo de opera\u00e7\u00e3o<\/p>\n\n\n\n<p><strong><em>A<strong><em>companhe tamb\u00e9m o SE Not\u00edcias no\u00a0<a rel=\"noreferrer noopener\" href=\"https:\/\/www.instagram.com\/senoticias\/\" target=\"_blank\">Instagram<\/a><\/em><\/strong><\/em><\/strong>,\u00a0<strong><em><strong><em>\u00a0<a rel=\"noreferrer noopener\" href=\"https:\/\/www.facebook.com\/senoticias1\" target=\"_blank\">Facebook<\/a>\u00a0e<\/em><\/strong>\u00a0no<\/em>\u00a0<em><a href=\"https:\/\/twitter.com\/Senoticias\">X<\/a><\/em><\/strong><\/p>\n\n\n\n<p>Fonte: R7.com<\/p>\n","protected":false},"excerpt":{"rendered":"<p>As novas regras para os cart\u00f5es de cr\u00e9dito entram em vigor nesta segunda-feira (1\u00ba). A partir de agora o consumidor poder\u00e1 fazer a portabilidade do cr\u00e9dito rotativo, que permite transferir d\u00edvidas das faturas para um banco que ofere\u00e7a melhores condi\u00e7\u00f5es. O direito \u00e0 portabilidade do saldo devedor da fatura de cart\u00e3o de cr\u00e9dito tamb\u00e9m ser\u00e1 [&hellip;]<\/p>\n","protected":false},"author":6557,"featured_media":0,"comment_status":"closed","ping_status":"closed","sticky":false,"template":"","format":"standard","meta":{"footnotes":""},"categories":[15,6],"tags":[7655,41889],"class_list":{"0":"post-143088","1":"post","2":"type-post","3":"status-publish","4":"format-standard","6":"category-destaques","7":"category-politica","8":"tag-cartao-de-credito","9":"tag-mudancas-no-cartao-de-credito"},"_links":{"self":[{"href":"https:\/\/senoticias.com.br\/se\/wp-json\/wp\/v2\/posts\/143088"}],"collection":[{"href":"https:\/\/senoticias.com.br\/se\/wp-json\/wp\/v2\/posts"}],"about":[{"href":"https:\/\/senoticias.com.br\/se\/wp-json\/wp\/v2\/types\/post"}],"author":[{"embeddable":true,"href":"https:\/\/senoticias.com.br\/se\/wp-json\/wp\/v2\/users\/6557"}],"replies":[{"embeddable":true,"href":"https:\/\/senoticias.com.br\/se\/wp-json\/wp\/v2\/comments?post=143088"}],"version-history":[{"count":0,"href":"https:\/\/senoticias.com.br\/se\/wp-json\/wp\/v2\/posts\/143088\/revisions"}],"wp:attachment":[{"href":"https:\/\/senoticias.com.br\/se\/wp-json\/wp\/v2\/media?parent=143088"}],"wp:term":[{"taxonomy":"category","embeddable":true,"href":"https:\/\/senoticias.com.br\/se\/wp-json\/wp\/v2\/categories?post=143088"},{"taxonomy":"post_tag","embeddable":true,"href":"https:\/\/senoticias.com.br\/se\/wp-json\/wp\/v2\/tags?post=143088"}],"curies":[{"name":"wp","href":"https:\/\/api.w.org\/{rel}","templated":true}]}}