{"id":143084,"date":"2024-07-01T19:01:01","date_gmt":"2024-07-01T22:01:01","guid":{"rendered":"https:\/\/senoticias.com.br\/se\/?p=143084"},"modified":"2024-07-01T20:37:04","modified_gmt":"2024-07-01T23:37:04","slug":"ventania-arranca-telhado-de-lanchonete-e-causa-estragos-na-orla-da-atalaia-em-aracaju","status":"publish","type":"post","link":"https:\/\/senoticias.com.br\/se\/ventania-arranca-telhado-de-lanchonete-e-causa-estragos-na-orla-da-atalaia-em-aracaju\/","title":{"rendered":"Ventania arranca telhado de lanchonete e causa estragos na Orla da Atalaia em Aracaju"},"content":{"rendered":"\n<p><\/p>\n\n\n\n<p>A Defesa Civil de Aracaju registrou nesta segunda-feira, 1\u00aa, a queda de um coqueiro e rajadas de vento de at\u00e9 73 km\/h na Orla de Atalaia, em Aracaju. O v\u00eddeo, que repercutiu nas redes sociais, mostra cadeiras e outros objetos sendo lan\u00e7ados pelos ventos.<\/p>\n\n\n\n<figure class=\"wp-block-image size-large\"><img loading=\"lazy\" decoding=\"async\" width=\"529\" height=\"671\" src=\"https:\/\/senoticias.com.br\/se\/wp-content\/uploads\/2024\/07\/Ventos-fortes-na-Atalaia-SE-Noticias.jpg\" alt=\"\" class=\"wp-image-143086\" srcset=\"https:\/\/senoticias.com.br\/se\/wp-content\/uploads\/2024\/07\/Ventos-fortes-na-Atalaia-SE-Noticias.jpg 529w, https:\/\/senoticias.com.br\/se\/wp-content\/uploads\/2024\/07\/Ventos-fortes-na-Atalaia-SE-Noticias-237x300.jpg 237w\" sizes=\"(max-width: 529px) 100vw, 529px\" \/><figcaption>Em imagens que circularam na internet \u00e9 poss\u00edvel ver o momento em que o vento corre em movimentos circulares intensos &#8211; Foto: reprodu\u00e7\u00e3o redes sociais<\/figcaption><\/figure>\n\n\n\n<p>De acordo com o \u00f3rg\u00e3o, diante da situa\u00e7\u00e3o, uma equipe foi at\u00e9 a regi\u00e3o e registrou a queda de um coqueiro, acionando a Empresa Municipal de Servi\u00e7os Urbanos (Emsurb) para o recolhimento da \u00e1rvore. O caso foi compartilhado nas redes sociais e, conforme a Defesa Civil, n\u00e3o houve registro de ocorr\u00eancias atrav\u00e9s do servi\u00e7o emergencial 199.<\/p>\n\n\n\n<p><strong>Situa\u00e7\u00f5es de perigo<\/strong><\/p>\n\n\n\n<p>Diante de ventos fortes, a Defesa Civil orienta que a popula\u00e7\u00e3o busque abrigo em local coberto, afastado de \u00e1rvores, pain\u00e9is de publicidade ou vidra\u00e7as. \u00c9 importante manter aten\u00e7\u00e3o \u00e0s coberturas de telhado com materiais de baixo peso, como fibrocimento ou alum\u00ednio, que podem ser arremessados.<\/p>\n\n\n\n<p>Em situa\u00e7\u00e3o de emerg\u00eancia, a popula\u00e7\u00e3o pode acionar o \u00f3rg\u00e3o atrav\u00e9s do servi\u00e7o 199, dispon\u00edvel 24h.<\/p>\n\n\n\n<p><strong><em>A<strong><em>companhe tamb\u00e9m o SE Not\u00edcias no\u00a0<a rel=\"noreferrer noopener\" href=\"https:\/\/www.instagram.com\/senoticias\/\" target=\"_blank\">Instagram<\/a><\/em><\/strong><\/em><\/strong>,\u00a0<strong><em><strong><em>\u00a0<a rel=\"noreferrer noopener\" href=\"https:\/\/www.facebook.com\/senoticias1\" target=\"_blank\">Facebook<\/a>\u00a0e<\/em><\/strong>\u00a0no<\/em>\u00a0<em><a href=\"https:\/\/twitter.com\/Senoticias\">X<\/a><\/em><\/strong><\/p>\n\n\n\n<p><em>Fonte: Infonet<\/em><\/p>\n","protected":false},"excerpt":{"rendered":"<p>A Defesa Civil de Aracaju registrou nesta segunda-feira, 1\u00aa, a queda de um coqueiro e rajadas de vento de at\u00e9 73 km\/h na Orla de Atalaia, em Aracaju. O v\u00eddeo, que repercutiu nas redes sociais, mostra cadeiras e outros objetos sendo lan\u00e7ados pelos ventos. De acordo com o \u00f3rg\u00e3o, diante da situa\u00e7\u00e3o, uma equipe foi [&hellip;]<\/p>\n","protected":false},"author":6557,"featured_media":0,"comment_status":"closed","ping_status":"closed","sticky":false,"template":"","format":"standard","meta":{"footnotes":""},"categories":[15,6,1],"tags":[41887,41888],"class_list":{"0":"post-143084","1":"post","2":"type-post","3":"status-publish","4":"format-standard","6":"category-destaques","7":"category-politica","8":"category-sem-categoria","9":"tag-ventania","10":"tag-ventos-na-oral-de-atalaia"},"_links":{"self":[{"href":"https:\/\/senoticias.com.br\/se\/wp-json\/wp\/v2\/posts\/143084"}],"collection":[{"href":"https:\/\/senoticias.com.br\/se\/wp-json\/wp\/v2\/posts"}],"about":[{"href":"https:\/\/senoticias.com.br\/se\/wp-json\/wp\/v2\/types\/post"}],"author":[{"embeddable":true,"href":"https:\/\/senoticias.com.br\/se\/wp-json\/wp\/v2\/users\/6557"}],"replies":[{"embeddable":true,"href":"https:\/\/senoticias.com.br\/se\/wp-json\/wp\/v2\/comments?post=143084"}],"version-history":[{"count":0,"href":"https:\/\/senoticias.com.br\/se\/wp-json\/wp\/v2\/posts\/143084\/revisions"}],"wp:attachment":[{"href":"https:\/\/senoticias.com.br\/se\/wp-json\/wp\/v2\/media?parent=143084"}],"wp:term":[{"taxonomy":"category","embeddable":true,"href":"https:\/\/senoticias.com.br\/se\/wp-json\/wp\/v2\/categories?post=143084"},{"taxonomy":"post_tag","embeddable":true,"href":"https:\/\/senoticias.com.br\/se\/wp-json\/wp\/v2\/tags?post=143084"}],"curies":[{"name":"wp","href":"https:\/\/api.w.org\/{rel}","templated":true}]}}