{"id":143066,"date":"2024-06-29T06:36:19","date_gmt":"2024-06-29T09:36:19","guid":{"rendered":"https:\/\/senoticias.com.br\/se\/?p=143066"},"modified":"2024-06-29T06:42:03","modified_gmt":"2024-06-29T09:42:03","slug":"arcebispo-de-aracaju-celebra-missa-junto-com-o-papa-francisco","status":"publish","type":"post","link":"https:\/\/senoticias.com.br\/se\/arcebispo-de-aracaju-celebra-missa-junto-com-o-papa-francisco\/","title":{"rendered":"Arcebispo de Aracaju celebra missa junto com o papa Francisco"},"content":{"rendered":"\n<p><\/p>\n\n\n\n<p>O arcebispo metropolitano de Aracaju, dom Josaf\u00e1 Menezes, concelebrou na Bas\u00edlica do Vaticano, a missa presidida pelo papa Francisco. Durante o evento religioso ocorreu a b\u00ean\u00e7\u00e3o do P\u00e1lio Arquiepiscopal, que ser\u00e1 entregue aos arcebispos nomeados nos \u00faltimos 12 meses, inclusive a dom Josaf\u00e1. A missa foi celebrada, \u00e0s 4h30 deste s\u00e1bado (29), na Bas\u00edlica de S\u00e3o Pedro (Roma).<\/p>\n\n\n\n<p>Foram contemplados com a ins\u00edgnia papal cinco arcebispos do Brasil, sendo quatro de capitais do Nordeste (Aracaju, Macei\u00f3, Fortaleza e Natal), e um da Arquidiocese de Cascavel-PR. A Arquidiocese de Aracaju informou que divulgar\u00e1 nos pr\u00f3ximos dias a data da missa de imposi\u00e7\u00e3o do P\u00e1lio Arquiepiscopal sobre os ombros de dom Josaf\u00e1, em Aracaju, celebra\u00e7\u00e3o que ser\u00e1 presidida pelo N\u00fancio Apost\u00f3lico no Brasil, dom Giambattista Diquattro.<\/p>\n\n\n\n<figure class=\"wp-block-image size-large\"><img loading=\"lazy\" decoding=\"async\" width=\"596\" height=\"614\" src=\"https:\/\/senoticias.com.br\/se\/wp-content\/uploads\/2024\/06\/Arcebispo-de-celebra-missa-com-o-papa-se-noticias.jpg\" alt=\"\" class=\"wp-image-143067\" srcset=\"https:\/\/senoticias.com.br\/se\/wp-content\/uploads\/2024\/06\/Arcebispo-de-celebra-missa-com-o-papa-se-noticias.jpg 596w, https:\/\/senoticias.com.br\/se\/wp-content\/uploads\/2024\/06\/Arcebispo-de-celebra-missa-com-o-papa-se-noticias-291x300.jpg 291w\" sizes=\"(max-width: 596px) 100vw, 596px\" \/><figcaption>Durante a missa, dom Josaf\u00e1 foi contemplado com o P\u00e1lio Arquiepiscopal &#8211; Foto: ascom\/Arquidiocese de Aracaju<\/figcaption><\/figure>\n\n\n\n<p>Dom Josaf\u00e1 explicou que o P\u00e1lio \u00e9 uma pe\u00e7a feita de l\u00e3 de cordeiro, e simboliza a ovelha que o bom pastor carrega nos seus ombros. \u201cPara mim, \u00e9 um chamado especial da Igreja para representar Cristo Bom Pastor na Prov\u00edncia Eclesi\u00e1stica de Aracaju\u201d.<\/p>\n\n\n\n<p>Ao longo da hist\u00f3ria da Igreja, a pe\u00e7a foi concedida aos bispos de importantes sedes episcopais. Posteriormente, passou a contemplar tamb\u00e9m todos os arcebispos metropolitanos, como sinal de comunh\u00e3o entre a Prov\u00edncia Eclesi\u00e1stica com o Bispo de Roma. \u201cO metropolita \u00e9 v\u00ednculo de comunh\u00e3o com o Papa\u201d, observou o nosso arcebispo.<\/p>\n\n\n\n<p><strong><em>A<strong><em>companhe tamb\u00e9m o SE Not\u00edcias no\u00a0<a rel=\"noreferrer noopener\" href=\"https:\/\/www.instagram.com\/senoticias\/\" target=\"_blank\">Instagram<\/a><\/em><\/strong><\/em><\/strong>,\u00a0<strong><em><strong><em>\u00a0<a rel=\"noreferrer noopener\" href=\"https:\/\/www.facebook.com\/senoticias1\" target=\"_blank\">Facebook<\/a>\u00a0e<\/em><\/strong>\u00a0no<\/em>\u00a0<em><a href=\"https:\/\/twitter.com\/Senoticias\">X<\/a><\/em><\/strong><\/p>\n\n\n\n<p>Fonte: Arquidiocese de Aracaju<\/p>\n","protected":false},"excerpt":{"rendered":"<p>O arcebispo metropolitano de Aracaju, dom Josaf\u00e1 Menezes, concelebrou na Bas\u00edlica do Vaticano, a missa presidida pelo papa Francisco. Durante o evento religioso ocorreu a b\u00ean\u00e7\u00e3o do P\u00e1lio Arquiepiscopal, que ser\u00e1 entregue aos arcebispos nomeados nos \u00faltimos 12 meses, inclusive a dom Josaf\u00e1. A missa foi celebrada, \u00e0s 4h30 deste s\u00e1bado (29), na Bas\u00edlica de [&hellip;]<\/p>\n","protected":false},"author":6557,"featured_media":0,"comment_status":"closed","ping_status":"closed","sticky":false,"template":"","format":"standard","meta":{"footnotes":""},"categories":[15,46,1],"tags":[39460,34422,886],"class_list":{"0":"post-143066","1":"post","2":"type-post","3":"status-publish","4":"format-standard","6":"category-destaques","7":"category-religiao","8":"category-sem-categoria","9":"tag-arcebispo-de-aracaju","10":"tag-arquidiocese-de-aracaju","11":"tag-papa-francisco"},"_links":{"self":[{"href":"https:\/\/senoticias.com.br\/se\/wp-json\/wp\/v2\/posts\/143066"}],"collection":[{"href":"https:\/\/senoticias.com.br\/se\/wp-json\/wp\/v2\/posts"}],"about":[{"href":"https:\/\/senoticias.com.br\/se\/wp-json\/wp\/v2\/types\/post"}],"author":[{"embeddable":true,"href":"https:\/\/senoticias.com.br\/se\/wp-json\/wp\/v2\/users\/6557"}],"replies":[{"embeddable":true,"href":"https:\/\/senoticias.com.br\/se\/wp-json\/wp\/v2\/comments?post=143066"}],"version-history":[{"count":0,"href":"https:\/\/senoticias.com.br\/se\/wp-json\/wp\/v2\/posts\/143066\/revisions"}],"wp:attachment":[{"href":"https:\/\/senoticias.com.br\/se\/wp-json\/wp\/v2\/media?parent=143066"}],"wp:term":[{"taxonomy":"category","embeddable":true,"href":"https:\/\/senoticias.com.br\/se\/wp-json\/wp\/v2\/categories?post=143066"},{"taxonomy":"post_tag","embeddable":true,"href":"https:\/\/senoticias.com.br\/se\/wp-json\/wp\/v2\/tags?post=143066"}],"curies":[{"name":"wp","href":"https:\/\/api.w.org\/{rel}","templated":true}]}}