{"id":143039,"date":"2024-06-26T20:10:16","date_gmt":"2024-06-26T23:10:16","guid":{"rendered":"https:\/\/senoticias.com.br\/se\/?p=143039"},"modified":"2024-06-26T20:45:48","modified_gmt":"2024-06-26T23:45:48","slug":"senador-alessandro-e-indicado-ao-premio-congresso-em-foco","status":"publish","type":"post","link":"https:\/\/senoticias.com.br\/se\/senador-alessandro-e-indicado-ao-premio-congresso-em-foco\/","title":{"rendered":"Senador Alessandro \u00e9 indicado ao Pr\u00eamio Congresso em Foco"},"content":{"rendered":"\n<p>O senador Alessandro Vieira (MDB\/SE) foi indicado ao Pr\u00eamio Congresso em Foco 2024, importante premia\u00e7\u00e3o da pol\u00edtica brasileira, realizada pelo site Congresso em Foco para reconhecer deputados e senadores que mais se destacaram nas duas categorias gerais &#8211; Melhores na C\u00e2mara e Melhores no Senado &#8211; e nas tr\u00eas categorias especiais &#8211; Apoio \u00e0 Ind\u00fastria, Cidades Inteligentes e Clima e Sustentabilidade. Segundo as regras desta 17\u00aa edi\u00e7\u00e3o, concorrem parlamentares que n\u00e3o respondam, perante o Poder Judici\u00e1rio, a acusa\u00e7\u00f5es criminais, seja sob a forma de a\u00e7\u00e3o penal ou inqu\u00e9rito, nem a processos de improbidade administrativa.<\/p>\n\n\n\n<figure class=\"wp-block-image size-large\"><img loading=\"lazy\" decoding=\"async\" width=\"599\" height=\"402\" src=\"https:\/\/senoticias.com.br\/se\/wp-content\/uploads\/2024\/06\/Alessandro-Vieira-SE-Noticias.jpg\" alt=\"\" class=\"wp-image-143043\" srcset=\"https:\/\/senoticias.com.br\/se\/wp-content\/uploads\/2024\/06\/Alessandro-Vieira-SE-Noticias.jpg 599w, https:\/\/senoticias.com.br\/se\/wp-content\/uploads\/2024\/06\/Alessandro-Vieira-SE-Noticias-300x201.jpg 300w, https:\/\/senoticias.com.br\/se\/wp-content\/uploads\/2024\/06\/Alessandro-Vieira-SE-Noticias-90x60.jpg 90w, https:\/\/senoticias.com.br\/se\/wp-content\/uploads\/2024\/06\/Alessandro-Vieira-SE-Noticias-180x120.jpg 180w, https:\/\/senoticias.com.br\/se\/wp-content\/uploads\/2024\/06\/Alessandro-Vieira-SE-Noticias-95x64.jpg 95w\" sizes=\"(max-width: 599px) 100vw, 599px\" \/><figcaption>Senador Alessandro Vieira (PSDB-SE) &#8211; Foto: Edilson Rodrigues\/Ag\u00eancia Senado<\/figcaption><\/figure>\n\n\n\n<p>\u201c \u00c9 com gratid\u00e3o que recebo a indica\u00e7\u00e3o ao Pr\u00eamio Congresso em Foco 2024. Este reconhecimento n\u00e3o seria poss\u00edvel sem o apoio e confian\u00e7a de todos aqueles que t\u00eam acompanhado nosso trabalho ao longo desses anos. Ser indicado em categorias t\u00e3o importantes como Melhores no Senado e nas especiais Apoio \u00e0 Ind\u00fastria, Cidades Inteligentes e Clima e Sustentabilidade \u00e9 uma grande honra. Reflete n\u00e3o apenas o esfor\u00e7o individual, mas principalmente o compromisso com causas que impactam diretamente a vida dos brasileiros&#8221;, reconhece Alessandro Vieira.<\/p>\n\n\n\n<p>Os vencedores ser\u00e3o conhecidos em uma cerim\u00f4nia a ser realizada em 29 de agosto. Os premiados ser\u00e3o definidos pelo p\u00fablico na internet, em vota\u00e7\u00e3o que se estender\u00e1 de 1\u00ba a 31\u00ba de julho, pelo j\u00fari especializado e por um grupo de 25 jornalistas que cobrem o Congresso. Ser\u00e3o premiados os cinco mais votados nas categorias &#8220;Melhores no Senado&#8221;, &#8220;Cidades Inteligentes&#8221;, &#8220;Apoio \u00e0 Ind\u00fastria&#8221; e &#8220;Clima e Sustentabilidade&#8221; e os dez mais votados na categoria &#8220;Melhores na C\u00e2mara&#8221;.<\/p>\n\n\n\n<p>&#8220;Que esta indica\u00e7\u00e3o seja um incentivo para continuarmos trabalhando pelos interesses do nosso pa\u00eds, promovendo pol\u00edticas que visem ao desenvolvimento sustent\u00e1vel, \u00e0 inova\u00e7\u00e3o nas cidades e ao fortalecimento da nossa ind\u00fastria&#8221;, aponta Vieira.<\/p>\n\n\n\n<p><strong><em>A<strong><em>companhe tamb\u00e9m o SE Not\u00edcias no\u00a0<a rel=\"noreferrer noopener\" href=\"https:\/\/www.instagram.com\/senoticias\/\" target=\"_blank\">Instagram<\/a><\/em><\/strong><\/em><\/strong>,\u00a0<strong><em><strong><em>\u00a0<a rel=\"noreferrer noopener\" href=\"https:\/\/www.facebook.com\/senoticias1\" target=\"_blank\">Facebook<\/a>\u00a0e<\/em><\/strong>\u00a0no<\/em>\u00a0<em><a href=\"https:\/\/twitter.com\/Senoticias\">X<\/a><\/em><\/strong><\/p>\n\n\n\n<p>Fonte: Reda\u00e7\u00e3o SE Not\u00edcias<\/p>\n","protected":false},"excerpt":{"rendered":"<p>O senador Alessandro Vieira (MDB\/SE) foi indicado ao Pr\u00eamio Congresso em Foco 2024, importante premia\u00e7\u00e3o da pol\u00edtica brasileira, realizada pelo site Congresso em Foco para reconhecer deputados e senadores que mais se destacaram nas duas categorias gerais &#8211; Melhores na C\u00e2mara e Melhores no Senado &#8211; e nas tr\u00eas categorias especiais &#8211; Apoio \u00e0 Ind\u00fastria, [&hellip;]<\/p>\n","protected":false},"author":6557,"featured_media":0,"comment_status":"closed","ping_status":"closed","sticky":false,"template":"","format":"standard","meta":{"footnotes":""},"categories":[15,6],"tags":[41870,11756],"class_list":{"0":"post-143039","1":"post","2":"type-post","3":"status-publish","4":"format-standard","6":"category-destaques","7":"category-politica","8":"tag-premio-congresso-em-foco","9":"tag-senador-alessandro"},"_links":{"self":[{"href":"https:\/\/senoticias.com.br\/se\/wp-json\/wp\/v2\/posts\/143039"}],"collection":[{"href":"https:\/\/senoticias.com.br\/se\/wp-json\/wp\/v2\/posts"}],"about":[{"href":"https:\/\/senoticias.com.br\/se\/wp-json\/wp\/v2\/types\/post"}],"author":[{"embeddable":true,"href":"https:\/\/senoticias.com.br\/se\/wp-json\/wp\/v2\/users\/6557"}],"replies":[{"embeddable":true,"href":"https:\/\/senoticias.com.br\/se\/wp-json\/wp\/v2\/comments?post=143039"}],"version-history":[{"count":0,"href":"https:\/\/senoticias.com.br\/se\/wp-json\/wp\/v2\/posts\/143039\/revisions"}],"wp:attachment":[{"href":"https:\/\/senoticias.com.br\/se\/wp-json\/wp\/v2\/media?parent=143039"}],"wp:term":[{"taxonomy":"category","embeddable":true,"href":"https:\/\/senoticias.com.br\/se\/wp-json\/wp\/v2\/categories?post=143039"},{"taxonomy":"post_tag","embeddable":true,"href":"https:\/\/senoticias.com.br\/se\/wp-json\/wp\/v2\/tags?post=143039"}],"curies":[{"name":"wp","href":"https:\/\/api.w.org\/{rel}","templated":true}]}}