{"id":143033,"date":"2024-06-26T17:39:18","date_gmt":"2024-06-26T20:39:18","guid":{"rendered":"https:\/\/senoticias.com.br\/se\/?p=143033"},"modified":"2024-06-26T17:52:31","modified_gmt":"2024-06-26T20:52:31","slug":"policia-civil-resgata-dois-cachorros-em-situacao-de-maus-tratos-em-aracaju","status":"publish","type":"post","link":"https:\/\/senoticias.com.br\/se\/policia-civil-resgata-dois-cachorros-em-situacao-de-maus-tratos-em-aracaju\/","title":{"rendered":"Pol\u00edcia Civil resgata dois cachorros em situa\u00e7\u00e3o de maus-tratos em Aracaju"},"content":{"rendered":"\n<p>Equipe da Delegacia de Prote\u00e7\u00e3o Animal e Meio Ambiente (Depama) resgatou dois cachorros que estavam sendo mantidos em condi\u00e7\u00e3o de maus-tratos na regi\u00e3o da avenida Augusto Franco, em Aracaju. A a\u00e7\u00e3o ocorreu nesta quarta-feira, 26.<\/p>\n\n\n\n<figure class=\"wp-block-image size-large\"><img loading=\"lazy\" decoding=\"async\" width=\"576\" height=\"363\" src=\"https:\/\/senoticias.com.br\/se\/wp-content\/uploads\/2024\/06\/Depama-se-noticias.jpg\" alt=\"\" class=\"wp-image-143035\" srcset=\"https:\/\/senoticias.com.br\/se\/wp-content\/uploads\/2024\/06\/Depama-se-noticias.jpg 576w, https:\/\/senoticias.com.br\/se\/wp-content\/uploads\/2024\/06\/Depama-se-noticias-300x189.jpg 300w, https:\/\/senoticias.com.br\/se\/wp-content\/uploads\/2024\/06\/Depama-se-noticias-120x76.jpg 120w, https:\/\/senoticias.com.br\/se\/wp-content\/uploads\/2024\/06\/Depama-se-noticias-265x168.jpg 265w, https:\/\/senoticias.com.br\/se\/wp-content\/uploads\/2024\/06\/Depama-se-noticias-284x180.jpg 284w, https:\/\/senoticias.com.br\/se\/wp-content\/uploads\/2024\/06\/Depama-se-noticias-274x173.jpg 274w, https:\/\/senoticias.com.br\/se\/wp-content\/uploads\/2024\/06\/Depama-se-noticias-220x140.jpg 220w\" sizes=\"(max-width: 576px) 100vw, 576px\" \/><figcaption>Animais estavam amarrados em coleiras curtas, sem alimenta\u00e7\u00e3o e sujeitos \u00e0s intemp\u00e9ries do tempo &#8211; Foto: SSP\/SE<\/figcaption><\/figure>\n\n\n\n<p>Segundo o delegado Fl\u00e1vio Albuquerque, os animais estavam amarrados com guia curta, abandonados pelos tutores, que s\u00e3o pessoas em condi\u00e7\u00e3o de rua.<\/p>\n\n\n\n<p>\u201cOs animais eram privados de alimenta\u00e7\u00e3o e \u00e1gua, estando em local sem higiene e expostos \u00e0s intemp\u00e9ries do tempo\u201d, detalhou o delegado titular da Depama.<\/p>\n\n\n\n<p>Ainda conforme o delegado, a situa\u00e7\u00e3o era visivelmente de maus-tratos. \u201cOs animais estavam abandonados, estressados, famintos, sem cuidados, amarrados. Eles tentavam se soltar e se feriam com as guias (coleiras) curtas\u201d, relatou o delegado.<\/p>\n\n\n\n<p>Ap\u00f3s o resgate, os dois cachorros foram acolhidos por uma ONG protetora dos animais.<\/p>\n\n\n\n<p>A Pol\u00edcia Civil solicita que informa\u00e7\u00f5es e den\u00fancias sobre crimes de maus-tratos contra animais sejam repassadas \u00e0 pol\u00edcia por meio do Disque-Den\u00fancia, no telefone 181. O sigilo do denunciante \u00e9 garantido.<\/p>\n\n\n\n<p><strong><em>A<strong><em>companhe tamb\u00e9m o SE Not\u00edcias no\u00a0<a rel=\"noreferrer noopener\" href=\"https:\/\/www.instagram.com\/senoticias\/\" target=\"_blank\">Instagram<\/a><\/em><\/strong><\/em><\/strong>,\u00a0<strong><em><strong><em>\u00a0<a rel=\"noreferrer noopener\" href=\"https:\/\/www.facebook.com\/senoticias1\" target=\"_blank\">Facebook<\/a>\u00a0e<\/em><\/strong>\u00a0no<\/em>\u00a0<em><a href=\"https:\/\/twitter.com\/Senoticias\">X<\/a><\/em><\/strong><\/p>\n\n\n\n<p>Fonte: SSP\/SE<\/p>\n","protected":false},"excerpt":{"rendered":"<p>Equipe da Delegacia de Prote\u00e7\u00e3o Animal e Meio Ambiente (Depama) resgatou dois cachorros que estavam sendo mantidos em condi\u00e7\u00e3o de maus-tratos na regi\u00e3o da avenida Augusto Franco, em Aracaju. A a\u00e7\u00e3o ocorreu nesta quarta-feira, 26. Segundo o delegado Fl\u00e1vio Albuquerque, os animais estavam amarrados com guia curta, abandonados pelos tutores, que s\u00e3o pessoas em condi\u00e7\u00e3o [&hellip;]<\/p>\n","protected":false},"author":6557,"featured_media":0,"comment_status":"closed","ping_status":"closed","sticky":false,"template":"","format":"standard","meta":{"footnotes":""},"categories":[15,7,1],"tags":[34337,15430],"class_list":{"0":"post-143033","1":"post","2":"type-post","3":"status-publish","4":"format-standard","6":"category-destaques","7":"category-policia","8":"category-sem-categoria","9":"tag-depama","10":"tag-maus-tratos-de-animais"},"_links":{"self":[{"href":"https:\/\/senoticias.com.br\/se\/wp-json\/wp\/v2\/posts\/143033"}],"collection":[{"href":"https:\/\/senoticias.com.br\/se\/wp-json\/wp\/v2\/posts"}],"about":[{"href":"https:\/\/senoticias.com.br\/se\/wp-json\/wp\/v2\/types\/post"}],"author":[{"embeddable":true,"href":"https:\/\/senoticias.com.br\/se\/wp-json\/wp\/v2\/users\/6557"}],"replies":[{"embeddable":true,"href":"https:\/\/senoticias.com.br\/se\/wp-json\/wp\/v2\/comments?post=143033"}],"version-history":[{"count":0,"href":"https:\/\/senoticias.com.br\/se\/wp-json\/wp\/v2\/posts\/143033\/revisions"}],"wp:attachment":[{"href":"https:\/\/senoticias.com.br\/se\/wp-json\/wp\/v2\/media?parent=143033"}],"wp:term":[{"taxonomy":"category","embeddable":true,"href":"https:\/\/senoticias.com.br\/se\/wp-json\/wp\/v2\/categories?post=143033"},{"taxonomy":"post_tag","embeddable":true,"href":"https:\/\/senoticias.com.br\/se\/wp-json\/wp\/v2\/tags?post=143033"}],"curies":[{"name":"wp","href":"https:\/\/api.w.org\/{rel}","templated":true}]}}