{"id":143031,"date":"2024-06-26T16:36:21","date_gmt":"2024-06-26T19:36:21","guid":{"rendered":"https:\/\/senoticias.com.br\/se\/?p=143031"},"modified":"2024-06-26T16:37:01","modified_gmt":"2024-06-26T19:37:01","slug":"reafirmo-que-sou-pre-candidata-a-prefeita-de-aracaju-afirma-a-delegada-danielle-garcia","status":"publish","type":"post","link":"https:\/\/senoticias.com.br\/se\/reafirmo-que-sou-pre-candidata-a-prefeita-de-aracaju-afirma-a-delegada-danielle-garcia\/","title":{"rendered":"Reafirmo que sou pr\u00e9-candidata a prefeita de Aracaju\u201d, afirma a delegada Danielle Garcia"},"content":{"rendered":"\n<p><\/p>\n\n\n\n<p>Em entrevista ao radialista Luiz Carlos Focca, na r\u00e1dio Jovem Pan, nesta quarta-feira, 26, a delegada Danielle Garcia (MDB) destacou que segue firme com a sua pr\u00e9-candidatura a prefeita de Aracaju, que tem o respaldo dos aracajuanos. Ela disse que tem caminhado pelos bairros da capital e conversado com a popula\u00e7\u00e3o sobre as demandas nas diversas \u00e1reas.<\/p>\n\n\n\n<figure class=\"wp-block-image size-large\"><img loading=\"lazy\" decoding=\"async\" width=\"593\" height=\"471\" src=\"https:\/\/senoticias.com.br\/se\/wp-content\/uploads\/2024\/06\/Danielle-Garcia-se-noticias.jpeg\" alt=\"\" class=\"wp-image-143032\" srcset=\"https:\/\/senoticias.com.br\/se\/wp-content\/uploads\/2024\/06\/Danielle-Garcia-se-noticias.jpeg 593w, https:\/\/senoticias.com.br\/se\/wp-content\/uploads\/2024\/06\/Danielle-Garcia-se-noticias-300x238.jpeg 300w, https:\/\/senoticias.com.br\/se\/wp-content\/uploads\/2024\/06\/Danielle-Garcia-se-noticias-45x35.jpeg 45w\" sizes=\"(max-width: 593px) 100vw, 593px\" \/><figcaption>Delegada Danielle Garcia \u00e9 pr\u00e9-candata pelo MDB &#8211; Foto: ascom\/divulga\u00e7\u00e3o<\/figcaption><\/figure>\n\n\n\n<p>\u201cA sa\u00fade \u00e9 algo que a popula\u00e7\u00e3o tem reclamado e apresentado muitas demandas. Assim como a mobilidade urbana, principalmente o transporte p\u00fablico. Estamos buscando junto a especialistas medidas para que possam ser adotadas conforme a nossa realidade para solucionar estas e outras demandas de responsabilidade do Munic\u00edpio\u201d, afirmou.<\/p>\n\n\n\n<p>Danielle Garcia tamb\u00e9m ressaltou o fortalecimento de sua pr\u00e9-candidatura. \u201cAs pesquisas refor\u00e7am que a minha pr\u00e9-candidatura \u00e9 muito bem aceita pelos aracajuanos. Ningu\u00e9m consegue esconder o meu nome. Ent\u00e3o, reafirmo que sou pr\u00e9-candidata a prefeita de Aracaju\u201d, salientou.<\/p>\n\n\n\n<p>A delegada pontuou ainda que as pesquisas tamb\u00e9m t\u00eam demonstrado que os aracajuanos desejam uma mulher para administrar a capital. \u201cAracaju demonstra que deseja uma mulher prefeita pelos pr\u00f3ximos anos, que traga um olhar administrativo diferenciado. Eu conhe\u00e7o a nossa capital e estou preparada para assumir este desafio\u201d, enfatizou Danielle Garcia.<\/p>\n\n\n\n<p><strong><em>A<strong><em>companhe tamb\u00e9m o SE Not\u00edcias no\u00a0<a rel=\"noreferrer noopener\" href=\"https:\/\/www.instagram.com\/senoticias\/\" target=\"_blank\">Instagram<\/a><\/em><\/strong><\/em><\/strong>,\u00a0<strong><em><strong><em>\u00a0<a rel=\"noreferrer noopener\" href=\"https:\/\/www.facebook.com\/senoticias1\" target=\"_blank\">Facebook<\/a>\u00a0e<\/em><\/strong>\u00a0no<\/em>\u00a0<em><a href=\"https:\/\/twitter.com\/Senoticias\">X<\/a><\/em><\/strong><\/p>\n\n\n\n<p>Fonte: ascom\/divulga\u00e7\u00e3o<\/p>\n","protected":false},"excerpt":{"rendered":"<p>Em entrevista ao radialista Luiz Carlos Focca, na r\u00e1dio Jovem Pan, nesta quarta-feira, 26, a delegada Danielle Garcia (MDB) destacou que segue firme com a sua pr\u00e9-candidatura a prefeita de Aracaju, que tem o respaldo dos aracajuanos. Ela disse que tem caminhado pelos bairros da capital e conversado com a popula\u00e7\u00e3o sobre as demandas nas [&hellip;]<\/p>\n","protected":false},"author":6557,"featured_media":0,"comment_status":"closed","ping_status":"closed","sticky":false,"template":"","format":"standard","meta":{"footnotes":""},"categories":[15,6],"tags":[13633,624,41869],"class_list":{"0":"post-143031","1":"post","2":"type-post","3":"status-publish","4":"format-standard","6":"category-destaques","7":"category-politica","8":"tag-danielle-garcia","9":"tag-delegada-danielle-garcia","10":"tag-pre-candidata"},"_links":{"self":[{"href":"https:\/\/senoticias.com.br\/se\/wp-json\/wp\/v2\/posts\/143031"}],"collection":[{"href":"https:\/\/senoticias.com.br\/se\/wp-json\/wp\/v2\/posts"}],"about":[{"href":"https:\/\/senoticias.com.br\/se\/wp-json\/wp\/v2\/types\/post"}],"author":[{"embeddable":true,"href":"https:\/\/senoticias.com.br\/se\/wp-json\/wp\/v2\/users\/6557"}],"replies":[{"embeddable":true,"href":"https:\/\/senoticias.com.br\/se\/wp-json\/wp\/v2\/comments?post=143031"}],"version-history":[{"count":0,"href":"https:\/\/senoticias.com.br\/se\/wp-json\/wp\/v2\/posts\/143031\/revisions"}],"wp:attachment":[{"href":"https:\/\/senoticias.com.br\/se\/wp-json\/wp\/v2\/media?parent=143031"}],"wp:term":[{"taxonomy":"category","embeddable":true,"href":"https:\/\/senoticias.com.br\/se\/wp-json\/wp\/v2\/categories?post=143031"},{"taxonomy":"post_tag","embeddable":true,"href":"https:\/\/senoticias.com.br\/se\/wp-json\/wp\/v2\/tags?post=143031"}],"curies":[{"name":"wp","href":"https:\/\/api.w.org\/{rel}","templated":true}]}}