{"id":143012,"date":"2024-06-25T15:31:20","date_gmt":"2024-06-25T18:31:20","guid":{"rendered":"https:\/\/senoticias.com.br\/se\/?p=143012"},"modified":"2024-06-25T15:33:38","modified_gmt":"2024-06-25T18:33:38","slug":"mestrinho-calcinha-preta-e-simone-mendes-estao-entre-as-atracoes-desta-terca-25","status":"publish","type":"post","link":"https:\/\/senoticias.com.br\/se\/mestrinho-calcinha-preta-e-simone-mendes-estao-entre-as-atracoes-desta-terca-25\/","title":{"rendered":"Mestrinho, Calcinha Preta e Simone Mendes est\u00e3o entre as atra\u00e7\u00f5es desta ter\u00e7a, 25, no Forr\u00f3 Caju"},"content":{"rendered":"\n<p>A terceira noite do Forr\u00f3 Caju 2024 promete agitar a pra\u00e7a Hilton Lopes, no centro de Aracaju, nesta ter\u00e7a-feira, 25. A maior e melhor festa junina de Sergipe traz ao palco Luiz Gonzaga uma uni\u00e3o de artistas nacionais e locais, j\u00e1 consolidados, arrastando multid\u00f5es e refor\u00e7ando as tradi\u00e7\u00f5es da capital do forr\u00f3. O evento \u00e9 uma realiza\u00e7\u00e3o da Prefeitura de Aracaju, por meio da Funda\u00e7\u00e3o Cultural Cidade de Aracaju (Funcaju).<\/p>\n\n\n\n<figure class=\"wp-block-image size-large\"><img loading=\"lazy\" decoding=\"async\" width=\"600\" height=\"400\" src=\"https:\/\/senoticias.com.br\/se\/wp-content\/uploads\/2024\/06\/fotos_marcelle_cristinne_34.jpg\" alt=\"\" class=\"wp-image-143013\" srcset=\"https:\/\/senoticias.com.br\/se\/wp-content\/uploads\/2024\/06\/fotos_marcelle_cristinne_34.jpg 600w, https:\/\/senoticias.com.br\/se\/wp-content\/uploads\/2024\/06\/fotos_marcelle_cristinne_34-300x200.jpg 300w, https:\/\/senoticias.com.br\/se\/wp-content\/uploads\/2024\/06\/fotos_marcelle_cristinne_34-90x60.jpg 90w, https:\/\/senoticias.com.br\/se\/wp-content\/uploads\/2024\/06\/fotos_marcelle_cristinne_34-180x120.jpg 180w, https:\/\/senoticias.com.br\/se\/wp-content\/uploads\/2024\/06\/fotos_marcelle_cristinne_34-95x64.jpg 95w\" sizes=\"(max-width: 600px) 100vw, 600px\" \/><figcaption>O cantor, produtor e arranjador sergipano, Mestrinho, \u00e9 a segunda atra\u00e7\u00e3o do palco principal &#8211; Foto: Marcelle Cristinne\/AAN<\/figcaption><\/figure>\n\n\n\n<p>A Orquestra Sinf\u00f4nica de Aracaju abrir\u00e1 as apresenta\u00e7\u00f5es da terceira noite, no palco Luiz Gonzaga. A Orquestra traz um repert\u00f3rio rico, envolvendo diversos estilos musicais como forr\u00f3, xaxado, bai\u00e3o, chorinho, samba, tango, al\u00e9m de ter uma diversidade de ritmos da m\u00fasica popular brasileira.<\/p>\n\n\n\n<p>O cantor, produtor e arranjador sergipano, Mestrinho, \u00e9 a segunda atra\u00e7\u00e3o do palco principal. Mestrinho, que j\u00e1 dividiu o palco com nomes como Gilberto Gil, Gabriel o Pensador, Diogo Nogueira, Jorge Arag\u00e3o e Elza Soares, ainda na inf\u00e2ncia foi inserido no mundo da m\u00fasica e aos 6 anos j\u00e1 tocava sanfona.<\/p>\n\n\n\n<p>Outra atra\u00e7\u00e3o esperada nesta noite, \u00e9 a coleguinha mais amada do Brasil, a cantora Simone Mendes. Seguindo carreira solo desde 2023, Simone, que \u00e9 sucesso em todo o pa\u00eds, j\u00e1 foi protagonista de algumas premia\u00e7\u00f5es musicais e conquistou o Brasil em seu primeiro ano de carreira solo com as m\u00fasicas &#8220;Oi Erro&#8221;, &#8220;Erro Gostoso&#8221;, &#8220;Dois Fugitivos&#8221; e outras lan\u00e7adas sucessivamente.<\/p>\n\n\n\n<p>A banda sergipana Calcinha Preta, que atualmente \u00e9 integrada por Daniel Diau, Silv\u00e2nia Aquino, Ohara Ravick e Bell Oliver, tamb\u00e9m est\u00e1 dentro da programa\u00e7\u00e3o desta ter\u00e7a-feira, 25. Com 28 anos de sucesso, a maior banda de forr\u00f3 do mundo, amada por todo forrozeiro raiz, traz em seu repert\u00f3rio m\u00fasicas dan\u00e7antes e rom\u00e2nticas que fizeram sucesso por onde passaram ao longo desses anos, at\u00e9 os dias de hoje, al\u00e9m de m\u00fasicas atuais.<\/p>\n\n\n\n<p>Por fim, a banda Fogo na Saia encerra a terceira noite de Forr\u00f3 Caju 2024, com todo o seu carisma e romantismo, trazendo m\u00fasicas do forr\u00f3 rom\u00e2ntico, e focando em amores que deram certo. Hoje a banda Fogo na Saia \u00e9 integrada pelos vocalistas Xande e Nanda e se inspira nas grandes bandas de rock dos anos 90.<\/p>\n\n\n\n<p><strong>Gerson Filho<\/strong><\/p>\n\n\n\n<p>O palco Gerson Filho seguir\u00e1 animando a noite desta ter\u00e7a-feira com muito forr\u00f3. Jailson do Acordeon sobe ao palco \u00e0s 17h; em seguida, \u00e0s 18h30, os P\u00e9 de Cana se apresenta; \u00e0s 20h a quadrilha Junina entra em cena; \u00e0s 20h30, o cantor Luiz Paulo; \u00e0s 22h, Escurinho Zabumba; \u00e0s 23h30, Marcelo Lacerda; e por fim, 01h a banda Forr\u00f3 10 fecha a terceira noite de Forr\u00f3 Caj\u00fa, no palco Gerson Filho.<\/p>\n\n\n\n<p><strong>Confira a programa\u00e7\u00e3o do Palco Luiz Gonzaga:<\/strong><\/p>\n\n\n\n<p>20h- Orquestra Sanf\u00f4nica<br>21h30 &#8211; Mestrinho<br>23h &#8211; Simone Mendes<br>00h30 &#8211; Calcinha Preta<br>02h &#8211; Fogo na Saia<\/p>\n\n\n\n<p><strong><em>A<strong><em>companhe tamb\u00e9m o SE Not\u00edcias no\u00a0<a rel=\"noreferrer noopener\" href=\"https:\/\/www.instagram.com\/senoticias\/\" target=\"_blank\">Instagram<\/a><\/em><\/strong><\/em><\/strong>,\u00a0<strong><em><strong><em>\u00a0<a rel=\"noreferrer noopener\" href=\"https:\/\/www.facebook.com\/senoticias1\" target=\"_blank\">Facebook<\/a>\u00a0e<\/em><\/strong>\u00a0no<\/em>\u00a0<em><a href=\"https:\/\/twitter.com\/Senoticias\">X<\/a><\/em><\/strong><\/p>\n\n\n\n<p>Fonte: Ag\u00eancia Aracaju de Not\u00edcias<\/p>\n","protected":false},"excerpt":{"rendered":"<p>A terceira noite do Forr\u00f3 Caju 2024 promete agitar a pra\u00e7a Hilton Lopes, no centro de Aracaju, nesta ter\u00e7a-feira, 25. A maior e melhor festa junina de Sergipe traz ao palco Luiz Gonzaga uma uni\u00e3o de artistas nacionais e locais, j\u00e1 consolidados, arrastando multid\u00f5es e refor\u00e7ando as tradi\u00e7\u00f5es da capital do forr\u00f3. O evento \u00e9 [&hellip;]<\/p>\n","protected":false},"author":6557,"featured_media":0,"comment_status":"closed","ping_status":"closed","sticky":false,"template":"","format":"standard","meta":{"footnotes":""},"categories":[15,21],"tags":[159,4138,39263,41859],"class_list":{"0":"post-143012","1":"post","2":"type-post","3":"status-publish","4":"format-standard","6":"category-destaques","7":"category-entretenimento","8":"tag-calcinha-preta","9":"tag-forro-caju","10":"tag-mestrinho","11":"tag-simone-mendes"},"_links":{"self":[{"href":"https:\/\/senoticias.com.br\/se\/wp-json\/wp\/v2\/posts\/143012"}],"collection":[{"href":"https:\/\/senoticias.com.br\/se\/wp-json\/wp\/v2\/posts"}],"about":[{"href":"https:\/\/senoticias.com.br\/se\/wp-json\/wp\/v2\/types\/post"}],"author":[{"embeddable":true,"href":"https:\/\/senoticias.com.br\/se\/wp-json\/wp\/v2\/users\/6557"}],"replies":[{"embeddable":true,"href":"https:\/\/senoticias.com.br\/se\/wp-json\/wp\/v2\/comments?post=143012"}],"version-history":[{"count":0,"href":"https:\/\/senoticias.com.br\/se\/wp-json\/wp\/v2\/posts\/143012\/revisions"}],"wp:attachment":[{"href":"https:\/\/senoticias.com.br\/se\/wp-json\/wp\/v2\/media?parent=143012"}],"wp:term":[{"taxonomy":"category","embeddable":true,"href":"https:\/\/senoticias.com.br\/se\/wp-json\/wp\/v2\/categories?post=143012"},{"taxonomy":"post_tag","embeddable":true,"href":"https:\/\/senoticias.com.br\/se\/wp-json\/wp\/v2\/tags?post=143012"}],"curies":[{"name":"wp","href":"https:\/\/api.w.org\/{rel}","templated":true}]}}