{"id":142994,"date":"2024-06-24T09:44:04","date_gmt":"2024-06-24T12:44:04","guid":{"rendered":"https:\/\/senoticias.com.br\/se\/?p=142994"},"modified":"2024-06-24T09:47:09","modified_gmt":"2024-06-24T12:47:09","slug":"forro-caju-2024-ana-castela-e-michel-telo-estao-entre-as-atracoes-da-noite-de-sao-joao-24","status":"publish","type":"post","link":"https:\/\/senoticias.com.br\/se\/forro-caju-2024-ana-castela-e-michel-telo-estao-entre-as-atracoes-da-noite-de-sao-joao-24\/","title":{"rendered":"Forr\u00f3 Caju 2024: Ana Castela e Michel Tel\u00f3 est\u00e3o entre as atra\u00e7\u00f5es da noite de S\u00e3o Jo\u00e3o, 24"},"content":{"rendered":"\n<p>Ap\u00f3s a primeira noite de muita m\u00fasica e arrasta-p\u00e9, a programa\u00e7\u00e3o do Forr\u00f3 Caju 2024 d\u00e1 continuidade aos shows na pra\u00e7a Hilton Lopes, entre os mercados centrais de Aracaju. O evento \u00e9 uma realiza\u00e7\u00e3o da Prefeitura, atrav\u00e9s da Funda\u00e7\u00e3o Cultural Cidade de Aracaju, e nesta segunda-feira, 24, a festa continua com atra\u00e7\u00f5es que trazem a diversidade musical dentro do universo do forr\u00f3, indo do tradicional ao moderno.<\/p>\n\n\n\n<p>A dupla Ramon e Randinho abre a noite de shows no Palco Luiz Gonzaga, \u00e0s 20h. Em seguida, \u00e0s 21h30 quem continua a festa \u00e9 o artista aracajuano Pedro Lua. \u00c0s 23h entra uma das atra\u00e7\u00f5es mais aguardadas da noite: a boiadeira Ana Castela e, logo ap\u00f3s, o tamb\u00e9m cantor sertanejo Michel Tel\u00f3 toma conta do palco \u00e0s 00h30.<\/p>\n\n\n\n<figure class=\"wp-block-image size-large\"><img loading=\"lazy\" decoding=\"async\" width=\"570\" height=\"380\" src=\"https:\/\/senoticias.com.br\/se\/wp-content\/uploads\/2024\/06\/Michel-Telo-no-Forro-Caju-SE-Noticias.jpg\" alt=\"\" class=\"wp-image-142997\" srcset=\"https:\/\/senoticias.com.br\/se\/wp-content\/uploads\/2024\/06\/Michel-Telo-no-Forro-Caju-SE-Noticias.jpg 570w, https:\/\/senoticias.com.br\/se\/wp-content\/uploads\/2024\/06\/Michel-Telo-no-Forro-Caju-SE-Noticias-300x200.jpg 300w, https:\/\/senoticias.com.br\/se\/wp-content\/uploads\/2024\/06\/Michel-Telo-no-Forro-Caju-SE-Noticias-90x60.jpg 90w, https:\/\/senoticias.com.br\/se\/wp-content\/uploads\/2024\/06\/Michel-Telo-no-Forro-Caju-SE-Noticias-180x120.jpg 180w, https:\/\/senoticias.com.br\/se\/wp-content\/uploads\/2024\/06\/Michel-Telo-no-Forro-Caju-SE-Noticias-95x64.jpg 95w\" sizes=\"(max-width: 570px) 100vw, 570px\" \/><figcaption>Michel Tel\u00f3 ser\u00e1 uma das atra\u00e7\u00f5es da noite de S\u00e3o Jo\u00e3o, 24 &#8211; Foto: Ana L\u00edcia Menezes\/PMA<\/figcaption><\/figure>\n\n\n\n<p>Uma das atra\u00e7\u00f5es mais esperadas do Forr\u00f3 Caju 2024, a cantora de 23 anos, Ana Castela, \u00e9 sucesso entre crian\u00e7as e jovens. A dona do hit \u2018Solteiro For\u00e7ado\u2019 tem gerado grande expectativa no p\u00fablico desde que o nome foi confirmado na programa\u00e7\u00e3o. A noite ser\u00e1 de muita alegria e tradi\u00e7\u00e3o no maior evento cultural da cidade.<\/p>\n\n\n\n<p>Para fechar a programa\u00e7\u00e3o de festejos juninos, \u00e0s 2h Jeanny Lins e Ded\u00e9 Brasil d\u00e3o continuidade, com muita m\u00fasica e forr\u00f3. A dupla fez parte da primeira banda de forr\u00f3 do pa\u00eds, a Banda Forr\u00f3 Maior. Juntos, eles fizeram turn\u00eas pelo Brasil, al\u00e9m de pa\u00edses da Europa, contribuindo para a hist\u00f3ria do forr\u00f3. Essa passagem pela banda rendeu v\u00e1rias m\u00fasicas que fazem sucesso e s\u00e3o regravadas at\u00e9 os dias de hoje por novos cantores. Ap\u00f3s alguns anos com ambos em seguindo carreira solo, a dupla retomou a parceria.<\/p>\n\n\n\n<p><strong>Palco Gerson Filho<\/strong><\/p>\n\n\n\n<p>No Palco Gerson Filho, as atra\u00e7\u00f5es tamb\u00e9m prometem grandes shows e anima\u00e7\u00e3o nesta noite de segunda-feira. A programa\u00e7\u00e3o est\u00e1 recheada de grandes nomes da cultura sergipana, iniciando \u00e0s 17h, com o Trio Ave Rara, abrindo os festejos, seguido pelo sanfoneiro Lucas Campelo, \u00e0s 18h30. Em seguida, a Quadrilha Junina far\u00e1 apresenta\u00e7\u00e3o \u00e0s 20h e depois F\u00e1bio de Est\u00e2ncia sobe ao palco \u00e0s 20h30. A tradicional dupla Chiko Queiroga &amp; Ant\u00f4nio Rog\u00e9rio continua o forr\u00f3 \u00e0s 22h e, logo ap\u00f3s, o grupo Forr\u00f3 Candieiro de Prata entra \u00e0s 23h30. Para encerrar a noite cheia de sergipanidade, Dani Martins fecha a programa\u00e7\u00e3o com chave de ouro.<\/p>\n\n\n\n<p><strong>Confira a programa\u00e7\u00e3o completa desta segunda-feira, 24<\/strong><\/p>\n\n\n\n<p>Palco Gerson Filho<\/p>\n\n\n\n<p>17h &#8211; Trio Ave Rara<br>18h30 &#8211; Lucas Campelo<br>20h &#8211; Quadrilha Junina<br>20h30 \u2013 F\u00e1bio de Est\u00e2ncia<br>22h &#8211; Chiko Queiroga &amp; Ant\u00f4nio Rog\u00e9rio<br>23h30 &#8211; Forr\u00f3 Candieiro de Prata<br>01h &#8211; Dani Martins<\/p>\n\n\n\n<p><strong>Palco Luiz Gonzaga<\/strong><\/p>\n\n\n\n<p>20h &#8211; Ramon E Randinho<br>21h30 &#8211; Pedro Lua<br>23h &#8211; Ana Castela<br>00h30 &#8211; Michel Tel\u00f3<br>02h &#8211; Jeanny Lins E Ded\u00e9 Brasil<\/p>\n\n\n\n<p><strong><em>A<strong><em>companhe tamb\u00e9m o SE Not\u00edcias no\u00a0<a rel=\"noreferrer noopener\" href=\"https:\/\/www.instagram.com\/senoticias\/\" target=\"_blank\">Instagram<\/a><\/em><\/strong><\/em><\/strong>,\u00a0<strong><em><strong><em>\u00a0<a rel=\"noreferrer noopener\" href=\"https:\/\/www.facebook.com\/senoticias1\" target=\"_blank\">Facebook<\/a>\u00a0e<\/em><\/strong>\u00a0no<\/em>\u00a0<em><a href=\"https:\/\/twitter.com\/Senoticias\">X<\/a><\/em><\/strong><\/p>\n\n\n\n<p>Fonte: Ag\u00eancia Aracaju de Not\u00edcias<\/p>\n","protected":false},"excerpt":{"rendered":"<p>Ap\u00f3s a primeira noite de muita m\u00fasica e arrasta-p\u00e9, a programa\u00e7\u00e3o do Forr\u00f3 Caju 2024 d\u00e1 continuidade aos shows na pra\u00e7a Hilton Lopes, entre os mercados centrais de Aracaju. O evento \u00e9 uma realiza\u00e7\u00e3o da Prefeitura, atrav\u00e9s da Funda\u00e7\u00e3o Cultural Cidade de Aracaju, e nesta segunda-feira, 24, a festa continua com atra\u00e7\u00f5es que trazem a [&hellip;]<\/p>\n","protected":false},"author":6557,"featured_media":0,"comment_status":"closed","ping_status":"closed","sticky":false,"template":"","format":"standard","meta":{"footnotes":""},"categories":[15,21,1],"tags":[41848,41554,10162],"class_list":{"0":"post-142994","1":"post","2":"type-post","3":"status-publish","4":"format-standard","6":"category-destaques","7":"category-entretenimento","8":"category-sem-categoria","9":"tag-ana-castela","10":"tag-forro-caju-2024","11":"tag-michel-telo"},"_links":{"self":[{"href":"https:\/\/senoticias.com.br\/se\/wp-json\/wp\/v2\/posts\/142994"}],"collection":[{"href":"https:\/\/senoticias.com.br\/se\/wp-json\/wp\/v2\/posts"}],"about":[{"href":"https:\/\/senoticias.com.br\/se\/wp-json\/wp\/v2\/types\/post"}],"author":[{"embeddable":true,"href":"https:\/\/senoticias.com.br\/se\/wp-json\/wp\/v2\/users\/6557"}],"replies":[{"embeddable":true,"href":"https:\/\/senoticias.com.br\/se\/wp-json\/wp\/v2\/comments?post=142994"}],"version-history":[{"count":0,"href":"https:\/\/senoticias.com.br\/se\/wp-json\/wp\/v2\/posts\/142994\/revisions"}],"wp:attachment":[{"href":"https:\/\/senoticias.com.br\/se\/wp-json\/wp\/v2\/media?parent=142994"}],"wp:term":[{"taxonomy":"category","embeddable":true,"href":"https:\/\/senoticias.com.br\/se\/wp-json\/wp\/v2\/categories?post=142994"},{"taxonomy":"post_tag","embeddable":true,"href":"https:\/\/senoticias.com.br\/se\/wp-json\/wp\/v2\/tags?post=142994"}],"curies":[{"name":"wp","href":"https:\/\/api.w.org\/{rel}","templated":true}]}}