{"id":142983,"date":"2024-06-23T09:35:54","date_gmt":"2024-06-23T12:35:54","guid":{"rendered":"https:\/\/senoticias.com.br\/se\/?p=142983"},"modified":"2024-06-23T09:45:53","modified_gmt":"2024-06-23T12:45:53","slug":"forro-caju-2024-comeca-hoje-com-grandes-shows-veja-a-programacao","status":"publish","type":"post","link":"https:\/\/senoticias.com.br\/se\/forro-caju-2024-comeca-hoje-com-grandes-shows-veja-a-programacao\/","title":{"rendered":"Forr\u00f3 Caju 2024 come\u00e7a hoje com grandes shows; veja a programa\u00e7\u00e3o"},"content":{"rendered":"\n<p>Chegou o t\u00e3o esperado dia. Neste domingo, 23, tem in\u00edcio a mais tradicional festa junina de Sergipe: o Forr\u00f3 Caju 2024, que acontece at\u00e9 o dia 29 de junho, na pra\u00e7a Hilton Lopes, regi\u00e3o dos mercados centrais da capital, endere\u00e7o hist\u00f3rico da programa\u00e7\u00e3o musical deste evento promovido pela Prefeitura de Aracaju, por meio da Funda\u00e7\u00e3o Cultural Cidade de Aracaju (Funcaju).<br><br>H\u00e1 tr\u00eas d\u00e9cadas, esta charmosa festa encanta o p\u00fablico com forr\u00f3 de excel\u00eancia e decora\u00e7\u00e3o impec\u00e1vel, elementos intr\u00ednsecos que exaltam a rica cultura nordestina e afagam as expectativas de um p\u00fablico que sai de casa todas as noites para se divertir num ambiente cercado por alegria, comodidade e seguran\u00e7a.<br><br>Nesse sentido, o Forr\u00f3 Caju 2024 promete ser uma das maiores edi\u00e7\u00f5es dos \u00faltimos tempos, reunindo mais de 100 artistas de renome local e nacional, consolidando a capital sergipana como um destino imperd\u00edvel para os amantes do forr\u00f3. O festejo, como j\u00e1 \u00e9 sabido, entrou para o calend\u00e1rio festivo do pa\u00eds e fomenta, al\u00e9m da economia, o turismo local.<br><br>A diversidade da programa\u00e7\u00e3o musical \u00e9 um dos diferenciais do Forr\u00f3 Caju. H\u00e1 espa\u00e7o para todos os ritmos. Na noite deste domingo, 23, sobem ao palco Gerson Filho, a partir das 17h, o Trio Itapo\u00e3, \u00e0s 18h30, Robertinho dos 8 Baixos promete puxar o fole e agitar com um forr\u00f3 p\u00e9 de serra, \u00e0s 20h haver\u00e1 apresenta\u00e7\u00e3o de quadrilha junina. \u00c0s 20h30, ser\u00e1 a vez de Sena Forr\u00f3 da Ro\u00e7a animar o p\u00fablico dan\u00e7ante, \u00e0s 22h, Dudu Moral se apresenta, \u00e0s 23h30, o Forr\u00f3 Maturo d\u00e1 sequ\u00eancia \u00e0 anima\u00e7\u00e3o, e a partir de 1h, Forr\u00f3 P 10.<\/p>\n\n\n\n<figure class=\"wp-block-image size-large\"><img loading=\"lazy\" decoding=\"async\" width=\"579\" height=\"362\" src=\"https:\/\/senoticias.com.br\/se\/wp-content\/uploads\/2024\/06\/Forro-Caju-2024-SE-Noticias.jpg\" alt=\"\" class=\"wp-image-142984\" srcset=\"https:\/\/senoticias.com.br\/se\/wp-content\/uploads\/2024\/06\/Forro-Caju-2024-SE-Noticias.jpg 579w, https:\/\/senoticias.com.br\/se\/wp-content\/uploads\/2024\/06\/Forro-Caju-2024-SE-Noticias-300x188.jpg 300w, https:\/\/senoticias.com.br\/se\/wp-content\/uploads\/2024\/06\/Forro-Caju-2024-SE-Noticias-120x76.jpg 120w, https:\/\/senoticias.com.br\/se\/wp-content\/uploads\/2024\/06\/Forro-Caju-2024-SE-Noticias-308x192.jpg 308w\" sizes=\"(max-width: 579px) 100vw, 579px\" \/><figcaption>Forr\u00f3 Caju 2024 come\u00e7a neste domingo &#8211; Foto: Marcelle Cristinne\/AAN<\/figcaption><\/figure>\n\n\n\n<p>No palco Luiz Gonzaga, \u00e0s 20h, se apresenta o cantor sergipano Unha Pintada, \u00e0s 21h30, o tamb\u00e9m sergipano grupo Xote Bai\u00e3o, \u00e0s 23h, o renomado cantor Mano Walter, \u00e0s 00h30, Zuer\u00f5es do Forr\u00f3, e \u00e0s 2h, a estrela da dupla sertaneja Maiara e Mara\u00edsa.<\/p>\n\n\n\n<p>Embora o Forr\u00f3 Caju nos mercados centrais inicie oficialmente neste domingo, a Prefeitura de Aracaju havia descentralizado a festa, expandindo as comemora\u00e7\u00f5es por toda a cidade, promovendo o Forr\u00f3 nos Bairros e o Circular Junino, que animaram diferentes localidades da capital.<br><br><strong>Ampla log\u00edstica<\/strong><br><br>Para uma festa do tamanho do Forr\u00f3 Caju, a Prefeitura organiza, assim como nos anos anteriores, uma ampla log\u00edstica operacional, com a\u00e7\u00f5es de seguran\u00e7a e tr\u00e2nsito, al\u00e9m de esquema para servi\u00e7os de sa\u00fade, limpeza e assist\u00eancia social, envolvendo uma for\u00e7a-tarefa de secretarias e \u00f3rg\u00e3os, como a Superintend\u00eancia Municipal de Transporte e Tr\u00e2nsito (SMTT), Secretaria Municipal de Sa\u00fade (SMS), Secretaria Municipal da Assist\u00eancia Social, Empresa Municipal de Servi\u00e7os Urbanos (Emsurb) e Secretaria Municipal da Defesa Social e da Cidadania (Semdec), que engloba a Guarda Municipal e Defesa Civil, al\u00e9m da Secretaria Municipal de Comunica\u00e7\u00e3o Social (Secom).<br><br><strong>Confira a programa\u00e7\u00e3o completa do Forr\u00f3 Caju 2024<\/strong><br><br><strong>PALCO LUIZ GONZAGA<\/strong><br><br><strong>Domingo &#8211; 23 de junho<\/strong><br><strong>20h<\/strong> &#8211; Unha Pintada<br>21h30 &#8211; Xote Bai\u00e3o<br>23h &#8211; Mano Walter\u00a0<br>00h30 &#8211; Zuer\u00f5es do Forr\u00f3<br>02h &#8211; Maiara e Mara\u00edsa\u00a0<br><br><strong>Segunda-feira &#8211; 24 de junho<\/strong><br><strong>20h<\/strong> &#8211; Ramon e Randinho\u00a0<br>21h30 &#8211; Pedro Lua<br>23h &#8211; Ana Castela<br>00h30 &#8211; Michel Tel\u00f3<br>02h &#8211; Jeanny Lins e Ded\u00e9 Brasil<br><br><strong>Ter\u00e7a-feira &#8211; 25 de junho<\/strong><br><strong>20h<\/strong> &#8211; Orquestra Sanf\u00f4nica<br>21h30 &#8211; Mestrinho<br>23h &#8211; Simone Mendes<br>00h30 &#8211; Calcinha Preta<br>02h &#8211; Fogo na Saia\u00a0<br><br><strong>Quarta-feira &#8211; 26 de junho<\/strong><br>20h &#8211; Danielzinho Jr.<br>21h30 &#8211; Cavaleiros do Forr\u00f3\u00a0<br>23h &#8211; Joelma<br>00h30 &#8211; Solange Almeida<br>02h &#8211; Tarc\u00edsio do Acordeon<br><br><strong>Quinta-feira &#8211; 27 de junho<\/strong><br>20h &#8211; Thais Nogueira<br>21h30 &#8211; Iguinho e Lulinha<br>23h &#8211; Dorgival Dantas<br>00h30 &#8211; Elba Ramalho\u00a0<br>02h &#8211; Michele Andrade<br><br><strong>Sexta-feira &#8211; 28 de junho\u00a0<\/strong><br>20h &#8211; Erivaldo de Carira<br>21h30 &#8211; Flor de Maracuj\u00e1<br>23h &#8211; Alceu Valen\u00e7a<br>00h30 &#8211; Luan Estilizado\u00a0<br>02h &#8211; Z\u00e9 Tramela<br><br><strong>S\u00e1bado &#8211; 29 de junho<\/strong><br>20h &#8211; Luanzinho Moraes<br>21h30 &#8211; Henry Freitas<br>23h &#8211; Z\u00e9 Vaqueiro<br>00h30 &#8211; Cintura Fina<br>02h &#8211; Saia Rodada<br><br><strong>PALCO GERSON FILHO\u00a0<\/strong><br><br><strong>Domingo &#8211; 23 de junho<\/strong><br>17h &#8211; Trio Itapo\u00e3<br>18h30 &#8211; Robertinho dos 8 baixos<br>20h &#8211; Quadrilha Junina<br>20h30- Sena Forr\u00f3 da Ro\u00e7a<br>22h &#8211; Dudu Moral<br>23h30 &#8211; Forr\u00f3 Maturo<br>01h &#8211; Forr\u00f3 P10<br><strong><br>Segunda-feira &#8211; 24 de junho<\/strong><br>17h &#8211; Trio Averara\u00a0<br>18h30 &#8211; Lucas Campelo<br>20h &#8211; Quadrilha Junina<br>20h30- F\u00e1bio de Est\u00e2ncia<br>22h &#8211; Chiko Queiroga &amp; Ant\u00f4nio Rog\u00e9rio<br>23h30 &#8211; Forr\u00f3 Candeeiro de Prata\u00a0<br>01h &#8211; Dani Martins<br><br><strong>Ter\u00e7a-feira &#8211; 25 de junho<\/strong><br>17h &#8211; Jailson do Acordeon\u00a0<br>18h30 &#8211; Os P\u00e9 de Cana<br>20h &#8211; Quadrilha Junina<br>20h30- Luiz Paulo<br>22h &#8211; Scurinho Zabumbada\u00a0<br>23h30 &#8211; Marcelo Lacerda<br>01h &#8211; Banda Forr\u00f3 10<br><br><strong>Quarta-feira &#8211; 26 de junho<\/strong>\u00a0<br>17h &#8211; Robson do Roj\u00e3o\u00a0<br>18h30 &#8211; Glaubert e o Forr\u00f3 Siri na Lata<br>20h &#8211; Quadrilha Junina<br>20h30 &#8211; Ant\u00f4nio Carlos du Aracaju<br>22h &#8211; Lourinho do Acordeon<br>23h30 &#8211; Sergival<br>01h &#8211; Paroara do Acordeon<br><br><strong>Quinta-feira &#8211; 27 de junho<\/strong><br>17h &#8211; Correia dos 8 Baixos\u00a0<br>18h30 &#8211; Joba Alves<br>20h &#8211; Quadrilha Junina<br>20h30 &#8211; Virg\u00ednia Fontes<br>22h &#8211; Mimi do Acordeon<br>23h30 &#8211; Forr\u00f3 Paraxaxa<br>01h &#8211; Valter Nogueira<br><br><strong>Sexta-feira &#8211; 28 de junho<\/strong><br>17h &#8211; Trio Dialeto Nordestino\u00a0<br>18h30 &#8211; Ca\u00e7ula do Forr\u00f3\u00a0<br>20h &#8211; Quadrilha Junina<br>20h30 &#8211; Juba S\u00e3o Jub\u00e3o\u00a0<br>22h &#8211; Forr\u00f3 Os Tr\u00eas Moleques<br>23h30 &#8211; Capim Canela\u00a0<br>01h &#8211; As Patricinhas do Forr\u00f3\u00a0<br><br><strong>S\u00e1bado &#8211; 29 de junho<\/strong><br>17h &#8211; Tatua, o Mensageiro do Forr\u00f3\u00a0<br>18h30 &#8211; Missinho do Acordeon<br>20h &#8211; Quadrilha Junina<br>20h30 &#8211; Tatah Santana<br>22h &#8211; Jo\u00e3o da Passarada e Banda<br>23h30 &#8211; Gustavo Roj\u00e3o<br>01h &#8211; Cebolinha e Banda Forr\u00f3 Bis<\/p>\n\n\n\n<p><strong><em>A<strong><em>companhe tamb\u00e9m o SE Not\u00edcias no\u00a0<a rel=\"noreferrer noopener\" href=\"https:\/\/www.instagram.com\/senoticias\/\" target=\"_blank\">Instagram<\/a><\/em><\/strong><\/em><\/strong>,\u00a0<strong><em><strong><em>\u00a0<a rel=\"noreferrer noopener\" href=\"https:\/\/www.facebook.com\/senoticias1\" target=\"_blank\">Facebook<\/a>\u00a0e<\/em><\/strong>\u00a0no<\/em>\u00a0<em><a href=\"https:\/\/twitter.com\/Senoticias\">X<\/a><\/em><\/strong><\/p>\n\n\n\n<p>Fonte: site da Prefeitura de  Aracaju<\/p>\n","protected":false},"excerpt":{"rendered":"<p>Chegou o t\u00e3o esperado dia. Neste domingo, 23, tem in\u00edcio a mais tradicional festa junina de Sergipe: o Forr\u00f3 Caju 2024, que acontece at\u00e9 o dia 29 de junho, na pra\u00e7a Hilton Lopes, regi\u00e3o dos mercados centrais da capital, endere\u00e7o hist\u00f3rico da programa\u00e7\u00e3o musical deste evento promovido pela Prefeitura de Aracaju, por meio da Funda\u00e7\u00e3o [&hellip;]<\/p>\n","protected":false},"author":6557,"featured_media":0,"comment_status":"closed","ping_status":"closed","sticky":false,"template":"","format":"standard","meta":{"footnotes":""},"categories":[15,6,1],"tags":[4138,2772,213],"class_list":{"0":"post-142983","1":"post","2":"type-post","3":"status-publish","4":"format-standard","6":"category-destaques","7":"category-politica","8":"category-sem-categoria","9":"tag-forro-caju","10":"tag-funcaju","11":"tag-prefeitura-de-aracaju"},"_links":{"self":[{"href":"https:\/\/senoticias.com.br\/se\/wp-json\/wp\/v2\/posts\/142983"}],"collection":[{"href":"https:\/\/senoticias.com.br\/se\/wp-json\/wp\/v2\/posts"}],"about":[{"href":"https:\/\/senoticias.com.br\/se\/wp-json\/wp\/v2\/types\/post"}],"author":[{"embeddable":true,"href":"https:\/\/senoticias.com.br\/se\/wp-json\/wp\/v2\/users\/6557"}],"replies":[{"embeddable":true,"href":"https:\/\/senoticias.com.br\/se\/wp-json\/wp\/v2\/comments?post=142983"}],"version-history":[{"count":0,"href":"https:\/\/senoticias.com.br\/se\/wp-json\/wp\/v2\/posts\/142983\/revisions"}],"wp:attachment":[{"href":"https:\/\/senoticias.com.br\/se\/wp-json\/wp\/v2\/media?parent=142983"}],"wp:term":[{"taxonomy":"category","embeddable":true,"href":"https:\/\/senoticias.com.br\/se\/wp-json\/wp\/v2\/categories?post=142983"},{"taxonomy":"post_tag","embeddable":true,"href":"https:\/\/senoticias.com.br\/se\/wp-json\/wp\/v2\/tags?post=142983"}],"curies":[{"name":"wp","href":"https:\/\/api.w.org\/{rel}","templated":true}]}}