{"id":142975,"date":"2024-06-22T17:19:12","date_gmt":"2024-06-22T20:19:12","guid":{"rendered":"https:\/\/senoticias.com.br\/se\/?p=142975"},"modified":"2024-06-22T17:19:17","modified_gmt":"2024-06-22T20:19:17","slug":"palmeiras-vende-estevao-ao-chelsea-em-operacao-que-pode-chegar-a-r-358-milhoes","status":"publish","type":"post","link":"https:\/\/senoticias.com.br\/se\/palmeiras-vende-estevao-ao-chelsea-em-operacao-que-pode-chegar-a-r-358-milhoes\/","title":{"rendered":"Palmeiras vende Est\u00eav\u00e3o ao Chelsea em opera\u00e7\u00e3o que pode chegar a R$ 358 milh\u00f5es"},"content":{"rendered":"\n<p>O Palmeiras confirmou na manh\u00e3 deste s\u00e1bado a venda do jovem Est\u00eav\u00e3o. A sensa\u00e7\u00e3o do Verd\u00e3o, de apenas 17 anos, foi negociada com o Chelsea, da Inglaterra. A joia, por\u00e9m, s\u00f3 se junta ao novo clube apenas ap\u00f3s a disputa do Mundial de Clubes de 2025.<\/p>\n\n\n\n<p>&#8220;A Sociedade Esportiva Palmeiras informa que concluiu acordo com o Chelsea-ING para a transfer\u00eancia do atacante Est\u00eav\u00e3o. O atleta de 17 anos se apresentar\u00e1 \u00e0 equipe de Londres em julho de 2025, ap\u00f3s disputar a Copa do Mundo de Clubes da Fifa pelo #MaiorCampe\u00e3odoBrasil&#8221;, disse o comunicado do clube paulista nas redes sociais.<\/p>\n\n\n\n<figure class=\"wp-block-image size-large\"><img loading=\"lazy\" decoding=\"async\" width=\"560\" height=\"245\" src=\"https:\/\/senoticias.com.br\/se\/wp-content\/uploads\/2024\/06\/Estevao-SE-Noticias.jpg\" alt=\"\" class=\"wp-image-142976\" srcset=\"https:\/\/senoticias.com.br\/se\/wp-content\/uploads\/2024\/06\/Estevao-SE-Noticias.jpg 560w, https:\/\/senoticias.com.br\/se\/wp-content\/uploads\/2024\/06\/Estevao-SE-Noticias-300x131.jpg 300w\" sizes=\"(max-width: 560px) 100vw, 560px\" \/><figcaption>Verd\u00e3o formaliza transfer\u00eancia que estava com termos acertados desde maio e pode chegar a 61,5 milh\u00f5es de euros &#8211; Foto: Vict\u00f3ria Romanelli\/Gazeta Esportiva<\/figcaption><\/figure>\n\n\n\n<p>Na semana passada, a joia da base palmeirense havia passado por exames supervisionados por m\u00e9dicos do Palmeiras, e foi aprovado. Para o neg\u00f3cio se concretizar, ainda faltava a assinatura dos documentos, ocorrida neste s\u00e1bado.<\/p>\n\n\n\n<p>A opera\u00e7\u00e3o total foi fechada por 61,5 milh\u00f5es de euros (R$ 358 milh\u00f5es), como apurado pela Gazeta Esportiva, o que faz ser a maior venda do futebol brasileiro. O Verd\u00e3o j\u00e1 tem garantidos 45 milh\u00f5es de euros e ainda pode receber mais 16,5 milh\u00f5es em metas atingidas pelo atleta.<\/p>\n\n\n\n<p>A negocia\u00e7\u00e3o ficou acima do valor da multa rescis\u00f3ria que atleta tinha com o clube, quando assinou seu primeiro contrato profissional, em abril de 2023. O Palmeiras fica com 70% do valor, enquanto Est\u00eav\u00e3o e sua fam\u00edlia tem direito a 30%.<\/p>\n\n\n\n<p>Promissor nas categorias de base, Est\u00eav\u00e3o subiu ao time profissional de forma definitiva no in\u00edcio desta temporada, depois da elimina\u00e7\u00e3o do sub-20 da Copa S\u00e3o Paulo de Futebol J\u00fanior. O jogador brilhou na competi\u00e7\u00e3o, com quatro gols e duas assist\u00eancias. Sua estreia no time principal, por\u00e9m, aconteceu na \u00faltima rodada do Brasileir\u00e3o de 2023.<\/p>\n\n\n\n<p>Na temporada 2024, Est\u00eav\u00e3o soma 21 jogos pelo time profissional do Palmeiras, com quatro gols e tr\u00eas assist\u00eancias.<\/p>\n\n\n\n<p><strong><em>A<strong><em>companhe tamb\u00e9m o SE Not\u00edcias no\u00a0<a rel=\"noreferrer noopener\" href=\"https:\/\/www.instagram.com\/senoticias\/\" target=\"_blank\">Instagram<\/a><\/em><\/strong><\/em><\/strong>,\u00a0<strong><em><strong><em>\u00a0<a rel=\"noreferrer noopener\" href=\"https:\/\/www.facebook.com\/senoticias1\" target=\"_blank\">Facebook<\/a>\u00a0e<\/em><\/strong>\u00a0no<\/em>\u00a0<em><a href=\"https:\/\/twitter.com\/Senoticias\">X<\/a><\/em><\/strong><\/p>\n\n\n\n<p>Fonte: Gazeta Esportiva<\/p>\n","protected":false},"excerpt":{"rendered":"<p>O Palmeiras confirmou na manh\u00e3 deste s\u00e1bado a venda do jovem Est\u00eav\u00e3o. A sensa\u00e7\u00e3o do Verd\u00e3o, de apenas 17 anos, foi negociada com o Chelsea, da Inglaterra. A joia, por\u00e9m, s\u00f3 se junta ao novo clube apenas ap\u00f3s a disputa do Mundial de Clubes de 2025. &#8220;A Sociedade Esportiva Palmeiras informa que concluiu acordo com [&hellip;]<\/p>\n","protected":false},"author":6557,"featured_media":0,"comment_status":"closed","ping_status":"closed","sticky":false,"template":"","format":"standard","meta":{"footnotes":""},"categories":[15,26],"tags":[41837,938],"class_list":{"0":"post-142975","1":"post","2":"type-post","3":"status-publish","4":"format-standard","6":"category-destaques","7":"category-esportes","8":"tag-estevao","9":"tag-palmeiras"},"_links":{"self":[{"href":"https:\/\/senoticias.com.br\/se\/wp-json\/wp\/v2\/posts\/142975"}],"collection":[{"href":"https:\/\/senoticias.com.br\/se\/wp-json\/wp\/v2\/posts"}],"about":[{"href":"https:\/\/senoticias.com.br\/se\/wp-json\/wp\/v2\/types\/post"}],"author":[{"embeddable":true,"href":"https:\/\/senoticias.com.br\/se\/wp-json\/wp\/v2\/users\/6557"}],"replies":[{"embeddable":true,"href":"https:\/\/senoticias.com.br\/se\/wp-json\/wp\/v2\/comments?post=142975"}],"version-history":[{"count":0,"href":"https:\/\/senoticias.com.br\/se\/wp-json\/wp\/v2\/posts\/142975\/revisions"}],"wp:attachment":[{"href":"https:\/\/senoticias.com.br\/se\/wp-json\/wp\/v2\/media?parent=142975"}],"wp:term":[{"taxonomy":"category","embeddable":true,"href":"https:\/\/senoticias.com.br\/se\/wp-json\/wp\/v2\/categories?post=142975"},{"taxonomy":"post_tag","embeddable":true,"href":"https:\/\/senoticias.com.br\/se\/wp-json\/wp\/v2\/tags?post=142975"}],"curies":[{"name":"wp","href":"https:\/\/api.w.org\/{rel}","templated":true}]}}