{"id":142950,"date":"2024-06-21T08:58:30","date_gmt":"2024-06-21T11:58:30","guid":{"rendered":"https:\/\/senoticias.com.br\/se\/?p=142950"},"modified":"2024-06-21T08:58:36","modified_gmt":"2024-06-21T11:58:36","slug":"policia-civil-cumpre-em-poco-verde-mandado-de-prisao-contra-investigado-por-estupro-de-vulneravel-na-bahia","status":"publish","type":"post","link":"https:\/\/senoticias.com.br\/se\/policia-civil-cumpre-em-poco-verde-mandado-de-prisao-contra-investigado-por-estupro-de-vulneravel-na-bahia\/","title":{"rendered":"Pol\u00edcia Civil cumpre em Po\u00e7o Verde mandado de pris\u00e3o contra investigado por estupro de vulner\u00e1vel na Bahia"},"content":{"rendered":"\n<p>Equipes da Delegacia de Po\u00e7o Verde cumpriram o mandado de pris\u00e3o contra um homem investigado pelo crime de estupro de vulner\u00e1vel na cidade de F\u00e1tima (BA). Ele tamb\u00e9m \u00e9 investigado por crime de amea\u00e7a em contexto de viol\u00eancia dom\u00e9stica em Po\u00e7o Verde. A a\u00e7\u00e3o policial ocorreu nessa quinta-feira, 20.<\/p>\n\n\n\n<figure class=\"wp-block-image size-large\"><img loading=\"lazy\" decoding=\"async\" width=\"599\" height=\"392\" src=\"https:\/\/senoticias.com.br\/se\/wp-content\/uploads\/2024\/06\/pc-senotcias-e1718970880177.jpeg\" alt=\"\" class=\"wp-image-142951\"\/><figcaption>Preso tamb\u00e9m \u00e9 investigada por crime de amea\u00e7a no territ\u00f3rio sergipano<\/figcaption><\/figure>\n\n\n\n<p>De acordo com as informa\u00e7\u00f5es policiais, o fato chegou ao conhecimento das autoridades policiais atrav\u00e9s de um boletim de ocorr\u00eancia registrado por uma v\u00edtima de amea\u00e7a em contexto de viol\u00eancia dom\u00e9stica.<\/p>\n\n\n\n<p>Com o seguimento das investiga\u00e7\u00f5es, a Pol\u00edcia Civil identificou que o investigado seria suspeito de mais outros crimes praticados na Bahia. Dentre os crimes, estupro de vulner\u00e1vel, do qual havia mandado de pris\u00e3o em aberto contra o investigado.<\/p>\n\n\n\n<p>Ap\u00f3s a colheita dos elementos informativos e do indiciamento do investigado pelo crime de amea\u00e7a no ambiente dom\u00e9stico e familiar contra a mulher, as informa\u00e7\u00f5es do procedimento policial foram encaminhadas para a Delegacia de F\u00e1tima (BA), para apura\u00e7\u00e3o de crimes no territ\u00f3rio baiano.<\/p>\n\n\n\n<p>Com base nas investiga\u00e7\u00f5es, a justi\u00e7a baiana decretou a pris\u00e3o do investigado. A decis\u00e3o judicial foi cumprida na tarde dessa quinta-feira pela equipe de policiais civis de Po\u00e7o Verde.<\/p>\n\n\n\n<p>O investigado foi entregue \u00e0 Pol\u00edcia Civil da Bahia, que ficar\u00e1 respons\u00e1vel pela condu\u00e7\u00e3o \u00e0 audi\u00eancia de cust\u00f3dia.<\/p>\n\n\n\n<p>A Pol\u00edcia Civil solicita que informa\u00e7\u00f5es e den\u00fancias sobre crimes e suspeitos de a\u00e7\u00f5es criminosas sejam repassadas \u00e0 pol\u00edcia por meio do Disque-Den\u00fancia, no telefone 181. O sigilo do denunciante \u00e9 garantido.<\/p>\n\n\n\n<p><strong><em>A<strong><em>companhe tamb\u00e9m o SE Not\u00edcias no&nbsp;<a rel=\"noreferrer noopener\" href=\"https:\/\/www.instagram.com\/senoticias\/\" target=\"_blank\">Instagram<\/a><\/em><\/strong><\/em><\/strong>,&nbsp;<strong><em><strong><em>&nbsp;<a rel=\"noreferrer noopener\" href=\"https:\/\/www.facebook.com\/senoticias1\" target=\"_blank\">Facebook<\/a>&nbsp;e<\/em><\/strong>&nbsp;no<\/em>&nbsp;<em><a href=\"https:\/\/twitter.com\/Senoticias\">X<\/a><\/em><\/strong><\/p>\n\n\n\n<p>Fonte:\u00a0SSP SE<\/p>\n","protected":false},"excerpt":{"rendered":"<p>Equipes da Delegacia de Po\u00e7o Verde cumpriram o mandado de pris\u00e3o contra um homem investigado pelo crime de estupro de vulner\u00e1vel na cidade de F\u00e1tima (BA). Ele tamb\u00e9m \u00e9 investigado por crime de amea\u00e7a em contexto de viol\u00eancia dom\u00e9stica em Po\u00e7o Verde. A a\u00e7\u00e3o policial ocorreu nessa quinta-feira, 20. De acordo com as informa\u00e7\u00f5es policiais, [&hellip;]<\/p>\n","protected":false},"author":6557,"featured_media":0,"comment_status":"closed","ping_status":"closed","sticky":false,"template":"","format":"standard","meta":{"footnotes":""},"categories":[15,7],"tags":[7484,40823,78],"class_list":{"0":"post-142950","1":"post","2":"type-post","3":"status-publish","4":"format-standard","6":"category-destaques","7":"category-policia","8":"tag-estupro-de-vulneravel","9":"tag-mandado-de-prisao","10":"tag-policia-civil"},"_links":{"self":[{"href":"https:\/\/senoticias.com.br\/se\/wp-json\/wp\/v2\/posts\/142950"}],"collection":[{"href":"https:\/\/senoticias.com.br\/se\/wp-json\/wp\/v2\/posts"}],"about":[{"href":"https:\/\/senoticias.com.br\/se\/wp-json\/wp\/v2\/types\/post"}],"author":[{"embeddable":true,"href":"https:\/\/senoticias.com.br\/se\/wp-json\/wp\/v2\/users\/6557"}],"replies":[{"embeddable":true,"href":"https:\/\/senoticias.com.br\/se\/wp-json\/wp\/v2\/comments?post=142950"}],"version-history":[{"count":0,"href":"https:\/\/senoticias.com.br\/se\/wp-json\/wp\/v2\/posts\/142950\/revisions"}],"wp:attachment":[{"href":"https:\/\/senoticias.com.br\/se\/wp-json\/wp\/v2\/media?parent=142950"}],"wp:term":[{"taxonomy":"category","embeddable":true,"href":"https:\/\/senoticias.com.br\/se\/wp-json\/wp\/v2\/categories?post=142950"},{"taxonomy":"post_tag","embeddable":true,"href":"https:\/\/senoticias.com.br\/se\/wp-json\/wp\/v2\/tags?post=142950"}],"curies":[{"name":"wp","href":"https:\/\/api.w.org\/{rel}","templated":true}]}}