{"id":142881,"date":"2024-06-18T19:11:09","date_gmt":"2024-06-18T22:11:09","guid":{"rendered":"https:\/\/senoticias.com.br\/se\/?p=142881"},"modified":"2024-06-18T19:14:07","modified_gmt":"2024-06-18T22:14:07","slug":"planejamento-de-seguranca-para-o-sao-pedro-de-capela-e-definido-em-reuniao-no-quartel-do-comando-geral-da-pmse","status":"publish","type":"post","link":"https:\/\/senoticias.com.br\/se\/planejamento-de-seguranca-para-o-sao-pedro-de-capela-e-definido-em-reuniao-no-quartel-do-comando-geral-da-pmse\/","title":{"rendered":"Planejamento de seguran\u00e7a para o S\u00e3o Pedro de Capela \u00e9 definido em reuni\u00e3o no Quartel do Comando Geral da PMSE"},"content":{"rendered":"\n<p>Na manh\u00e3 desta ter\u00e7a-feira (18), uma reuni\u00e3o foi realizada no Quartel do Comando Geral da Pol\u00edcia Militar de Sergipe para definir o planejamento de seguran\u00e7a do tradicional evento S\u00e3o Pedro de Capela. O encontro contou com a presen\u00e7a de diversas autoridades engajadas em garantir a seguran\u00e7a e a tranquilidade dos participantes da festa.<\/p>\n\n\n\n<figure class=\"wp-block-image size-large\"><img loading=\"lazy\" decoding=\"async\" width=\"597\" height=\"406\" src=\"https:\/\/senoticias.com.br\/se\/wp-content\/uploads\/2024\/06\/Sao-Pedro-de-Capela-SE-Noticias.jpg\" alt=\"\" class=\"wp-image-142900\" srcset=\"https:\/\/senoticias.com.br\/se\/wp-content\/uploads\/2024\/06\/Sao-Pedro-de-Capela-SE-Noticias.jpg 597w, https:\/\/senoticias.com.br\/se\/wp-content\/uploads\/2024\/06\/Sao-Pedro-de-Capela-SE-Noticias-300x204.jpg 300w, https:\/\/senoticias.com.br\/se\/wp-content\/uploads\/2024\/06\/Sao-Pedro-de-Capela-SE-Noticias-90x60.jpg 90w, https:\/\/senoticias.com.br\/se\/wp-content\/uploads\/2024\/06\/Sao-Pedro-de-Capela-SE-Noticias-95x64.jpg 95w\" sizes=\"(max-width: 597px) 100vw, 597px\" \/><figcaption>Os festejos acontecer\u00e3o entre os dias 27 e 30 de junho &#8211; Foto: PM\/SE<\/figcaption><\/figure>\n\n\n\n<p>Estiveram presentes na reuni\u00e3o o comandante-geral da Pol\u00edcia Militar de Sergipe, o coronel Alexsandro Ribeiro, a prefeita do munic\u00edpio de Capela, Silvany Mamlak, o comandante do Comando de Policiamento Militar do Interior (CPMI), coronel Sidney Barbosa, e o comandante do 9\u00b0 Batalh\u00e3o de Pol\u00edcia Militar (9\u00ba BPM), tenente-coronel Matheus Soares Massotti.<\/p>\n\n\n\n<p>Durante o encontro foram discutidas e alinhadas estrat\u00e9gias de seguran\u00e7a que ser\u00e3o implementadas durante o evento, considerado um dos mais tradicionais e prestigiados do calend\u00e1rio junino de Sergipe. As autoridades presentes ressaltaram a import\u00e2ncia da integra\u00e7\u00e3o entre as for\u00e7as de seguran\u00e7a e a administra\u00e7\u00e3o municipal para o sucesso do planejamento.<\/p>\n\n\n\n<p>O tenente-coronel Matheus destacou que a Pol\u00edcia Militar estar\u00e1 com um efetivo refor\u00e7ado para cobrir todas as etapas do evento, que ocorrer\u00e1 entre os dias 27 e 30 de junho. \u201cJunto com os demais oficiais do 9\u00ba BPM, conseguimos garantir com o Comando Geral o emprego m\u00e1ximo de policiais militares durante cada dia das festividades. Ent\u00e3o, vamos trabalhar duro para assim garantir uma a\u00e7\u00e3o preventiva eficaz contra qualquer tipo de ocorr\u00eancia que possa comprometer a seguran\u00e7a dos participantes&#8221;, destacou.<\/p>\n\n\n\n<p>A prefeita Silvany Mamlak agradeceu o empenho da Pol\u00edcia Militar e se mostrou confiante de que, com o planejamento apresentado, o S\u00e3o Pedro de Capela ser\u00e1 mais uma vez um evento seguro e bem organizado. \u201cA parceria entre a prefeitura e a PM \u00e9 fundamental para o sucesso de um dos maiores festejos juninos do estado. Esse planejamento, feito por quem realmente entende de seguran\u00e7a p\u00fablica, que \u00e9 a Pol\u00edcia Militar de Sergipe, \u00e9 important\u00edssimo para manter as tradi\u00e7\u00f5es dos folguedos com uma festa para as fam\u00edlias. Estamos todos empenhados em proporcionar uma celebra\u00e7\u00e3o segura e alegre para a popula\u00e7\u00e3o e visitantes&#8221;, afirmou a prefeita.<\/p>\n\n\n\n<p>Al\u00e9m das medidas de seguran\u00e7a ordin\u00e1rias adotadas pelo 9\u00ba Batalh\u00e3o, como patrulhamento ostensivo e pontos de bloqueio realizados com o apoio do Batalh\u00e3o de Pol\u00edcia Rodovi\u00e1ria (BPRv), foram confirmados tamb\u00e9m o emprego de unidades especializadas da Corpora\u00e7\u00e3o, com destaque para o Batalh\u00e3o de Choque (BPChoque), Batalh\u00e3o de Pol\u00edcia de A\u00e7\u00f5es T\u00e1ticas do Interior (BPati) e Getam.<\/p>\n\n\n\n<p>O comandante do 9\u00ba Batalh\u00e3o ainda ressaltou o emprego maci\u00e7o de equipes do BPChoque no domingo (30), com o objetivo de evitar condutas impr\u00f3prias que possam interferir na ordem p\u00fablica, durante o famoso arrast\u00e3o da pega do mastro, considerada a maior manifesta\u00e7\u00e3o cultural do munic\u00edpio.<\/p>\n\n\n\n<p><strong><em>A<strong><em>companhe tamb\u00e9m o SE Not\u00edcias no&nbsp;<a rel=\"noreferrer noopener\" href=\"https:\/\/www.instagram.com\/senoticias\/\" target=\"_blank\">Instagram<\/a><\/em><\/strong><\/em><\/strong>,&nbsp;<strong><em><strong><em>&nbsp;<a rel=\"noreferrer noopener\" href=\"https:\/\/www.facebook.com\/senoticias1\" target=\"_blank\">Facebook<\/a>&nbsp;e<\/em><\/strong>&nbsp;no<\/em>&nbsp;<em><a href=\"https:\/\/twitter.com\/Senoticias\">X<\/a><\/em><\/strong><\/p>\n\n\n\n<p>Fonte: Ascom PM<\/p>\n","protected":false},"excerpt":{"rendered":"<p>Na manh\u00e3 desta ter\u00e7a-feira (18), uma reuni\u00e3o foi realizada no Quartel do Comando Geral da Pol\u00edcia Militar de Sergipe para definir o planejamento de seguran\u00e7a do tradicional evento S\u00e3o Pedro de Capela. O encontro contou com a presen\u00e7a de diversas autoridades engajadas em garantir a seguran\u00e7a e a tranquilidade dos participantes da festa. Estiveram presentes [&hellip;]<\/p>\n","protected":false},"author":6557,"featured_media":0,"comment_status":"closed","ping_status":"closed","sticky":false,"template":"","format":"standard","meta":{"footnotes":""},"categories":[15,7,1],"tags":[1004],"class_list":{"0":"post-142881","1":"post","2":"type-post","3":"status-publish","4":"format-standard","6":"category-destaques","7":"category-policia","8":"category-sem-categoria","9":"tag-sao-pedro-de-capela"},"_links":{"self":[{"href":"https:\/\/senoticias.com.br\/se\/wp-json\/wp\/v2\/posts\/142881"}],"collection":[{"href":"https:\/\/senoticias.com.br\/se\/wp-json\/wp\/v2\/posts"}],"about":[{"href":"https:\/\/senoticias.com.br\/se\/wp-json\/wp\/v2\/types\/post"}],"author":[{"embeddable":true,"href":"https:\/\/senoticias.com.br\/se\/wp-json\/wp\/v2\/users\/6557"}],"replies":[{"embeddable":true,"href":"https:\/\/senoticias.com.br\/se\/wp-json\/wp\/v2\/comments?post=142881"}],"version-history":[{"count":0,"href":"https:\/\/senoticias.com.br\/se\/wp-json\/wp\/v2\/posts\/142881\/revisions"}],"wp:attachment":[{"href":"https:\/\/senoticias.com.br\/se\/wp-json\/wp\/v2\/media?parent=142881"}],"wp:term":[{"taxonomy":"category","embeddable":true,"href":"https:\/\/senoticias.com.br\/se\/wp-json\/wp\/v2\/categories?post=142881"},{"taxonomy":"post_tag","embeddable":true,"href":"https:\/\/senoticias.com.br\/se\/wp-json\/wp\/v2\/tags?post=142881"}],"curies":[{"name":"wp","href":"https:\/\/api.w.org\/{rel}","templated":true}]}}