{"id":142867,"date":"2024-06-17T09:44:28","date_gmt":"2024-06-17T12:44:28","guid":{"rendered":"https:\/\/senoticias.com.br\/se\/?p=142867"},"modified":"2024-06-17T09:44:39","modified_gmt":"2024-06-17T12:44:39","slug":"forro-caju-2024-aracajuanos-estao-com-boas-expectativas-para-o-maior-evento-junino-de-sergipe","status":"publish","type":"post","link":"https:\/\/senoticias.com.br\/se\/forro-caju-2024-aracajuanos-estao-com-boas-expectativas-para-o-maior-evento-junino-de-sergipe\/","title":{"rendered":"Forr\u00f3 Caju 2024: Aracajuanos est\u00e3o com boas expectativas para o maior evento junino de Sergipe"},"content":{"rendered":"\n<p>O Forr\u00f3 Caju 2024, maior festa do calend\u00e1rio junino de Sergipe, j\u00e1 est\u00e1 batendo \u00e0 porta dos aracajuanos, que aguardam com bastante expectativa para curtir as diversas atra\u00e7\u00f5es musicais que se apresentar\u00e3o na pra\u00e7a Hilton Lopes, no per\u00edodo de 23 a 29 de junho. Promovido pela Prefeitura de Aracaju, por meio da Funda\u00e7\u00e3o Cultural Cidade de Aracaju (Funcaju), o evento ser\u00e1 mais uma oportunidade para moradores da capital e turistas aproveitarem o per\u00edodo junino com shows de grandes artistas da m\u00fasica nordestina.<\/p>\n\n\n\n<figure class=\"wp-block-image size-large\"><img loading=\"lazy\" decoding=\"async\" width=\"524\" height=\"349\" src=\"https:\/\/senoticias.com.br\/se\/wp-content\/uploads\/2024\/06\/show-senoticias-e1718628188218.jpg\" alt=\"\" class=\"wp-image-142868\"\/><figcaption>\nFoto: Felipe Goettenauer\n\n\n\n<\/figcaption><\/figure>\n\n\n\n<p>\u00c9 o caso de Keven da Silva Pinto, de 21 anos, que trabalha com Educa\u00e7\u00e3o Ambiental. Ele afirma que todos os anos participa da festa, que oportuniza a ele um momento de lazer com a namorada. As expectativas para esta edi\u00e7\u00e3o s\u00e3o muito positivas.<\/p>\n\n\n\n<p>\u201cEste ano espero me divertir bastante, que os artistas consigam chamar bastante p\u00fablico, para que a festa seja bem animada. Eu quero muito assistir o show da cantora Joelma\u201d, disse.<\/p>\n\n\n\n<p>Keven ainda reconhece a import\u00e2ncia do evento para a cidade como um todo. \u201cO Forr\u00f3 Caju \u00e9 muito importante para o turismo, porque vai movimentar bastante a economia local, e para os aracajuanos tamb\u00e9m, porque anima todo mundo. A gente j\u00e1 tem uma carga de trabalho semanal, n\u00e3o tem muito para onde sair no final de semana, ent\u00e3o o Forr\u00f3 Caju ser\u00e1 uma boa op\u00e7\u00e3o para todos\u201d, declarou.<\/p>\n\n\n\n<p>O Forr\u00f3 Caju ainda tem a caracter\u00edstica de ser uma das festas mais democr\u00e1ticas do calend\u00e1rio cultural sergipano, atraindo um p\u00fablico diverso e de todas as idades. Entre os frequentadores mais entusiasmados est\u00e1 o aposentado Maur\u00edcio Menezes, que todos os anos marca presen\u00e7a no evento acompanhado da fam\u00edlia.<\/p>\n\n\n\n<p>\u201cSempre venho com minha esposa, com os filhos, desde a primeira edi\u00e7\u00e3o. A gente \u00e9 presen\u00e7a marcante no Forr\u00f3 Caju. Eu espero que esse ano, como em todos os anos anteriores, a festa aconte\u00e7a na paz, com tranquilidade, sem viol\u00eancia, isso \u00e9 tudo que n\u00f3s desejamos. J\u00e1 vi a lista das atra\u00e7\u00f5es, e quero muito curtir o show de Elba Rabalho, forrozeira nordestina que eu gosto muito\u201d, afirmou.<\/p>\n\n\n\n<p>Sob as m\u00fasicas contagiantes do forr\u00f3, casais de todas as idades tamb\u00e9m se re\u00fanem para compartilhar momentos de alegria durante o Forr\u00f3 Caju. \u00c9 o caso de Naely Costa, de 20 anos, e do seu esposo Rafael Willams, de 26. Ambos j\u00e1 conferiram a programa\u00e7\u00e3o e est\u00e3o ansiosos para o in\u00edcio da festa.<\/p>\n\n\n\n<p>\u201cEu j\u00e1 curto o Forr\u00f3 Caju h\u00e1 cerca de tr\u00eas anos. Eu acho bem legal, um evento diferente e que atrai pessoas de v\u00e1rios lugares e que chama bastante a aten\u00e7\u00e3o de todos. Estou aguardando para assistir o show de Simone Mendes, que \u00e9 uma das cantoras que est\u00e3o sendo mais comentadas\u201d, disse Naely.<\/p>\n\n\n\n<p>J\u00e1 o seu marido, Rafael, conta que participa do evento h\u00e1 mais tempo, e acredita que neste ano, mais uma vez, ser\u00e1 um grande sucesso. \u201cA programa\u00e7\u00e3o est\u00e1 \u00f3tima e tenho certeza que essa grande festa vai ter lota\u00e7\u00e3o m\u00e1xima. Quero ver o show do cantor Unha Pintada e Maiara e Mara\u00edsa, fora as outras atra\u00e7\u00f5es daqui do estado tamb\u00e9m, que v\u00e3o nos representar bastante e far\u00e3o uma festa linda\u201d, declarou.<\/p>\n\n\n\n<p>Frequentador ass\u00edduo que \u00e9, Rafael faz quest\u00e3o de elogiar a organiza\u00e7\u00e3o do evento. \u201cAcho essa festa bem organizada, a Guarda Municipal est\u00e1 sempre de parab\u00e9ns. Esse \u00e9 um evento tranquilo, sem empurra-empurra, todo mundo com respeito. Al\u00e9m disso, tamb\u00e9m atrai muitos turistas e \u00e9 \u00f3timo para a economia, porque gera muito retorno para os aut\u00f4nomos, empres\u00e1rios, artistas, e todos que trabalham direta ou indiretamente\u201d, afirmou.<\/p>\n\n\n\n<p><strong><em>A<strong><em>companhe tamb\u00e9m o SE Not\u00edcias no&nbsp;<a rel=\"noreferrer noopener\" href=\"https:\/\/www.instagram.com\/senoticias\/\" target=\"_blank\">Instagram<\/a><\/em><\/strong><\/em><\/strong>,&nbsp;<strong><em><strong><em>&nbsp;<a rel=\"noreferrer noopener\" href=\"https:\/\/www.facebook.com\/senoticias1\" target=\"_blank\">Facebook<\/a>&nbsp;e<\/em><\/strong>&nbsp;no<\/em>&nbsp;<em><a href=\"https:\/\/twitter.com\/Senoticias\">X<\/a><\/em><\/strong><\/p>\n\n\n\n<p>Fonte: Prefeitura de Aracaju<\/p>\n","protected":false},"excerpt":{"rendered":"<p>O Forr\u00f3 Caju 2024, maior festa do calend\u00e1rio junino de Sergipe, j\u00e1 est\u00e1 batendo \u00e0 porta dos aracajuanos, que aguardam com bastante expectativa para curtir as diversas atra\u00e7\u00f5es musicais que se apresentar\u00e3o na pra\u00e7a Hilton Lopes, no per\u00edodo de 23 a 29 de junho. Promovido pela Prefeitura de Aracaju, por meio da Funda\u00e7\u00e3o Cultural Cidade [&hellip;]<\/p>\n","protected":false},"author":6557,"featured_media":0,"comment_status":"closed","ping_status":"closed","sticky":false,"template":"","format":"standard","meta":{"footnotes":""},"categories":[15,21],"tags":[4138,2772,1007],"class_list":{"0":"post-142867","1":"post","2":"type-post","3":"status-publish","4":"format-standard","6":"category-destaques","7":"category-entretenimento","8":"tag-forro-caju","9":"tag-funcaju","10":"tag-sao-joao"},"_links":{"self":[{"href":"https:\/\/senoticias.com.br\/se\/wp-json\/wp\/v2\/posts\/142867"}],"collection":[{"href":"https:\/\/senoticias.com.br\/se\/wp-json\/wp\/v2\/posts"}],"about":[{"href":"https:\/\/senoticias.com.br\/se\/wp-json\/wp\/v2\/types\/post"}],"author":[{"embeddable":true,"href":"https:\/\/senoticias.com.br\/se\/wp-json\/wp\/v2\/users\/6557"}],"replies":[{"embeddable":true,"href":"https:\/\/senoticias.com.br\/se\/wp-json\/wp\/v2\/comments?post=142867"}],"version-history":[{"count":0,"href":"https:\/\/senoticias.com.br\/se\/wp-json\/wp\/v2\/posts\/142867\/revisions"}],"wp:attachment":[{"href":"https:\/\/senoticias.com.br\/se\/wp-json\/wp\/v2\/media?parent=142867"}],"wp:term":[{"taxonomy":"category","embeddable":true,"href":"https:\/\/senoticias.com.br\/se\/wp-json\/wp\/v2\/categories?post=142867"},{"taxonomy":"post_tag","embeddable":true,"href":"https:\/\/senoticias.com.br\/se\/wp-json\/wp\/v2\/tags?post=142867"}],"curies":[{"name":"wp","href":"https:\/\/api.w.org\/{rel}","templated":true}]}}