{"id":142861,"date":"2024-06-16T18:38:56","date_gmt":"2024-06-16T21:38:56","guid":{"rendered":"https:\/\/senoticias.com.br\/se\/?p=142861"},"modified":"2024-06-16T18:59:38","modified_gmt":"2024-06-16T21:59:38","slug":"embarcacao-com-seis-tripulantes-encalha-na-praia-do-abais","status":"publish","type":"post","link":"https:\/\/senoticias.com.br\/se\/embarcacao-com-seis-tripulantes-encalha-na-praia-do-abais\/","title":{"rendered":"Embarca\u00e7\u00e3o com seis tripulantes encalha na praia do Aba\u00eds"},"content":{"rendered":"\n<p>Um rebocador mar\u00edtimo encalhou com seis tripulantes na Praia do Aba\u00eds, em Est\u00e2ncia, de acordo com a Capitania dos Portos de Sergipe.  O fato ocorreu no s\u00e1bado, 15, e foi confirmado pela Capitania dos Portos de Sergipe neste domingo, 16.<\/p>\n\n\n\n<figure class=\"wp-block-image size-large\"><img loading=\"lazy\" decoding=\"async\" width=\"596\" height=\"412\" src=\"https:\/\/senoticias.com.br\/se\/wp-content\/uploads\/2024\/06\/Acidente-com-rebocador-se-noticias.jpg\" alt=\"\" class=\"wp-image-142862\" srcset=\"https:\/\/senoticias.com.br\/se\/wp-content\/uploads\/2024\/06\/Acidente-com-rebocador-se-noticias.jpg 596w, https:\/\/senoticias.com.br\/se\/wp-content\/uploads\/2024\/06\/Acidente-com-rebocador-se-noticias-300x207.jpg 300w\" sizes=\"(max-width: 596px) 100vw, 596px\" \/><figcaption>Embarca\u00e7\u00e3o encalha na praia da Abais em Est\u00e2ncia \u2014 Foto: Capitania dos Portos de Sergipe<\/figcaption><\/figure>\n\n\n\n<p>Os tripulantes foram resgatados por uma equipe de inspe\u00e7\u00e3o naval da capitania e passam bem.<\/p>\n\n\n\n<p>Segundo o \u00f3rg\u00e3o, n\u00e3o foi observado vazamento de \u00f3leo. Um inqu\u00e9rito ser\u00e1 aberto para apurar caso.<\/p>\n\n\n\n<p>O atendimento de emerg\u00eancias, no mar ou nos rios funciona 24 horas por dia, atrav\u00e9s do n\u00famero 185.<\/p>\n\n\n\n<p><strong><em>A<strong><em>companhe tamb\u00e9m o SE Not\u00edcias no\u00a0<a rel=\"noreferrer noopener\" href=\"https:\/\/www.instagram.com\/senoticias\/\" target=\"_blank\">Instagram<\/a><\/em><\/strong><\/em><\/strong>,\u00a0<strong><em><strong><em>\u00a0<a rel=\"noreferrer noopener\" href=\"https:\/\/www.facebook.com\/senoticias1\" target=\"_blank\">Facebook<\/a>\u00a0e<\/em><\/strong>\u00a0no<\/em>\u00a0<em><a href=\"https:\/\/twitter.com\/Senoticias\">X<\/a><\/em><\/strong><\/p>\n\n\n\n<p>Fonte: G1\/SE<\/p>\n","protected":false},"excerpt":{"rendered":"<p>Um rebocador mar\u00edtimo encalhou com seis tripulantes na Praia do Aba\u00eds, em Est\u00e2ncia, de acordo com a Capitania dos Portos de Sergipe. O fato ocorreu no s\u00e1bado, 15, e foi confirmado pela Capitania dos Portos de Sergipe neste domingo, 16. Os tripulantes foram resgatados por uma equipe de inspe\u00e7\u00e3o naval da capitania e passam bem. [&hellip;]<\/p>\n","protected":false},"author":6557,"featured_media":0,"comment_status":"closed","ping_status":"closed","sticky":false,"template":"","format":"standard","meta":{"footnotes":""},"categories":[15,38],"tags":[41800,8002,41799],"class_list":{"0":"post-142861","1":"post","2":"type-post","3":"status-publish","4":"format-standard","6":"category-destaques","7":"category-municipios","8":"tag-embarcacao-com-seis-tripulantes","9":"tag-praia-do-abais","10":"tag-rebocador-maritimo"},"_links":{"self":[{"href":"https:\/\/senoticias.com.br\/se\/wp-json\/wp\/v2\/posts\/142861"}],"collection":[{"href":"https:\/\/senoticias.com.br\/se\/wp-json\/wp\/v2\/posts"}],"about":[{"href":"https:\/\/senoticias.com.br\/se\/wp-json\/wp\/v2\/types\/post"}],"author":[{"embeddable":true,"href":"https:\/\/senoticias.com.br\/se\/wp-json\/wp\/v2\/users\/6557"}],"replies":[{"embeddable":true,"href":"https:\/\/senoticias.com.br\/se\/wp-json\/wp\/v2\/comments?post=142861"}],"version-history":[{"count":0,"href":"https:\/\/senoticias.com.br\/se\/wp-json\/wp\/v2\/posts\/142861\/revisions"}],"wp:attachment":[{"href":"https:\/\/senoticias.com.br\/se\/wp-json\/wp\/v2\/media?parent=142861"}],"wp:term":[{"taxonomy":"category","embeddable":true,"href":"https:\/\/senoticias.com.br\/se\/wp-json\/wp\/v2\/categories?post=142861"},{"taxonomy":"post_tag","embeddable":true,"href":"https:\/\/senoticias.com.br\/se\/wp-json\/wp\/v2\/tags?post=142861"}],"curies":[{"name":"wp","href":"https:\/\/api.w.org\/{rel}","templated":true}]}}