{"id":142859,"date":"2024-06-16T11:11:23","date_gmt":"2024-06-16T14:11:23","guid":{"rendered":"https:\/\/senoticias.com.br\/se\/?p=142859"},"modified":"2024-06-16T11:13:48","modified_gmt":"2024-06-16T14:13:48","slug":"danielzinho-peruano-e-ze-vaqueiro-fazem-a-festa-no-arraia-do-povo-neste-domingo-16","status":"publish","type":"post","link":"https:\/\/senoticias.com.br\/se\/danielzinho-peruano-e-ze-vaqueiro-fazem-a-festa-no-arraia-do-povo-neste-domingo-16\/","title":{"rendered":"Danielzinho, Peruano e Z\u00e9 Vaqueiro fazem a festa no Arrai\u00e1 do Povo neste domingo, 16"},"content":{"rendered":"\n<p>A 16\u00aa noite do maior festejo junino de Sergipe, no Arrai\u00e1 do Povo, na Orla da Atalaia, promete muita m\u00fasica e anima\u00e7\u00e3o com os shows de Danielzinho Kaceteiro, \u00e0s 19h, Peruano, \u00e0s 21h, e Z\u00e9 Vaqueiro, uma das atra\u00e7\u00f5es mais esperadas, encerrando a noite no Palco Rog\u00e9rio a partir das 23h.<\/p>\n\n\n\n<p>O domingo ser\u00e1 marcado tamb\u00e9m pelas apresenta\u00e7\u00f5es na Vila do Forr\u00f3. No Coreto da Eneva, Ded\u00e9 do Acordeon se apresenta \u00e0s 17h30. No Barrac\u00e3o da Sergipe, a programa\u00e7\u00e3o ter\u00e1 show da Balan\u00e7a Eu, \u00e0s 19h, apresenta\u00e7\u00e3o do Batalh\u00e3o de Bacamarteiros do povoado Aguada, de Carm\u00f3polis, e show de Valter Nogueira, \u00e0s 21h30.<\/p>\n\n\n\n<figure class=\"wp-block-image size-large\"><img loading=\"lazy\" decoding=\"async\" width=\"581\" height=\"659\" src=\"https:\/\/senoticias.com.br\/se\/wp-content\/uploads\/2024\/06\/Arraia-do-Povo-SE-Noticias-4.jpg\" alt=\"\" class=\"wp-image-142860\" srcset=\"https:\/\/senoticias.com.br\/se\/wp-content\/uploads\/2024\/06\/Arraia-do-Povo-SE-Noticias-4.jpg 581w, https:\/\/senoticias.com.br\/se\/wp-content\/uploads\/2024\/06\/Arraia-do-Povo-SE-Noticias-4-264x300.jpg 264w\" sizes=\"(max-width: 581px) 100vw, 581px\" \/><figcaption>Programa\u00e7\u00e3o da Vila do Forr\u00f3 tamb\u00e9m promete muita anima\u00e7\u00e3o, com in\u00edcio \u00e0s 17h30 &#8211; Foto: Jhonny Canon<\/figcaption><\/figure>\n\n\n\n<p><strong>Pa\u00eds do Forr\u00f3<\/strong><\/p>\n\n\n\n<p>Durante 60 dias, o clima junino tomar\u00e1 conta do estado, fortalecendo o turismo, a cultura popular e aquecendo a economia em v\u00e1rios setores envolvidos na realiza\u00e7\u00e3o dos eventos. A programa\u00e7\u00e3o do Arrai\u00e1 do Povo e Vila do Forr\u00f3 \u00e9 uma realiza\u00e7\u00e3o do Governo de Sergipe, por meio da Funda\u00e7\u00e3o de Cultura e Arte Aperip\u00ea (Funcap), Secretaria Especial da Comunica\u00e7\u00e3o (Secom), Secretaria de Estado do Turismo (Setur) e Banese, com apoio da Energisa, Netiz e Shopping Jardins, e patroc\u00ednio da Eneva, Pisolar, Deso, Marat\u00e1, GBarbosa e Servi\u00e7o Social do Com\u00e9rcio (Sesc).<\/p>\n\n\n\n<p><strong>Confira a programa\u00e7\u00e3o deste domingo:<\/strong><\/p>\n\n\n\n<p><strong>Arrai\u00e1 do Povo<\/strong><\/p>\n\n\n\n<p>19h Danielzinho Kaceteiro<br>21h Peruano<br>23h Z\u00e9 Vaqueiro<\/p>\n\n\n\n<p><strong>Coreto da Eneva<\/strong><br>17h30 &#8211; Ded\u00e9 do Acordeon<\/p>\n\n\n\n<p><strong>Barrac\u00e3o da Sergipe<\/strong><\/p>\n\n\n\n<p>19h \u2013 Balan\u00e7a Eu<br>20h30 \u2013 Batalh\u00e3o de Bacamarteiros de Aguada<br>21h30 \u2013 Valter Nogueira<\/p>\n\n\n\n<p><strong><em>A<strong><em>companhe tamb\u00e9m o SE Not\u00edcias no\u00a0<a rel=\"noreferrer noopener\" href=\"https:\/\/www.instagram.com\/senoticias\/\" target=\"_blank\">Instagram<\/a><\/em><\/strong><\/em><\/strong>,\u00a0<strong><em><strong><em>\u00a0<a rel=\"noreferrer noopener\" href=\"https:\/\/www.facebook.com\/senoticias1\" target=\"_blank\">Facebook<\/a>\u00a0e<\/em><\/strong>\u00a0no<\/em>\u00a0<em><a href=\"https:\/\/twitter.com\/Senoticias\">X<\/a><\/em><\/strong><\/p>\n\n\n\n<p>Fonte: Ag\u00eancia Sergipe de Not\u00edcias<\/p>\n","protected":false},"excerpt":{"rendered":"<p>A 16\u00aa noite do maior festejo junino de Sergipe, no Arrai\u00e1 do Povo, na Orla da Atalaia, promete muita m\u00fasica e anima\u00e7\u00e3o com os shows de Danielzinho Kaceteiro, \u00e0s 19h, Peruano, \u00e0s 21h, e Z\u00e9 Vaqueiro, uma das atra\u00e7\u00f5es mais esperadas, encerrando a noite no Palco Rog\u00e9rio a partir das 23h. O domingo ser\u00e1 marcado [&hellip;]<\/p>\n","protected":false},"author":6557,"featured_media":0,"comment_status":"closed","ping_status":"closed","sticky":false,"template":"","format":"standard","meta":{"footnotes":""},"categories":[15,21],"tags":[616,41797,41798,39205],"class_list":{"0":"post-142859","1":"post","2":"type-post","3":"status-publish","4":"format-standard","6":"category-destaques","7":"category-entretenimento","8":"tag-arraia-do-povo","9":"tag-danielzinho","10":"tag-peruano","11":"tag-ze-vaqueiro"},"_links":{"self":[{"href":"https:\/\/senoticias.com.br\/se\/wp-json\/wp\/v2\/posts\/142859"}],"collection":[{"href":"https:\/\/senoticias.com.br\/se\/wp-json\/wp\/v2\/posts"}],"about":[{"href":"https:\/\/senoticias.com.br\/se\/wp-json\/wp\/v2\/types\/post"}],"author":[{"embeddable":true,"href":"https:\/\/senoticias.com.br\/se\/wp-json\/wp\/v2\/users\/6557"}],"replies":[{"embeddable":true,"href":"https:\/\/senoticias.com.br\/se\/wp-json\/wp\/v2\/comments?post=142859"}],"version-history":[{"count":0,"href":"https:\/\/senoticias.com.br\/se\/wp-json\/wp\/v2\/posts\/142859\/revisions"}],"wp:attachment":[{"href":"https:\/\/senoticias.com.br\/se\/wp-json\/wp\/v2\/media?parent=142859"}],"wp:term":[{"taxonomy":"category","embeddable":true,"href":"https:\/\/senoticias.com.br\/se\/wp-json\/wp\/v2\/categories?post=142859"},{"taxonomy":"post_tag","embeddable":true,"href":"https:\/\/senoticias.com.br\/se\/wp-json\/wp\/v2\/tags?post=142859"}],"curies":[{"name":"wp","href":"https:\/\/api.w.org\/{rel}","templated":true}]}}