{"id":142856,"date":"2024-06-15T15:26:32","date_gmt":"2024-06-15T18:26:32","guid":{"rendered":"https:\/\/senoticias.com.br\/se\/?p=142856"},"modified":"2024-06-15T15:26:36","modified_gmt":"2024-06-15T18:26:36","slug":"arraia-do-povo-traz-mano-walter-e-adelmario-coelho-na-programacao-deste-sabado-15","status":"publish","type":"post","link":"https:\/\/senoticias.com.br\/se\/arraia-do-povo-traz-mano-walter-e-adelmario-coelho-na-programacao-deste-sabado-15\/","title":{"rendered":"Arrai\u00e1 do Povo traz Mano Walter e Adelmario Coelho na programa\u00e7\u00e3o deste s\u00e1bado, 15"},"content":{"rendered":"\n<p>Neste s\u00e1bado, 15, a programa\u00e7\u00e3o junina do Arrai\u00e1 do Povo, na Orla da Atalaia, estar\u00e1, em mais uma noite, voltada para o forr\u00f3 vaquejado e tradicional. A primeira atra\u00e7\u00e3o da noite a se apresentar no Palco Rog\u00e9rio, \u00e0s 19h, \u00e9 Z\u00e9 Tramela. Em seguida, \u00e0s 21 horas, o forr\u00f3 tradicional toma conta com o artista Adelm\u00e1rio Coelho, acompanhado do cantor alagoano Mano Walter, \u00e0s 21h. A partir de 1h, quem encerra a programa\u00e7\u00e3o \u00e9 a banda Skama de Peixe.<\/p>\n\n\n\n<p>A programa\u00e7\u00e3o da Vila do Forr\u00f3 tem in\u00edcio a partir das 16h, no Barrac\u00e3o da Sergipe, com a Filarm\u00f4nica Pe. Manoel Araujo (Ribeir\u00f3polis), seguida do Teatro de Bonecos (Cec\u00e9 Vieira), \u00e0s 17h, do Espet\u00e1culo Balaio de Cantos, Contos e Encantos, \u00e0s 17h40, al\u00e9m de \u00c9rick Souza, \u00e0s 19h, Quadrilha Junina Unidos do Arrastap\u00e9, \u00e0s 20h30, Z\u00e9 Rozendo e Banda, \u00e0s 21h30, e encerrando com a Banda Dez Porcento, \u00e0s 23h. No Coreto da Eneva, as apresenta\u00e7\u00f5es ficam por conta de Edelson Pantera, \u00e0s 17h30, e Luiz Rodrigues e Retalhos Nordestinos, \u00e0s 19h30.<\/p>\n\n\n\n<figure class=\"wp-block-image size-large\"><img loading=\"lazy\" decoding=\"async\" width=\"589\" height=\"589\" src=\"https:\/\/senoticias.com.br\/se\/wp-content\/uploads\/2023\/06\/Mano-Walter-SE-Noticias.jpg\" alt=\"\" class=\"wp-image-137737\" srcset=\"https:\/\/senoticias.com.br\/se\/wp-content\/uploads\/2023\/06\/Mano-Walter-SE-Noticias.jpg 589w, https:\/\/senoticias.com.br\/se\/wp-content\/uploads\/2023\/06\/Mano-Walter-SE-Noticias-300x300.jpg 300w, https:\/\/senoticias.com.br\/se\/wp-content\/uploads\/2023\/06\/Mano-Walter-SE-Noticias-150x150.jpg 150w\" sizes=\"(max-width: 589px) 100vw, 589px\" \/><figcaption>Arrai\u00e1 do Povo traz Mano Walter neste s\u00e1bado &#8211; Foto: arquivo \/divulga\u00e7\u00e3o<\/figcaption><\/figure>\n\n\n\n<p>Al\u00e9m dos eventos realizados na Orla de Atalaia, a capital sergipana ainda conta com a semifinal do Concurso de Quadrilhas Gonzag\u00e3o, que vai acontecer a partir das 17 horas.<\/p>\n\n\n\n<p><strong>Pa\u00eds do Forr\u00f3<\/strong><\/p>\n\n\n\n<p>Durante 60 dias, o clima junino tomar\u00e1 conta do estado, fortalecendo o turismo, a cultura popular e aquecendo a economia em v\u00e1rios setores envolvidos na realiza\u00e7\u00e3o dos eventos. A programa\u00e7\u00e3o do Arrai\u00e1 do Povo e Vila do Forr\u00f3 \u00e9 uma realiza\u00e7\u00e3o do Governo de Sergipe, por meio da Funda\u00e7\u00e3o de Cultura e Arte Aperip\u00ea (Funcap), Secretaria Especial da Comunica\u00e7\u00e3o (Secom), Secretaria de Estado do Turismo (Setur) e Banese, com apoio da Energisa, Netiz e Shopping Jardins, e patroc\u00ednio da Eneva, Pisolar, Deso, Marat\u00e1, GBarbosa e Servi\u00e7o Social do Com\u00e9rcio (Sesc).<\/p>\n\n\n\n<p><strong>Confira a programa\u00e7\u00e3o deste s\u00e1bado, 15\/06:<\/strong><\/p>\n\n\n\n<p><strong>Arrai\u00e1 do Povo (Palco Rog\u00e9rio)<\/strong><\/p>\n\n\n\n<p>19h &#8211; Z\u00e9 Tramela<br>21h &#8211; Adelm\u00e1rio Coelho<br>23h &#8211; Mano Walter<br>1h- Skama de Peixe<\/p>\n\n\n\n<p><strong>Vila do Forr\u00f3<\/strong><\/p>\n\n\n\n<p>Coreto da Eneva<br>17h30 &#8211; Edelson Pantera<br>19h30 &#8211; Luiz Rodrigues e Retalhos Nordestinos<\/p>\n\n\n\n<p>Barrac\u00e3o da Sergipe<br>16h &#8211; Filarm\u00f4nica Pe. Manoel Araujo (Ribeir\u00f3polis)<br>17h &#8211; Teatro de Bonecos (Cec\u00e9 Vieira)<br>17h40 &#8211; Espet\u00e1culo Balaio de Cantos, Contos e Encantos<br>19h &#8211; \u00c9rick Souza<br>20h30 &#8211; Quadrilha Junina Unidos do Arrastap\u00e9<br>21h30 &#8211; Z\u00e9 Rozendo e Banda<br>23h &#8211; Banda Dez Porcento<\/p>\n\n\n\n<p>Semifinal do Concurso de Quadrilhas Juninas do Gonzag\u00e3o &#8211; a partir das 17 horas<\/p>\n\n\n\n<p>Cangaceiros da Boa<br>Rala-rala<br>Amor Caipira<br>Pioneiros da Ro\u00e7a<br>Meu Sert\u00e3o<br>Unido em Asa Branca<br>S\u00e9culos XX<br>Xod\u00f3 da Villa<br>Raio da Silibrina.<\/p>\n\n\n\n<p><strong><em>A<strong><em>companhe tamb\u00e9m o SE Not\u00edcias no\u00a0<a rel=\"noreferrer noopener\" href=\"https:\/\/www.instagram.com\/senoticias\/\" target=\"_blank\">Instagram<\/a><\/em><\/strong><\/em><\/strong>,\u00a0<strong><em><strong><em>\u00a0<a rel=\"noreferrer noopener\" href=\"https:\/\/www.facebook.com\/senoticias1\" target=\"_blank\">Facebook<\/a>\u00a0e<\/em><\/strong>\u00a0no<\/em>\u00a0<em><a href=\"https:\/\/twitter.com\/Senoticias\">X<\/a><\/em><\/strong><br><br>Fonte: Ag\u00eancia Sergipe de Not\u00edcias<\/p>\n","protected":false},"excerpt":{"rendered":"<p>Neste s\u00e1bado, 15, a programa\u00e7\u00e3o junina do Arrai\u00e1 do Povo, na Orla da Atalaia, estar\u00e1, em mais uma noite, voltada para o forr\u00f3 vaquejado e tradicional. A primeira atra\u00e7\u00e3o da noite a se apresentar no Palco Rog\u00e9rio, \u00e0s 19h, \u00e9 Z\u00e9 Tramela. Em seguida, \u00e0s 21 horas, o forr\u00f3 tradicional toma conta com o artista [&hellip;]<\/p>\n","protected":false},"author":6557,"featured_media":0,"comment_status":"closed","ping_status":"closed","sticky":false,"template":"","format":"standard","meta":{"footnotes":""},"categories":[15,21],"tags":[41795,616,11399],"class_list":{"0":"post-142856","1":"post","2":"type-post","3":"status-publish","4":"format-standard","6":"category-destaques","7":"category-entretenimento","8":"tag-adelmario-coelho-2","9":"tag-arraia-do-povo","10":"tag-mano-walter"},"_links":{"self":[{"href":"https:\/\/senoticias.com.br\/se\/wp-json\/wp\/v2\/posts\/142856"}],"collection":[{"href":"https:\/\/senoticias.com.br\/se\/wp-json\/wp\/v2\/posts"}],"about":[{"href":"https:\/\/senoticias.com.br\/se\/wp-json\/wp\/v2\/types\/post"}],"author":[{"embeddable":true,"href":"https:\/\/senoticias.com.br\/se\/wp-json\/wp\/v2\/users\/6557"}],"replies":[{"embeddable":true,"href":"https:\/\/senoticias.com.br\/se\/wp-json\/wp\/v2\/comments?post=142856"}],"version-history":[{"count":0,"href":"https:\/\/senoticias.com.br\/se\/wp-json\/wp\/v2\/posts\/142856\/revisions"}],"wp:attachment":[{"href":"https:\/\/senoticias.com.br\/se\/wp-json\/wp\/v2\/media?parent=142856"}],"wp:term":[{"taxonomy":"category","embeddable":true,"href":"https:\/\/senoticias.com.br\/se\/wp-json\/wp\/v2\/categories?post=142856"},{"taxonomy":"post_tag","embeddable":true,"href":"https:\/\/senoticias.com.br\/se\/wp-json\/wp\/v2\/tags?post=142856"}],"curies":[{"name":"wp","href":"https:\/\/api.w.org\/{rel}","templated":true}]}}