{"id":142810,"date":"2024-06-13T12:50:33","date_gmt":"2024-06-13T15:50:33","guid":{"rendered":"https:\/\/senoticias.com.br\/se\/?p=142810"},"modified":"2024-06-13T12:54:29","modified_gmt":"2024-06-13T15:54:29","slug":"conselho-de-educacao-fisica-interdita-tres-academias-na-grande-aracaju","status":"publish","type":"post","link":"https:\/\/senoticias.com.br\/se\/conselho-de-educacao-fisica-interdita-tres-academias-na-grande-aracaju\/","title":{"rendered":"Conselho de Educa\u00e7\u00e3o F\u00edsica interdita tr\u00eas academias na Grande Aracaju"},"content":{"rendered":"\n<p><\/p>\n\n\n\n<p>Em uma opera\u00e7\u00e3o conjunta realizada pelo Conselho Regional de Educa\u00e7\u00e3o F\u00edsica da 20\u00aa Regi\u00e3o Sergipe (Cref20\/SE), em conjunto com a Vigil\u00e2ncia Sanit\u00e1ria e com o apoio da Guarda Municipal de Nossa Senhora do Socorro, foram feitas visitas em cinco academias. Destas, tr\u00eas foram interditadas devido \u00e0 falta de registro no Conselho e aus\u00eancia de alvar\u00e1 da Vigil\u00e2ncia Sanit\u00e1ria.<\/p>\n\n\n\n<p>De acordo com a agente de fiscaliza\u00e7\u00e3o do CREF20\/SE, Caroline Martins, todo estabelecimento que ofere\u00e7a espa\u00e7os para pr\u00e1ticas de atividades f\u00edsicas dever ter registro no Conselho, al\u00e9m de ter um respons\u00e1vel t\u00e9cnico durante todo e possuir o alvar\u00e1 da vigil\u00e2ncia sanit\u00e1ria municipal para poder funcionar.<\/p>\n\n\n\n<figure class=\"wp-block-image size-large\"><img loading=\"lazy\" decoding=\"async\" width=\"558\" height=\"372\" src=\"https:\/\/senoticias.com.br\/se\/wp-content\/uploads\/2024\/06\/Academias-fechadas-se-noticias.jpg\" alt=\"\" class=\"wp-image-142813\" srcset=\"https:\/\/senoticias.com.br\/se\/wp-content\/uploads\/2024\/06\/Academias-fechadas-se-noticias.jpg 558w, https:\/\/senoticias.com.br\/se\/wp-content\/uploads\/2024\/06\/Academias-fechadas-se-noticias-300x200.jpg 300w, https:\/\/senoticias.com.br\/se\/wp-content\/uploads\/2024\/06\/Academias-fechadas-se-noticias-90x60.jpg 90w, https:\/\/senoticias.com.br\/se\/wp-content\/uploads\/2024\/06\/Academias-fechadas-se-noticias-180x120.jpg 180w, https:\/\/senoticias.com.br\/se\/wp-content\/uploads\/2024\/06\/Academias-fechadas-se-noticias-95x64.jpg 95w\" sizes=\"(max-width: 558px) 100vw, 558px\" \/><figcaption>CREF20\/SE realiza Opera\u00e7\u00e3o em conjunto com a Vigil\u00e2ncia Sanit\u00e1ria e Guarda Municipal e interdita Tr\u00eas academias &#8211; Foto: ascom\/divulga\u00e7\u00e3o<\/figcaption><\/figure>\n\n\n\n<p>\u201cA fiscaliza\u00e7\u00e3o \u00e9 crucial para garantir que os estabelecimentos estejam cumprindo todas as normas legais e sanit\u00e1rias, e que tenha sempre um profissional registrado no local, proporcionando um ambiente seguro para os usu\u00e1rios. Estabelecimentos que n\u00e3o seguem essas normas colocam em risco a sa\u00fade e seguran\u00e7a dos praticantes.&#8221; Destacou Caroline.<\/p>\n\n\n\n<p>Os tr\u00eas estabelecimentos interditados s\u00f3 poder\u00e3o voltar a funcionar ap\u00f3s regularizarem suas situa\u00e7\u00f5es junto ao Cref20 e \u00e0 Vigil\u00e2ncia Sanit\u00e1ria. \u201cOs propriet\u00e1rios dos estabelecimentos interditados devem procurar o Cref20 e a Vigil\u00e2ncia Sanit\u00e1ria para regularizar todas as pend\u00eancias. Enquanto isso n\u00e3o for feito, as academias permanecer\u00e3o fechadas. Al\u00e9m disso, \u00e9 importante lembrar que violar o lacre de interdi\u00e7\u00e3o \u00e9 crime, conforme o artigo 336 e o artigo 330 do C\u00f3digo Penal.&#8221;<\/p>\n\n\n\n<p>Segundo o C\u00f3digo Penal, o artigo 336 define que \u201cromper o selo destinado a assegurar a inviolabilidade de lugar, de coisa ou de objeto, \u00e9 crime\u201d, e o artigo 330 prev\u00ea que \u201cdesobedecer a ordem legal de funcion\u00e1rio p\u00fablico\u201d tamb\u00e9m constitui crime, ambos sujeitos a penalidades previstas na legisla\u00e7\u00e3o.<\/p>\n\n\n\n<p>A opera\u00e7\u00e3o evidencia o compromisso das autoridades em manter a qualidade e a seguran\u00e7a dos servi\u00e7os oferecidos \u00e0 popula\u00e7\u00e3o. A regulariza\u00e7\u00e3o dos estabelecimentos de atividades f\u00edsicas n\u00e3o s\u00f3 assegura a integridade dos praticantes, mas tamb\u00e9m fortalece a credibilidade do setor.<\/p>\n\n\n\n<p>\u201cEssa a\u00e7\u00e3o reafirma a import\u00e2ncia da fiscaliza\u00e7\u00e3o cont\u00ednua para garantir que todos os estabelecimentos estejam devidamente regularizados e operem dentro das normas estabelecidas, protegendo assim os direitos e a seguran\u00e7a dos consumidores.\u201d Concluiu a fiscal.<\/p>\n\n\n\n<p><strong><em>A<strong><em>companhe tamb\u00e9m o SE Not\u00edcias no\u00a0<a rel=\"noreferrer noopener\" href=\"https:\/\/www.instagram.com\/senoticias\/\" target=\"_blank\">Instagram<\/a><\/em><\/strong><\/em><\/strong>,\u00a0<strong><em><strong><em>\u00a0<a rel=\"noreferrer noopener\" href=\"https:\/\/www.facebook.com\/senoticias1\" target=\"_blank\">Facebook<\/a>\u00a0e<\/em><\/strong>\u00a0no<\/em>\u00a0<em><a href=\"https:\/\/twitter.com\/Senoticias\">X<\/a><\/em><\/strong><\/p>\n\n\n\n<p>Fonte: Mat\u00e9ria extra\u00edda do <a href=\"https:\/\/www.cref20.org.br\/noticia\/operacao-do-cref20-se-resulta-em-tres-academias-interditadas\"><strong>site<\/strong> <\/a>da Cref20\/SE<\/p>\n","protected":false},"excerpt":{"rendered":"<p>Em uma opera\u00e7\u00e3o conjunta realizada pelo Conselho Regional de Educa\u00e7\u00e3o F\u00edsica da 20\u00aa Regi\u00e3o Sergipe (Cref20\/SE), em conjunto com a Vigil\u00e2ncia Sanit\u00e1ria e com o apoio da Guarda Municipal de Nossa Senhora do Socorro, foram feitas visitas em cinco academias. Destas, tr\u00eas foram interditadas devido \u00e0 falta de registro no Conselho e aus\u00eancia de alvar\u00e1 [&hellip;]<\/p>\n","protected":false},"author":6557,"featured_media":0,"comment_status":"closed","ping_status":"closed","sticky":false,"template":"","format":"standard","meta":{"footnotes":""},"categories":[15,6,1],"tags":[10520,8401,944],"class_list":{"0":"post-142810","1":"post","2":"type-post","3":"status-publish","4":"format-standard","6":"category-destaques","7":"category-politica","8":"category-sem-categoria","9":"tag-conselho-regional-de-educacao-fisica","10":"tag-guarda-municipal","11":"tag-vigilancia-sanitaria"},"_links":{"self":[{"href":"https:\/\/senoticias.com.br\/se\/wp-json\/wp\/v2\/posts\/142810"}],"collection":[{"href":"https:\/\/senoticias.com.br\/se\/wp-json\/wp\/v2\/posts"}],"about":[{"href":"https:\/\/senoticias.com.br\/se\/wp-json\/wp\/v2\/types\/post"}],"author":[{"embeddable":true,"href":"https:\/\/senoticias.com.br\/se\/wp-json\/wp\/v2\/users\/6557"}],"replies":[{"embeddable":true,"href":"https:\/\/senoticias.com.br\/se\/wp-json\/wp\/v2\/comments?post=142810"}],"version-history":[{"count":0,"href":"https:\/\/senoticias.com.br\/se\/wp-json\/wp\/v2\/posts\/142810\/revisions"}],"wp:attachment":[{"href":"https:\/\/senoticias.com.br\/se\/wp-json\/wp\/v2\/media?parent=142810"}],"wp:term":[{"taxonomy":"category","embeddable":true,"href":"https:\/\/senoticias.com.br\/se\/wp-json\/wp\/v2\/categories?post=142810"},{"taxonomy":"post_tag","embeddable":true,"href":"https:\/\/senoticias.com.br\/se\/wp-json\/wp\/v2\/tags?post=142810"}],"curies":[{"name":"wp","href":"https:\/\/api.w.org\/{rel}","templated":true}]}}