{"id":142786,"date":"2024-06-12T09:38:15","date_gmt":"2024-06-12T12:38:15","guid":{"rendered":"https:\/\/senoticias.com.br\/se\/?p=142786"},"modified":"2024-06-12T09:38:27","modified_gmt":"2024-06-12T12:38:27","slug":"ssp-reforca-acoes-de-seguranca-publica-e-garante-tranquilidade-de-sergipanos-e-turistas-no-arraia-do-povo","status":"publish","type":"post","link":"https:\/\/senoticias.com.br\/se\/ssp-reforca-acoes-de-seguranca-publica-e-garante-tranquilidade-de-sergipanos-e-turistas-no-arraia-do-povo\/","title":{"rendered":"SSP refor\u00e7a a\u00e7\u00f5es de seguran\u00e7a p\u00fablica e garante tranquilidade de sergipanos e turistas no Arrai\u00e1 do Povo"},"content":{"rendered":"\n<p>Para garantir a tranquilidade e seguran\u00e7a de sergipanos e turistas no Arrai\u00e1 do Povo, a Secretaria da Seguran\u00e7a P\u00fablica (SSP) tem refor\u00e7ado a atua\u00e7\u00e3o das pol\u00edcias Militar e Civil tanto na \u00e1rea interna, quanto no entorno do evento. Como resultado desse planejamento, na ter\u00e7a-feira, 11, n\u00e3o houve registros de ocorr\u00eancias na Delegacia de Turismo (Detur), que tem funcionado como unidade plantonista, na Orla de Atalaia.<\/p>\n\n\n\n<figure class=\"wp-block-image size-large\"><img loading=\"lazy\" decoding=\"async\" width=\"599\" height=\"400\" src=\"https:\/\/senoticias.com.br\/se\/wp-content\/uploads\/2024\/06\/ssp-senoticias-e1718195785148.jpg\" alt=\"\" class=\"wp-image-142787\"\/><figcaption>Equipes foram refor\u00e7adas com policiamento preventivo e a\u00e7\u00f5es de investiga\u00e7\u00e3o\n<\/figcaption><\/figure>\n\n\n\n<p>Conforme o coronel Alexsandro Ribeiro, comandante da Pol\u00edcia Militar, o policiamento foi refor\u00e7ado na \u00e1rea do Arrai\u00e1 do Povo. \u201cRefor\u00e7amos o policiamento na \u00e1rea de revista, nos bairros adjacentes e tamb\u00e9m na \u00e1rea interna do evento. O objetivo \u00e9 garantir a tranquilidade do evento e manter a ordem p\u00fablica\u201d, explicou.<\/p>\n\n\n\n<p>Para a seguran\u00e7a interna no Arrai\u00e1 do Povo, o refor\u00e7o do policiamento j\u00e1 come\u00e7a na \u00e1rea da revista. \u201cAumentamos o n\u00famero de policiais femininas e tamb\u00e9m policiais masculinos para garantir que o evento transcorra da melhor forma poss\u00edvel, dentro da normalidade\u201d, complementou o coronel Alexsandro Ribeiro.<\/p>\n\n\n\n<p>Na \u00e1rea interna do evento, a Pol\u00edcia Militar conta com diversas equipes realizando o patrulhamento do Arrai\u00e1 do Povo, assim como reiterou o comandante da Pol\u00edcia Militar. \u201cQualquer anormalidade ou sensa\u00e7\u00e3o de inseguran\u00e7a, orientamos que procure os nossos policiais militares que est\u00e3o prontos para o atendimento a qualquer demanda\u201d, refor\u00e7ou.<\/p>\n\n\n\n<p>Para que o Arrai\u00e1 do Povo transcorra de forma tranquila, as for\u00e7as de seguran\u00e7a atuam de forma integrada. No \u00e2mbito da Pol\u00edcia Civil, o delegado-geral, Thiago Leandro, explicou que as ocorr\u00eancias s\u00e3o encaminhadas pela Pol\u00edcia Militar para a Delegacia de Turismo (Detur), onde os casos s\u00e3o registrados.<\/p>\n\n\n\n<p>\u201cO evento est\u00e1 transcorrendo de forma bem tranquila e n\u00e3o tivemos ocorr\u00eancias de crimes graves, j\u00e1 que o que tivemos foram delitos simples, como furto de celulares. Por isso, solicitamos maior cuidado com essa quest\u00e3o. Fora isso, os festejos juninos est\u00e3o bem tranquilos\u201d, descreveu o delegado-geral Thiago Leandro.<\/p>\n\n\n\n<p><strong>Casos de agulhadas<\/strong><\/p>\n\n\n\n<p>Quanto aos supostos casos de agulhadas, duas ocorr\u00eancias foram registradas na Detur, conforme explicou o delegado-geral. \u201cVamos ouvir as v\u00edtimas e verificar de que forma ocorreu os casos na \u00e1rea do evento. Passaremos a utilizar policiais de departamentos com m\u00e9todos de investiga\u00e7\u00e3o mais incisivos nessa quest\u00e3o\u201d, relatou.<\/p>\n\n\n\n<p>\u201cA investiga\u00e7\u00e3o vai contar com \u00f3rg\u00e3os de intelig\u00eancia e de an\u00e1lise de imagens e a popula\u00e7\u00e3o pode contribuir com informa\u00e7\u00f5es por meio do Disque-Den\u00fancia (181). Iremos utilizar o Centro de Opera\u00e7\u00f5es Policiais Especiais (Cope), Departamento de Narc\u00f3ticos (Denarc) e de Crimes Contra o Patrim\u00f4nio (Depatri)\u201d, complementou Thiago Leandro.<\/p>\n\n\n\n<p><strong>Sem risco \u00e0 sa\u00fade<\/strong><\/p>\n\n\n\n<p>Diante da circula\u00e7\u00e3o das informa\u00e7\u00f5es acerca dos casos de agulhadas, o respons\u00e1vel t\u00e9cnico do Programa Estadual IST\/AIDS, Almir Santana, explicou que \u00e9 praticamente nula a possibilidade de infec\u00e7\u00e3o por HIV nesses casos. \u201cA possibilidade de adquirir infec\u00e7\u00e3o por HIV \u00e9 muito remota, praticamente imposs\u00edvel\u201d, concluiu.<\/p>\n\n\n\n<p><strong><em>A<strong><em>companhe tamb\u00e9m o SE Not\u00edcias no\u00a0<a rel=\"noreferrer noopener\" href=\"https:\/\/www.instagram.com\/senoticias\/\" target=\"_blank\">Instagram<\/a><\/em><\/strong><\/em><\/strong>,\u00a0<strong><em><strong><em>\u00a0<a rel=\"noreferrer noopener\" href=\"https:\/\/www.facebook.com\/senoticias1\" target=\"_blank\">Facebook<\/a>\u00a0e<\/em><\/strong>\u00a0no<\/em>\u00a0<em><a href=\"https:\/\/twitter.com\/Senoticias\">X<\/a><\/em><\/strong><br><br>Fonte: SSP SE<\/p>\n","protected":false},"excerpt":{"rendered":"<p>Para garantir a tranquilidade e seguran\u00e7a de sergipanos e turistas no Arrai\u00e1 do Povo, a Secretaria da Seguran\u00e7a P\u00fablica (SSP) tem refor\u00e7ado a atua\u00e7\u00e3o das pol\u00edcias Militar e Civil tanto na \u00e1rea interna, quanto no entorno do evento. Como resultado desse planejamento, na ter\u00e7a-feira, 11, n\u00e3o houve registros de ocorr\u00eancias na Delegacia de Turismo (Detur), [&hellip;]<\/p>\n","protected":false},"author":6557,"featured_media":0,"comment_status":"closed","ping_status":"closed","sticky":false,"template":"","format":"standard","meta":{"footnotes":""},"categories":[15,7],"tags":[616,34879,39085],"class_list":{"0":"post-142786","1":"post","2":"type-post","3":"status-publish","4":"format-standard","6":"category-destaques","7":"category-policia","8":"tag-arraia-do-povo","9":"tag-detur","10":"tag-seguranca-publica-2"},"_links":{"self":[{"href":"https:\/\/senoticias.com.br\/se\/wp-json\/wp\/v2\/posts\/142786"}],"collection":[{"href":"https:\/\/senoticias.com.br\/se\/wp-json\/wp\/v2\/posts"}],"about":[{"href":"https:\/\/senoticias.com.br\/se\/wp-json\/wp\/v2\/types\/post"}],"author":[{"embeddable":true,"href":"https:\/\/senoticias.com.br\/se\/wp-json\/wp\/v2\/users\/6557"}],"replies":[{"embeddable":true,"href":"https:\/\/senoticias.com.br\/se\/wp-json\/wp\/v2\/comments?post=142786"}],"version-history":[{"count":0,"href":"https:\/\/senoticias.com.br\/se\/wp-json\/wp\/v2\/posts\/142786\/revisions"}],"wp:attachment":[{"href":"https:\/\/senoticias.com.br\/se\/wp-json\/wp\/v2\/media?parent=142786"}],"wp:term":[{"taxonomy":"category","embeddable":true,"href":"https:\/\/senoticias.com.br\/se\/wp-json\/wp\/v2\/categories?post=142786"},{"taxonomy":"post_tag","embeddable":true,"href":"https:\/\/senoticias.com.br\/se\/wp-json\/wp\/v2\/tags?post=142786"}],"curies":[{"name":"wp","href":"https:\/\/api.w.org\/{rel}","templated":true}]}}