{"id":142784,"date":"2024-06-12T06:56:53","date_gmt":"2024-06-12T09:56:53","guid":{"rendered":"https:\/\/senoticias.com.br\/se\/?p=142784"},"modified":"2024-06-12T07:02:24","modified_gmt":"2024-06-12T10:02:24","slug":"insonia-pode-ser-sintoma-de-depressao-diz-estudo","status":"publish","type":"post","link":"https:\/\/senoticias.com.br\/se\/insonia-pode-ser-sintoma-de-depressao-diz-estudo\/","title":{"rendered":"Ins\u00f4nia pode ser sintoma de depress\u00e3o, diz estudo"},"content":{"rendered":"\n<p><\/p>\n\n\n\n<p>Um estudo in\u00e9dito feito por pesquisadores do Instituto do Sono revelou que a ins\u00f4nia n\u00e3o \u00e9 apenas um sintoma secund\u00e1rio da depress\u00e3o, mas parte integrante da doen\u00e7a mental. A conclus\u00e3o veio depois de os pesquisadores examinarem a rela\u00e7\u00e3o entre o risco gen\u00e9tico para problemas de sono e sintomas de depress\u00e3o em uma amostra do Estudo Epidemiol\u00f3gico do Sono de S\u00e3o Paulo, com pessoas entre 20 e 80 anos.<\/p>\n\n\n\n<p>Os participantes foram submetidos a avalia\u00e7\u00e3o cl\u00ednica, polissonografia noturna completa e responderam a um conjunto de question\u00e1rios sobre sono. Houve tamb\u00e9m coleta de amostras de sangue para extra\u00e7\u00e3o de DNA e genotipagem dos volunt\u00e1rios, com o objetivo de calcular o risco gen\u00e9tico dessas pessoas para problemas de sono e sintomas depressivos. Os resultados do estudo foram apresentados no Sleep 2024, durante a 38\u00aa Reuni\u00e3o Anual das Sociedades Profissionais Associadas de Sono, no in\u00edcio de junho, nos Estados Unidos.<\/p>\n\n\n\n<figure class=\"wp-block-image size-large\"><img loading=\"lazy\" decoding=\"async\" width=\"574\" height=\"414\" src=\"https:\/\/senoticias.com.br\/se\/wp-content\/uploads\/2024\/06\/Depressao-SE-Noticias.jpg\" alt=\"\" class=\"wp-image-142785\" srcset=\"https:\/\/senoticias.com.br\/se\/wp-content\/uploads\/2024\/06\/Depressao-SE-Noticias.jpg 574w, https:\/\/senoticias.com.br\/se\/wp-content\/uploads\/2024\/06\/Depressao-SE-Noticias-300x216.jpg 300w, https:\/\/senoticias.com.br\/se\/wp-content\/uploads\/2024\/06\/Depressao-SE-Noticias-278x202.jpg 278w, https:\/\/senoticias.com.br\/se\/wp-content\/uploads\/2024\/06\/Depressao-SE-Noticias-373x270.jpg 373w, https:\/\/senoticias.com.br\/se\/wp-content\/uploads\/2024\/06\/Depressao-SE-Noticias-567x410.jpg 567w, https:\/\/senoticias.com.br\/se\/wp-content\/uploads\/2024\/06\/Depressao-SE-Noticias-475x342.jpg 475w\" sizes=\"(max-width: 574px) 100vw, 574px\" \/><figcaption>Instituto do Sono avaliou pessoas com idade entre 20 e 80 anos &#8211; Foto: Marcello Casal\/Abr<\/figcaption><\/figure>\n\n\n\n<p>\u201cA priva\u00e7\u00e3o de sono de forma pontual n\u00e3o potencializa o desenvolvimento da depress\u00e3o, mas a ins\u00f4nia, como um problema de sono cr\u00f4nico, sim. J\u00e1 foi descrito que, em pessoas com sintomas depressivos graves, o fato de ter ins\u00f4nia estava relacionado com a falta de resposta aos tratamentos para depress\u00e3o. Tamb\u00e9m j\u00e1 foi provado que pessoas com ins\u00f4nia correm mais risco de ter depress\u00e3o no futuro\u201d, disse uma das respons\u00e1veis pelo estudo, a pesquisadora Mariana Moys\u00e9s Oliveira.<\/p>\n\n\n\n<p>Segundo Mariana, as descobertas s\u00e3o in\u00e9ditas. A ins\u00f4nia e os sintomas depressivos partem de origens gen\u00e9ticas muito parecidas e, por isso, os problemas de sono n\u00e3o podem ser tratados como algo secund\u00e1rio em pessoas com depress\u00e3o, j\u00e1 que est\u00e1 demonstrado que s\u00e3o parte central da doen\u00e7a. Para chegar ao resultado, foi aplicado um modelo estat\u00edstico, chamado escore polig\u00eanico, que permite prever o risco para doen\u00e7as complexas ao considerar milhares de variantes gen\u00e9ticas, o que permitiu estabelecer essa interrela\u00e7\u00e3o.<\/p>\n\n\n\n<p>\u201cA an\u00e1lise foi baseada em estudos de associa\u00e7\u00e3o do genoma completo para depress\u00e3o e ins\u00f4nia. Os resultados indicam que os escores polig\u00eanicos foram eficazes em alocar os indiv\u00edduos em grupos de alto e baixo risco para problemas de sono e depress\u00e3o. Pessoas com m\u00e1 qualidade de sono tendiam a apresentar sintomas depressivos mais graves. Quanto maior o risco gen\u00e9tico para queixas de sono, aumentava o risco gen\u00e9tico para sintomas depressivos. Os genes que contribu\u00edram para os escores polig\u00eanicos se sobrepuseram, indicando uma correla\u00e7\u00e3o gen\u00e9tica forte entre essas condi\u00e7\u00f5es\u201d, destacou Mariana.<\/p>\n\n\n\n<p>De acordo com Mariana, os resultados podem ser \u00fateis para a sa\u00fade p\u00fablica, pois, por meio deles, \u00e9 poss\u00edvel estabelecer pol\u00edticas que promovam a identifica\u00e7\u00e3o precoce e o tratamento integrado podem ser mais eficazes na redu\u00e7\u00e3o da carga dessas condi\u00e7\u00f5es na sociedade.<\/p>\n\n\n\n<p>\u201cAcredito que as pesquisas podem levar a novos protocolos cl\u00ednicos que abordem de forma integrada a sa\u00fade mental e a qualidade de sono, abrindo caminhos para a pesquisa cient\u00edfica e permitindo uma compreens\u00e3o mais profunda das causas desses problemas de sa\u00fade. Al\u00e9m disso, usar dados gen\u00e9ticos para prever a predisposi\u00e7\u00e3o permite identificar pessoas em risco antes mesmo que os sintomas se manifestem\u201d, afirmou a pesquisadora.<\/p>\n\n\n\n<p>Segundo a pesquisadora, a as doen\u00e7as se manifestam geralmente por fatores gen\u00e9ticos, que n\u00e3o mudam desde a concep\u00e7\u00e3o, e ambientais aos quais as pessoas s\u00e3o expostas ao longo da vida. A pesquisa conseguiu calcular os riscos gen\u00e9ticos para prever os riscos maiores ou menores para o desenvolvimento de uma doen\u00e7a. \u201cPara doen\u00e7as comuns, n\u00e3o conseguimos atribuir um \u00fanico gene. N\u00e3o existe o gene da depress\u00e3o, da ins\u00f4nia ou do c\u00e2ncer. O risco gen\u00e9tico \u00e9 determinado por diversas, muitas vezes milhares de varia\u00e7\u00f5es gen\u00e9ticas. Apenas quando avaliamos o conjunto dessas varia\u00e7\u00f5es gen\u00e9ticas podemos calcular o risco gen\u00e9tico\u201d, salientou Mariana.<\/p>\n\n\n\n<p>De acordo com a respons\u00e1vel pelo estudo, com uma amostra epidemiol\u00f3gica \u00e9 poss\u00edvel identificar varia\u00e7\u00f5es gen\u00e9ticas que podem ser usados como biomarcadores de risco e, entendendo as conex\u00f5es gen\u00e9ticas, \u00e9 poss\u00edvel desenvolver tratamentos que atacam as causas das doen\u00e7as, n\u00e3o apenas os sintomas, reduzindo a chance de reca\u00eddas.<\/p>\n\n\n\n<p><strong><em>A<strong><em>companhe tamb\u00e9m o SE Not\u00edcias no\u00a0<a rel=\"noreferrer noopener\" href=\"https:\/\/www.instagram.com\/senoticias\/\" target=\"_blank\">Instagram<\/a><\/em><\/strong><\/em><\/strong>,\u00a0<strong><em><strong><em>\u00a0<a rel=\"noreferrer noopener\" href=\"https:\/\/www.facebook.com\/senoticias1\" target=\"_blank\">Facebook<\/a>\u00a0e<\/em><\/strong>\u00a0no<\/em>\u00a0<em><a href=\"https:\/\/twitter.com\/Senoticias\">X<\/a><\/em><\/strong><br><br>Fonte: Ag\u00eancia Brasil<\/p>\n","protected":false},"excerpt":{"rendered":"<p>Um estudo in\u00e9dito feito por pesquisadores do Instituto do Sono revelou que a ins\u00f4nia n\u00e3o \u00e9 apenas um sintoma secund\u00e1rio da depress\u00e3o, mas parte integrante da doen\u00e7a mental. A conclus\u00e3o veio depois de os pesquisadores examinarem a rela\u00e7\u00e3o entre o risco gen\u00e9tico para problemas de sono e sintomas de depress\u00e3o em uma amostra do Estudo [&hellip;]<\/p>\n","protected":false},"author":6557,"featured_media":0,"comment_status":"closed","ping_status":"closed","sticky":false,"template":"","format":"standard","meta":{"footnotes":""},"categories":[15,6,1],"tags":[156,36136,41767],"class_list":{"0":"post-142784","1":"post","2":"type-post","3":"status-publish","4":"format-standard","6":"category-destaques","7":"category-politica","8":"category-sem-categoria","9":"tag-depressao","10":"tag-insonia-2","11":"tag-instituto-do-sono"},"_links":{"self":[{"href":"https:\/\/senoticias.com.br\/se\/wp-json\/wp\/v2\/posts\/142784"}],"collection":[{"href":"https:\/\/senoticias.com.br\/se\/wp-json\/wp\/v2\/posts"}],"about":[{"href":"https:\/\/senoticias.com.br\/se\/wp-json\/wp\/v2\/types\/post"}],"author":[{"embeddable":true,"href":"https:\/\/senoticias.com.br\/se\/wp-json\/wp\/v2\/users\/6557"}],"replies":[{"embeddable":true,"href":"https:\/\/senoticias.com.br\/se\/wp-json\/wp\/v2\/comments?post=142784"}],"version-history":[{"count":0,"href":"https:\/\/senoticias.com.br\/se\/wp-json\/wp\/v2\/posts\/142784\/revisions"}],"wp:attachment":[{"href":"https:\/\/senoticias.com.br\/se\/wp-json\/wp\/v2\/media?parent=142784"}],"wp:term":[{"taxonomy":"category","embeddable":true,"href":"https:\/\/senoticias.com.br\/se\/wp-json\/wp\/v2\/categories?post=142784"},{"taxonomy":"post_tag","embeddable":true,"href":"https:\/\/senoticias.com.br\/se\/wp-json\/wp\/v2\/tags?post=142784"}],"curies":[{"name":"wp","href":"https:\/\/api.w.org\/{rel}","templated":true}]}}