{"id":142778,"date":"2024-06-11T09:57:16","date_gmt":"2024-06-11T12:57:16","guid":{"rendered":"https:\/\/senoticias.com.br\/se\/?p=142778"},"modified":"2024-06-11T17:31:18","modified_gmt":"2024-06-11T20:31:18","slug":"mais-um-jovem-diz-ter-sido-perfurado-com-seringa-no-arraia-do-povo-em-aracaju","status":"publish","type":"post","link":"https:\/\/senoticias.com.br\/se\/mais-um-jovem-diz-ter-sido-perfurado-com-seringa-no-arraia-do-povo-em-aracaju\/","title":{"rendered":"Mais um jovem diz ter sido perfurado com seringa no Arrai\u00e1 do Povo em Aracaju"},"content":{"rendered":"\n<p>No s\u00e1bado, 8, um jovem de 18 anos foi atingido por uma agulhada durante um show do Arrai\u00e1 do Povo, em Aracaju. Esse \u00e9 o segundo caso registrado em uma semana de festa.<\/p>\n\n\n\n<figure class=\"wp-block-image size-large\"><img loading=\"lazy\" decoding=\"async\" width=\"594\" height=\"387\" src=\"https:\/\/senoticias.com.br\/se\/wp-content\/uploads\/2024\/06\/jovem-senoticias.jpeg\" alt=\"\" class=\"wp-image-142779\" srcset=\"https:\/\/senoticias.com.br\/se\/wp-content\/uploads\/2024\/06\/jovem-senoticias.jpeg 594w, https:\/\/senoticias.com.br\/se\/wp-content\/uploads\/2024\/06\/jovem-senoticias-300x195.jpeg 300w, https:\/\/senoticias.com.br\/se\/wp-content\/uploads\/2024\/06\/jovem-senoticias-90x60.jpeg 90w\" sizes=\"(max-width: 594px) 100vw, 594px\" \/><figcaption>A Pol\u00edcia Civil confira que esse \u00e9 o segundo caso registrado em Sergipe &#8211; Foto: S\u00e9rgio Ferreira<\/figcaption><\/figure>\n\n\n\n<p>A v\u00edtima n\u00e3o quis se identificar e relatou que foi atingido por um objeto perfurante no ombro direito, quando sa\u00eda do evento na companhia de amigos.<\/p>\n\n\n\n<p>&#8220;Na hora eu senti como se fosse um belisc\u00e3o no meu ombro, olhei para tr\u00e1s n\u00e3o vi ningu\u00e9m. Quando cheguei em casa, comecei a sentir dor no local, tirei a camisa e percebi o furo no meu ombro&#8221;, disse o jovem. <strong>A informa\u00e7\u00e3o \u00e9 do Portal A8SE.<\/strong><\/p>\n\n\n\n<p>No dia seguinte, a v\u00edtima prestou um boletim de ocorr\u00eancia na delegacia e procurou atendimento m\u00e9dico no Hospital Nestor Piva, onde realizou exames para verificar poss\u00edveis doen\u00e7as transmitidas pela agulhada. Agora, ele aguarda os resultados, apreensivo.<\/p>\n\n\n\n<p>A Secretaria de Estado da Sa\u00fade (SES) informou que no \u00faltimo domingo (9) cinco pessoas procuraram o posto m\u00e9dico instalado no evento na orla relatando que &#8216;achavam que tinha sido picadas&#8217;. Ao serem atendidas, o m\u00e9dico encontrou uma les\u00e3o em apenas uma pessoa, que estava com uma mancha roxa e foi orientada a procurar atendimento em uma Unidade de Sa\u00fade.<\/p>\n\n\n\n<p>J\u00e1 a Secretaria de Estado da Seguran\u00e7a P\u00fablica (SSP\/SE), por sua vez, confirmou que um homem registrou boletim de ocorr\u00eancia, na Delegacia de Turismo, referente a uma perfura\u00e7\u00e3o que teria sofrido. O caso tamb\u00e9m est\u00e1 sendo investigado, inclusive com a participa\u00e7\u00e3o do servi\u00e7o de intelig\u00eancia da Pol\u00edcia Civil, que vai analisar as imagens das c\u00e2meras de seguran\u00e7a instaladas no local do evento.<\/p>\n\n\n\n<p><strong><em><br>A<strong><em>companhe tamb\u00e9m o SE Not\u00edcias no&nbsp;<a rel=\"noreferrer noopener\" href=\"https:\/\/www.instagram.com\/senoticias\/\" target=\"_blank\">Instagram<\/a><\/em><\/strong><\/em><\/strong>,&nbsp;<strong><em><strong><em>&nbsp;<a rel=\"noreferrer noopener\" href=\"https:\/\/www.facebook.com\/senoticias1\" target=\"_blank\">Facebook<\/a>&nbsp;e<\/em><\/strong>&nbsp;no<\/em>&nbsp;<em><a href=\"https:\/\/twitter.com\/Senoticias\">X<\/a><\/em><\/strong><\/p>\n\n\n\n<p>Fonte: A8SE.com.br<\/p>\n","protected":false},"excerpt":{"rendered":"<p>No s\u00e1bado, 8, um jovem de 18 anos foi atingido por uma agulhada durante um show do Arrai\u00e1 do Povo, em Aracaju. Esse \u00e9 o segundo caso registrado em uma semana de festa. A v\u00edtima n\u00e3o quis se identificar e relatou que foi atingido por um objeto perfurante no ombro direito, quando sa\u00eda do evento [&hellip;]<\/p>\n","protected":false},"author":6557,"featured_media":0,"comment_status":"closed","ping_status":"closed","sticky":false,"template":"","format":"standard","meta":{"footnotes":""},"categories":[15,7],"tags":[616,41765,86],"class_list":{"0":"post-142778","1":"post","2":"type-post","3":"status-publish","4":"format-standard","6":"category-destaques","7":"category-policia","8":"tag-arraia-do-povo","9":"tag-carimbadores","10":"tag-policia-militar"},"_links":{"self":[{"href":"https:\/\/senoticias.com.br\/se\/wp-json\/wp\/v2\/posts\/142778"}],"collection":[{"href":"https:\/\/senoticias.com.br\/se\/wp-json\/wp\/v2\/posts"}],"about":[{"href":"https:\/\/senoticias.com.br\/se\/wp-json\/wp\/v2\/types\/post"}],"author":[{"embeddable":true,"href":"https:\/\/senoticias.com.br\/se\/wp-json\/wp\/v2\/users\/6557"}],"replies":[{"embeddable":true,"href":"https:\/\/senoticias.com.br\/se\/wp-json\/wp\/v2\/comments?post=142778"}],"version-history":[{"count":0,"href":"https:\/\/senoticias.com.br\/se\/wp-json\/wp\/v2\/posts\/142778\/revisions"}],"wp:attachment":[{"href":"https:\/\/senoticias.com.br\/se\/wp-json\/wp\/v2\/media?parent=142778"}],"wp:term":[{"taxonomy":"category","embeddable":true,"href":"https:\/\/senoticias.com.br\/se\/wp-json\/wp\/v2\/categories?post=142778"},{"taxonomy":"post_tag","embeddable":true,"href":"https:\/\/senoticias.com.br\/se\/wp-json\/wp\/v2\/tags?post=142778"}],"curies":[{"name":"wp","href":"https:\/\/api.w.org\/{rel}","templated":true}]}}