{"id":142756,"date":"2024-06-10T08:17:16","date_gmt":"2024-06-10T11:17:16","guid":{"rendered":"https:\/\/senoticias.com.br\/se\/?p=142756"},"modified":"2024-06-10T08:17:39","modified_gmt":"2024-06-10T11:17:39","slug":"consultor-internacional-jorge-melguizo-reforca-pre-campanha-de-yandra-em-aracaju-ao-desenvolver-projetos","status":"publish","type":"post","link":"https:\/\/senoticias.com.br\/se\/consultor-internacional-jorge-melguizo-reforca-pre-campanha-de-yandra-em-aracaju-ao-desenvolver-projetos\/","title":{"rendered":"Consultor internacional Jorge Melguizo refor\u00e7a pr\u00e9-campanha de Yandra em Aracaju ao desenvolver projetos"},"content":{"rendered":"\n<p>No \u00faltimo domingo (9), a deputada federal Yandra Moura fortaleceu sua pr\u00e9-campanha \u00e0 prefeitura de Aracaju com a presen\u00e7a do jornalista e consultor internacional em gest\u00e3o p\u00fablica, Jorge Melguizo. O consultor \u00e9 conhecido por seu papel fundamental na transforma\u00e7\u00e3o de Medell\u00edn, cidade colombiana, de um cen\u00e1rio violento para um modelo de inova\u00e7\u00e3o e desenvolvimento urbano sustent\u00e1vel, trouxe sua expertise para contribuir com os projetos da pr\u00e9-candidata.<\/p>\n\n\n\n<figure class=\"wp-block-image size-large\"><img loading=\"lazy\" decoding=\"async\" width=\"599\" height=\"449\" src=\"https:\/\/senoticias.com.br\/se\/wp-content\/uploads\/2024\/06\/yandra-senoticias-e1718018175388.jpg\" alt=\"\" class=\"wp-image-142757\"\/><figcaption>Consultor internacional Jorge Melguizo refor\u00e7a pr\u00e9-campanha de Yandra em Aracaju ao desenvolver projetos\n<\/figcaption><\/figure>\n\n\n\n<p>Acompanhada por Melguizo e sua equipe t\u00e9cnica, Yandra visitou alguns bairros da capital sergipana, incluindo Santa Maria, Am\u00e9rica, Santo Ant\u00f4nio, Industrial e o Centro, buscando inspira\u00e7\u00e3o para solu\u00e7\u00f5es inovadoras aos antigos desafios enfrentados pela cidade. Com um Plano de Governo j\u00e1 avan\u00e7ado, constru\u00eddo a partir dos depoimentos dos aracajuanos, Yandra destacou a import\u00e2ncia da visita do consultor para fortalecer suas propostas.<\/p>\n\n\n\n<p>\u201c\u00c9 um exemplo a ser seguido por Aracaju e nosso Plano de Governo, que est\u00e1 bem avan\u00e7ado, constru\u00eddo com di\u00e1logos com os aracajuanos, ganha refor\u00e7o desse cidad\u00e3o do mundo que transforma lugares com educa\u00e7\u00e3o, esporte e social\u201d, destacou Yandra, ressaltando a relev\u00e2ncia de adaptar as experi\u00eancias bem-sucedidas de Medell\u00edn \u00e0 realidade local.<\/p>\n\n\n\n<p>Ao caminhar pelas ruas do bairro Santa Maria, Melguizo enfatizou que a transforma\u00e7\u00e3o urbana requer o envolvimento de diversos setores da sociedade, desde organiza\u00e7\u00f5es sociais, ONGs e universidades at\u00e9 o setor p\u00fablico. \u201cMedell\u00edn foi um fracasso coletivo h\u00e1 30<\/p>\n\n\n\n<p>anos, tornou-se um exemplo de sucesso pelo desafio coletivo, pelo trabalho integrado de toda a sociedade\u201d, explicou Melguizo.<\/p>\n\n\n\n<p>Yandra Moura destacou que busca seguir o exemplo de prefeitos brasileiros que adotaram abordagens semelhantes e de sucesso. \u201cJorge, voc\u00ea ter escolhido esse projeto para participar aqui em Aracaju, o projeto da Aracaju que avan\u00e7a, dos novos caminhos para Aracaju, para mim \u00e9 uma alegria gigantesca que eu jamais vou poder traduzir em palavras\u201d, expressou a pr\u00e9-candidata.<\/p>\n\n\n\n<p>A pr\u00e9-candidatura de Yandra Moura ganha impulso \u00e0 medida que ela busca inspira\u00e7\u00e3o em experi\u00eancias bem-sucedidas e colabora\u00e7\u00f5es internacionais para enfrentar os desafios urbanos de Aracaju e oferecer solu\u00e7\u00f5es inovadoras para seus cidad\u00e3os.<\/p>\n\n\n\n<p><strong><em><br>A<strong><em>companhe tamb\u00e9m o SE Not\u00edcias no&nbsp;<a rel=\"noreferrer noopener\" href=\"https:\/\/www.instagram.com\/senoticias\/\" target=\"_blank\">Instagram<\/a><\/em><\/strong><\/em><\/strong>,&nbsp;<strong><em><strong><em>&nbsp;<a rel=\"noreferrer noopener\" href=\"https:\/\/www.facebook.com\/senoticias1\" target=\"_blank\">Facebook<\/a>&nbsp;e<\/em><\/strong>&nbsp;no<\/em>&nbsp;<em><a href=\"https:\/\/twitter.com\/Senoticias\">X<\/a><\/em><\/strong><\/p>\n\n\n\n<p>Fonte: Deputada Federal Yandra Moura<\/p>\n","protected":false},"excerpt":{"rendered":"<p>No \u00faltimo domingo (9), a deputada federal Yandra Moura fortaleceu sua pr\u00e9-campanha \u00e0 prefeitura de Aracaju com a presen\u00e7a do jornalista e consultor internacional em gest\u00e3o p\u00fablica, Jorge Melguizo. O consultor \u00e9 conhecido por seu papel fundamental na transforma\u00e7\u00e3o de Medell\u00edn, cidade colombiana, de um cen\u00e1rio violento para um modelo de inova\u00e7\u00e3o e desenvolvimento urbano [&hellip;]<\/p>\n","protected":false},"author":6557,"featured_media":0,"comment_status":"closed","ping_status":"closed","sticky":false,"template":"","format":"standard","meta":{"footnotes":""},"categories":[15,6],"tags":[41752,41753],"class_list":{"0":"post-142756","1":"post","2":"type-post","3":"status-publish","4":"format-standard","6":"category-destaques","7":"category-politica","8":"tag-consultor-internacional-jorge-melguizo","9":"tag-pre-campanha"},"_links":{"self":[{"href":"https:\/\/senoticias.com.br\/se\/wp-json\/wp\/v2\/posts\/142756"}],"collection":[{"href":"https:\/\/senoticias.com.br\/se\/wp-json\/wp\/v2\/posts"}],"about":[{"href":"https:\/\/senoticias.com.br\/se\/wp-json\/wp\/v2\/types\/post"}],"author":[{"embeddable":true,"href":"https:\/\/senoticias.com.br\/se\/wp-json\/wp\/v2\/users\/6557"}],"replies":[{"embeddable":true,"href":"https:\/\/senoticias.com.br\/se\/wp-json\/wp\/v2\/comments?post=142756"}],"version-history":[{"count":0,"href":"https:\/\/senoticias.com.br\/se\/wp-json\/wp\/v2\/posts\/142756\/revisions"}],"wp:attachment":[{"href":"https:\/\/senoticias.com.br\/se\/wp-json\/wp\/v2\/media?parent=142756"}],"wp:term":[{"taxonomy":"category","embeddable":true,"href":"https:\/\/senoticias.com.br\/se\/wp-json\/wp\/v2\/categories?post=142756"},{"taxonomy":"post_tag","embeddable":true,"href":"https:\/\/senoticias.com.br\/se\/wp-json\/wp\/v2\/tags?post=142756"}],"curies":[{"name":"wp","href":"https:\/\/api.w.org\/{rel}","templated":true}]}}