{"id":142754,"date":"2024-06-10T06:48:08","date_gmt":"2024-06-10T09:48:08","guid":{"rendered":"https:\/\/senoticias.com.br\/se\/?p=142754"},"modified":"2024-06-10T07:03:07","modified_gmt":"2024-06-10T10:03:07","slug":"nos-penaltis-fortaleza-vence-crb-e-e-campeao-da-copa-do-nordeste","status":"publish","type":"post","link":"https:\/\/senoticias.com.br\/se\/nos-penaltis-fortaleza-vence-crb-e-e-campeao-da-copa-do-nordeste\/","title":{"rendered":"Nos p\u00eanaltis, Fortaleza vence CRB e \u00e9 campe\u00e3o da Copa do Nordeste"},"content":{"rendered":"\n<p><br>O Fortaleza \u00e9 (tri) campe\u00e3o da Copa do Nordeste. Mas o t\u00edtulo veio com altas doses de sacrif\u00edcio e agonia. Afinal, o Le\u00e3o perdeu de 2 a 0 no tempo normal, mas venceu por 5 a 4 nos p\u00eanaltis. Na ida, vale lembrar, os cearenses j\u00e1 tinham feito 2 a 0.<\/p>\n\n\n\n<p>Ciente da necessidade de vit\u00f3ria, o CRB foi mais ofensivo no primeiro tempo. Os alagoanos, inclusive, tiveram mais posse de bola e finaliza\u00e7\u00f5es. No entanto, o Le\u00e3o conseguiu marcar de forma eficiente por um bom tempo, tamb\u00e9m explorando contra-ataques.<\/p>\n\n\n\n<figure class=\"wp-block-image size-large\"><img loading=\"lazy\" decoding=\"async\" width=\"576\" height=\"324\" src=\"https:\/\/senoticias.com.br\/se\/wp-content\/uploads\/2024\/06\/Fotaleza-campeao-se-noticias.jpg\" alt=\"\" class=\"wp-image-142755\" srcset=\"https:\/\/senoticias.com.br\/se\/wp-content\/uploads\/2024\/06\/Fotaleza-campeao-se-noticias.jpg 576w, https:\/\/senoticias.com.br\/se\/wp-content\/uploads\/2024\/06\/Fotaleza-campeao-se-noticias-300x169.jpg 300w\" sizes=\"(max-width: 576px) 100vw, 576px\" \/><figcaption>CRB x Fortaleza, na final da Copa do Nordeste &#8211; Foto: Ailton Cruz\/Gazeta de Alagoas<\/figcaption><\/figure>\n\n\n\n<p>Com o t\u00edtulo, o Fortaleza iguala as campanhas de 2019 e 2022. De quebra, o Le\u00e3o empata com o rival Cear\u00e1 e com o Sport no ranking de t\u00edtulos. Dessa forma, os maiores vencedores seguem sendo Bahia e Vit\u00f3ria. Os rivais baianos t\u00eam quatro ta\u00e7as cada um. J\u00e1 o CRB segue sem t\u00edtulos. Campinense, Santa Cruz, Am\u00e9rica de Natal e Sampaio Corr\u00eaa completam a lista, todos com uma conquista.<\/p>\n\n\n\n<p>As duas melhores oportunidades da primeira etapa vieram do Galo. Na primeira, Anselmo Ramon isolou uma finaliza\u00e7\u00e3o na marca do p\u00eanalti. J\u00e1 aos 39, F\u00e1bio Alem\u00e3o tabelou com L\u00e9o Pereira, invadiu a \u00e1rea e chutou bem, mas Jo\u00e3o Ricardo defendeu muito bem, espalmando. Ainda no primeiro tempo, Anselmo Ramon perdeu outra boa chance. J\u00e1 o Fortaleza teve uma grande chance em cobran\u00e7a de falta de Pikachu. J\u00e1 o volante H\u00e9rcules teve duas finaliza\u00e7\u00f5es.<\/p>\n\n\n\n<p><strong>Jo\u00e3o Neto entra e leva para os p\u00eanaltis<\/strong><\/p>\n\n\n\n<p>O CRB voltou do intervalo para o tudo ou nada. Antes dos 15, inclusive, fez mais duas substitui\u00e7\u00f5es (al\u00e9m de uma no primeiro tempo, for\u00e7ada por les\u00e3o). Aos 20, os jogadores do Galo reclamaram de m\u00e3o de Kuscevic na \u00e1rea. A arbitragem mandou seguir e marcou escanteio. Na cobran\u00e7a, a bola sobrou para Jo\u00e3o Neto, que abriu o placar para os alagoanos. O atacante, inclusive, foi um dos que entraram no segundo tempo.<\/p>\n\n\n\n<p>Nos \u00faltimos minutos, o time alagoano apertou ainda mais. Inclusive, Mike cabeceou uma bola na trave. Por\u00e9m, naturalmente, o Galo deu espa\u00e7os. Em um deles, Bruno Pacheco exigiu grande defesa de Jo\u00e3o Ricardo. Aos 42, brilhou novamente a estrela do jovem atacante de 20 anos, que \u00e9 nordestino da Bahia, mas revelado pelo Fluminense. Afinal, Matheus Ribeiro finalizou, e a bola sobrou para o garoto. No \u00faltimo minuto, antes das penalidades, Matheus Rossetto foi expulso.<\/p>\n\n\n\n<p><strong>Anselmo Ramon, o &#8216;vil\u00e3o&#8217; do CRB<\/strong><br><br>Logo na primeira cobran\u00e7a, Anselmo Ramon isolou para o CRB. Lucero, Pedro Rocha, Z\u00e9 Welison, H\u00e9rcules e Pikachu marcaram os cinco p\u00eanaltis para o Fortaleza.\u00a0Geg\u00ea, Jo\u00e3o Neto, Hereda e Matheus Ribeiro at\u00e9 anotaram para os donos da casa, mas os cearenses venceram por 5 a 4.<\/p>\n\n\n\n<p>O Fortaleza volta a campo agora na pr\u00f3xima quinta-feira (13), \u00e0s 21h30, mas pelo Campeonato Brasileiro. Na ocasi\u00e3o, o Le\u00e3o visitar\u00e1 o Bahia. J\u00e1 o CRB jogar\u00e1 fora de casa contra o Am\u00e9rica-MG, pela S\u00e9rie B, dois dias depois (15).<\/p>\n\n\n\n<p><strong>Copa do Nordeste &#8211; Final (Jogo de volta)<\/strong><br><br><strong>Local:<\/strong>\u00a0Est\u00e1dio Rei Pel\u00e9, em Macei\u00f3 (AL)<br><strong>CRB: <\/strong>Matheus Albino; Hereda, Saimon (Gustavo Henrique, aos 15&#8217;\/1\u00baT), F\u00e1bio Alem\u00e3o e Matheus Ribeiro; Falc\u00e3o (Jo\u00e3o Neto, aos 12&#8217;\/2\u00baT) , Jo\u00e3o Pedro e Geg\u00ea; Labandeira (Mike, aos 2&#8217;\/2\u00baT), L\u00e9o Pereira e Anselmo Ramon <strong>T\u00e9cnico: <\/strong>Daniel Paulista<\/p>\n\n\n\n<p><strong>FORTALEZA:<\/strong> Jo\u00e3o Ricardo; Br\u00edtez, Kuscevic, Cardona e Bruno Pacheco (Tinga, aos 48&#8217;\/2\u00baT); Pedro Augusto (Matheus Rossetto, aos , H\u00e9rcules e Pochettino (Pedro Rocha, aos 29&#8217;\/2\u00baT) ; Yago Pikachu, Lucero e Mois\u00e9s (Machuca, aos 5&#8217;\/1\u00baT e Z\u00e9 Welison, aos 29&#8217;\/2\u00baT) T\u00e9cnico: Juan Pablo Vojvoda<\/p>\n\n\n\n<p><strong>Gols: <\/strong>Jo\u00e3o Neto, aos 20&#8217;\/2\u00baT (1-0)<br><strong>\u00c1rbitro: <\/strong>Emerson Ricardo de Almeida Andrade (BA)<br><strong>Assistentes:<\/strong> Alessandro \u00c1lvaro Rocha de Matos (BA) e Daniella Coutinho Pinto (BA)<br><strong>VAR: <\/strong>Pablo Ramon Gon\u00e7alves Pinheiro (RN)<br><strong>Cart\u00f5es Amarelos: <\/strong>F\u00e1bio Alem\u00e3o, Matheus Ribeiro e Jo\u00e3o Pedro (CRB); Jo\u00e3o Ricardo, Pedro Augusto e Pochettino (FOR)<br><strong>Cart\u00e3o Vermelho: <\/strong>Matheus Rossetto, aos 52&#8217;\/2\u00baT<\/p>\n\n\n\n<p><strong><em>A<strong><em>companhe tamb\u00e9m o SE Not\u00edcias no\u00a0<a rel=\"noreferrer noopener\" href=\"https:\/\/www.instagram.com\/senoticias\/\" target=\"_blank\">Instagram<\/a><\/em><\/strong><\/em><\/strong>,\u00a0<strong><em><strong><em>\u00a0<a rel=\"noreferrer noopener\" href=\"https:\/\/www.facebook.com\/senoticias1\" target=\"_blank\">Facebook<\/a>\u00a0e<\/em><\/strong>\u00a0no<\/em>\u00a0<em><a href=\"https:\/\/twitter.com\/Senoticias\">X<\/a><\/em><\/strong><\/p>\n\n\n\n<p>Fonte: Portal Terra<\/p>\n","protected":false},"excerpt":{"rendered":"<p>O Fortaleza \u00e9 (tri) campe\u00e3o da Copa do Nordeste. Mas o t\u00edtulo veio com altas doses de sacrif\u00edcio e agonia. Afinal, o Le\u00e3o perdeu de 2 a 0 no tempo normal, mas venceu por 5 a 4 nos p\u00eanaltis. Na ida, vale lembrar, os cearenses j\u00e1 tinham feito 2 a 0. Ciente da necessidade de [&hellip;]<\/p>\n","protected":false},"author":6557,"featured_media":0,"comment_status":"closed","ping_status":"closed","sticky":false,"template":"","format":"standard","meta":{"footnotes":""},"categories":[15,26,1],"tags":[2628,850,37458],"class_list":{"0":"post-142754","1":"post","2":"type-post","3":"status-publish","4":"format-standard","6":"category-destaques","7":"category-esportes","8":"category-sem-categoria","9":"tag-copa-do-nordeste","10":"tag-fortaleza","11":"tag-nos-penaltis"},"_links":{"self":[{"href":"https:\/\/senoticias.com.br\/se\/wp-json\/wp\/v2\/posts\/142754"}],"collection":[{"href":"https:\/\/senoticias.com.br\/se\/wp-json\/wp\/v2\/posts"}],"about":[{"href":"https:\/\/senoticias.com.br\/se\/wp-json\/wp\/v2\/types\/post"}],"author":[{"embeddable":true,"href":"https:\/\/senoticias.com.br\/se\/wp-json\/wp\/v2\/users\/6557"}],"replies":[{"embeddable":true,"href":"https:\/\/senoticias.com.br\/se\/wp-json\/wp\/v2\/comments?post=142754"}],"version-history":[{"count":0,"href":"https:\/\/senoticias.com.br\/se\/wp-json\/wp\/v2\/posts\/142754\/revisions"}],"wp:attachment":[{"href":"https:\/\/senoticias.com.br\/se\/wp-json\/wp\/v2\/media?parent=142754"}],"wp:term":[{"taxonomy":"category","embeddable":true,"href":"https:\/\/senoticias.com.br\/se\/wp-json\/wp\/v2\/categories?post=142754"},{"taxonomy":"post_tag","embeddable":true,"href":"https:\/\/senoticias.com.br\/se\/wp-json\/wp\/v2\/tags?post=142754"}],"curies":[{"name":"wp","href":"https:\/\/api.w.org\/{rel}","templated":true}]}}