{"id":142751,"date":"2024-06-09T18:30:46","date_gmt":"2024-06-09T21:30:46","guid":{"rendered":"https:\/\/senoticias.com.br\/se\/?p=142751"},"modified":"2024-06-09T18:38:13","modified_gmt":"2024-06-09T21:38:13","slug":"julio-junior-deixa-secretaria-de-infraestrutura-para-concorrer-a-prefeitura-de-sao-cristovao","status":"publish","type":"post","link":"https:\/\/senoticias.com.br\/se\/julio-junior-deixa-secretaria-de-infraestrutura-para-concorrer-a-prefeitura-de-sao-cristovao\/","title":{"rendered":"J\u00falio J\u00fanior deixa Secretaria de Infraestrutura para concorrer \u00e0 Prefeitura de S\u00e3o Crist\u00f3v\u00e3o"},"content":{"rendered":"\n<p><\/p>\n\n\n\n<p>O secret\u00e1rio de Infraestrutura de S\u00e3o Crist\u00f3v\u00e3o, J\u00falio J\u00fanior (Uni\u00e3o Brasil), deixou o cargo, na quarta-feira, 5, para se dedicar \u00e0 disputa pela gest\u00e3o da Cidade M\u00e3e de Sergipe. A exonera\u00e7\u00e3o do secret\u00e1rio foi oficializada no Di\u00e1rio Oficial do Munic\u00edpio, na manh\u00e3 desta quinta-feira.<br><br>Durante o ato de assinatura do pedido de exonera\u00e7\u00e3o, o prefeito Marcos Santana agradeceu todo o trabalho desempenhado por J\u00falio J\u00fanior nos \u00faltimos anos, e refor\u00e7ou a confian\u00e7a que possui no engenheiro. &#8220;Hoje J\u00falio deixa a Secretaria Municipal de Infraestrutura para al\u00e7ar voos mais elevados, para se disponibilizar para um servi\u00e7o importante, e tenho a certeza que nossa popula\u00e7\u00e3o sabe o que ele pode fazer pelo preparo intelectual que tem, pelo preparo moral que tem, por ser um homem que trabalha, que sempre trabalhou e que quer continuar trabalhando por essa cidade&#8221;, declarou o prefeito.<\/p>\n\n\n\n<figure class=\"wp-block-image size-large\"><img loading=\"lazy\" decoding=\"async\" width=\"551\" height=\"368\" src=\"https:\/\/senoticias.com.br\/se\/wp-content\/uploads\/2024\/06\/Julio-Junior-Se-Noticias.jpg\" alt=\"\" class=\"wp-image-142752\" srcset=\"https:\/\/senoticias.com.br\/se\/wp-content\/uploads\/2024\/06\/Julio-Junior-Se-Noticias.jpg 551w, https:\/\/senoticias.com.br\/se\/wp-content\/uploads\/2024\/06\/Julio-Junior-Se-Noticias-300x200.jpg 300w, https:\/\/senoticias.com.br\/se\/wp-content\/uploads\/2024\/06\/Julio-Junior-Se-Noticias-90x60.jpg 90w, https:\/\/senoticias.com.br\/se\/wp-content\/uploads\/2024\/06\/Julio-Junior-Se-Noticias-180x120.jpg 180w, https:\/\/senoticias.com.br\/se\/wp-content\/uploads\/2024\/06\/Julio-Junior-Se-Noticias-95x64.jpg 95w\" sizes=\"(max-width: 551px) 100vw, 551px\" \/><figcaption>J\u00falio J\u00fanior seguiu as diretrizes do prefeito Marcos Santana e se filiou ao Uni\u00e3o Brasil, partido presidido pelo ex-deputado federal, Andr\u00e9 Moura &#8211; Foto: Heitor Xavier\/ascom\/PMSC<\/figcaption><\/figure>\n\n\n\n<p>Durante seu tempo \u00e0 frente da Secretaria de Infraestrutura, J\u00falio foi respons\u00e1vel por grandes avan\u00e7os em S\u00e3o Crist\u00f3v\u00e3o, como a constru\u00e7\u00e3o da Rodovia Para\u00edso das \u00c1guas, as requalifica\u00e7\u00f5es da Bica dos Pintos e Cristo Redentor, a Cobertura do Canal do Eduardo Gomes, pavimenta\u00e7\u00e3o de diversas ruas por toda a cidade e muitas outras obras.<\/p>\n\n\n\n<p>J\u00falio aproveitou a oportunidade para agradecer a confian\u00e7a depositada pelo prefeito durante o per\u00edodo que esteve \u00e0 frente da Seminfra e falou dos desafios que enfrentar\u00e1 a partir de agora. &#8220;Aprendi nos \u00faltimos anos com o prefeito Marcos Santana o que temos que fazer para dar cidadania ao nosso povo. Estou muito pronto, preparado e querendo seguir em frente nessa caminhada, que sei que n\u00e3o estarei sozinho. Estarei com um grupo liderado com muita maestria pelo prefeito&#8221;.<\/p>\n\n\n\n<p>Com a sa\u00edda de J\u00falio, assume interinamente a Secretaria Municipal de Infraestrutura o engenheiro Jeferson Rafael do Nascimento Campos.<\/p>\n\n\n\n<p><strong><em>A<strong><em>companhe tamb\u00e9m o SE Not\u00edcias no\u00a0<a rel=\"noreferrer noopener\" href=\"https:\/\/www.instagram.com\/senoticias\/\" target=\"_blank\">Instagram<\/a><\/em><\/strong><\/em><\/strong>,\u00a0<strong><em><strong><em>\u00a0<a rel=\"noreferrer noopener\" href=\"https:\/\/www.facebook.com\/senoticias1\" target=\"_blank\">Facebook<\/a>\u00a0e<\/em><\/strong>\u00a0no<\/em>\u00a0<em><a href=\"https:\/\/twitter.com\/Senoticias\">X<\/a><\/em><\/strong><\/p>\n\n\n\n<p>Fonte: ascom\/PMSC<\/p>\n","protected":false},"excerpt":{"rendered":"<p>O secret\u00e1rio de Infraestrutura de S\u00e3o Crist\u00f3v\u00e3o, J\u00falio J\u00fanior (Uni\u00e3o Brasil), deixou o cargo, na quarta-feira, 5, para se dedicar \u00e0 disputa pela gest\u00e3o da Cidade M\u00e3e de Sergipe. A exonera\u00e7\u00e3o do secret\u00e1rio foi oficializada no Di\u00e1rio Oficial do Munic\u00edpio, na manh\u00e3 desta quinta-feira. Durante o ato de assinatura do pedido de exonera\u00e7\u00e3o, o prefeito [&hellip;]<\/p>\n","protected":false},"author":6557,"featured_media":0,"comment_status":"closed","ping_status":"closed","sticky":false,"template":"","format":"standard","meta":{"footnotes":""},"categories":[15,38],"tags":[40542,81,41751],"class_list":{"0":"post-142751","1":"post","2":"type-post","3":"status-publish","4":"format-standard","6":"category-destaques","7":"category-municipios","8":"tag-julio-junior","9":"tag-prefeitura-de-sao-cristovao","10":"tag-secretaria-de-infraestrutura"},"_links":{"self":[{"href":"https:\/\/senoticias.com.br\/se\/wp-json\/wp\/v2\/posts\/142751"}],"collection":[{"href":"https:\/\/senoticias.com.br\/se\/wp-json\/wp\/v2\/posts"}],"about":[{"href":"https:\/\/senoticias.com.br\/se\/wp-json\/wp\/v2\/types\/post"}],"author":[{"embeddable":true,"href":"https:\/\/senoticias.com.br\/se\/wp-json\/wp\/v2\/users\/6557"}],"replies":[{"embeddable":true,"href":"https:\/\/senoticias.com.br\/se\/wp-json\/wp\/v2\/comments?post=142751"}],"version-history":[{"count":0,"href":"https:\/\/senoticias.com.br\/se\/wp-json\/wp\/v2\/posts\/142751\/revisions"}],"wp:attachment":[{"href":"https:\/\/senoticias.com.br\/se\/wp-json\/wp\/v2\/media?parent=142751"}],"wp:term":[{"taxonomy":"category","embeddable":true,"href":"https:\/\/senoticias.com.br\/se\/wp-json\/wp\/v2\/categories?post=142751"},{"taxonomy":"post_tag","embeddable":true,"href":"https:\/\/senoticias.com.br\/se\/wp-json\/wp\/v2\/tags?post=142751"}],"curies":[{"name":"wp","href":"https:\/\/api.w.org\/{rel}","templated":true}]}}