{"id":142716,"date":"2024-06-06T17:08:03","date_gmt":"2024-06-06T20:08:03","guid":{"rendered":"https:\/\/senoticias.com.br\/se\/?p=142716"},"modified":"2024-06-06T17:11:32","modified_gmt":"2024-06-06T20:11:32","slug":"arraia-da-barra-comeca-nesta-sexta-7-com-limao-com-mel-priscila-senna-e-manu-bahtidao-confira-a-programacao","status":"publish","type":"post","link":"https:\/\/senoticias.com.br\/se\/arraia-da-barra-comeca-nesta-sexta-7-com-limao-com-mel-priscila-senna-e-manu-bahtidao-confira-a-programacao\/","title":{"rendered":"Arrai\u00e1 da Barra come\u00e7a nesta sexta, 7, com Lim\u00e3o com Mel, Priscila Senna e Manu Bahtid\u00e3o; confira a programa\u00e7\u00e3o"},"content":{"rendered":"\n<p>Est\u00e1 quase tudo pronto para o Arrai\u00e1 da Barra 2024. A Prefeitura da Barra dos Coqueiros, atrav\u00e9s das Secretarias Municipais da Cultura e do Turismo, prepara um dos maiores festejos do munic\u00edpio. Com 20 atra\u00e7\u00f5es musicais nacionais, sergipanas e barracoqueirenses, o evento come\u00e7a nesta sexta-feira, 7, na Pra\u00e7a de Eventos Ana do Forr\u00f3, no Conjunto Prisco Viana. O final de semana (dias 7, 8 e 9) ser\u00e1 marcado por grandes shows, como Lim\u00e3o com Mel, Priscila Senna, Luan Estilizado, Manu Bahtid\u00e3o e Magn\u00edficos.<\/p>\n\n\n\n<figure class=\"wp-block-image size-large\"><img loading=\"lazy\" decoding=\"async\" width=\"573\" height=\"573\" src=\"https:\/\/senoticias.com.br\/se\/wp-content\/uploads\/2024\/06\/Limao-com-Mel-SE-Noticias.jpg\" alt=\"\" class=\"wp-image-142717\" srcset=\"https:\/\/senoticias.com.br\/se\/wp-content\/uploads\/2024\/06\/Limao-com-Mel-SE-Noticias.jpg 573w, https:\/\/senoticias.com.br\/se\/wp-content\/uploads\/2024\/06\/Limao-com-Mel-SE-Noticias-300x300.jpg 300w, https:\/\/senoticias.com.br\/se\/wp-content\/uploads\/2024\/06\/Limao-com-Mel-SE-Noticias-150x150.jpg 150w\" sizes=\"(max-width: 573px) 100vw, 573px\" \/><figcaption>Lim\u00e3o com Mel ser\u00e1 uma das atra\u00e7\u00f5es &#8211; Foto: arquivo\/divulga\u00e7ao<\/figcaption><\/figure>\n\n\n\n<p><strong>Abertura do Arrai\u00e1<\/strong><\/p>\n\n\n\n<p>Quem dar\u00e1 o pontap\u00e9 inicial do Arrai\u00e1 da Barra 2024 nesta sexta ser\u00e1 a cantora prata da casa Bete Evanny, a partir das 21h, em seguida sobe ao palco o cantor sergipano Luanzinho Moraes para del\u00edrio dos forrozeiros.<\/p>\n\n\n\n<p>Uma das principais atra\u00e7\u00f5es musicais do primeiro dia do Arrai\u00e1 ser\u00e1 Lim\u00e3o com Mel. Com mais de 30 anos de carreira e liderada, atualmente, pelos cantores Edson Lima e Adma Andrade, a banda pernambucana promete reviver sucessos como \u201cToma Conta de Mim\u201d, \u201cPorque n\u00e3o v\u00ea\u201d, \u201cAnjo Querubim\u201d e \u201cJaneiro a Janeiro\u201d.<\/p>\n\n\n\n<p>A partir das 3h da manh\u00e3, a cantora Samyra Show, que tem mais de 20 anos de carreira, encerrar\u00e1 a primeira noite de festejos com sua alegria, balan\u00e7o e curti\u00e7\u00e3o. Um diferencial nesta edi\u00e7\u00e3o do Arrai\u00e1 da Barra ser\u00e3o as apresenta\u00e7\u00f5es durante os intervalos das atra\u00e7\u00f5es principais. Na sexta, o comando ser\u00e1 de Douglas Gavi\u00e3o.<\/p>\n\n\n\n<p><strong>2\u00aa noite de festa<\/strong><\/p>\n\n\n\n<p>Os grandes shows do Arrai\u00e1 da Barra ir\u00e3o continuar neste s\u00e1bado, 8, a partir das 21h. A primeira atra\u00e7\u00e3o a se apresentar ser\u00e1 a banda sergipana Cintura Fina, com todo o seu molejo do forr\u00f3. Os intervalos da segunda noite de festa ser\u00e3o animados pela cantora Mallu Souza.<\/p>\n\n\n\n<p>\u00c0s 23h, o Arrai\u00e1 da Barra receber\u00e1 a cantora pernambucana Priscila Senna, que promete cantar seus maiores sucessos, como \u201cAlvejante\u201d com Z\u00e9 Vaqueiro, &#8220;Mexeu Comigo&#8221; com M\u00e1rcia Fellipe, &#8220;Cachorro combina com Cadela&#8221; com Naiara Azevedo e &#8220;Rei das Mentiras&#8221;.<\/p>\n\n\n\n<p>A noite de s\u00e1bado do Arrai\u00e1 promete. Depois de Priscila, ser\u00e1 a vez de Fogo na Saia. A banda sergipana comandada por Xande Melo e Nanda Kaprity embalar\u00e1 os forrozeiros a partir de 1h.<\/p>\n\n\n\n<p>\u00c0s 3h, os festejos da Barra ficar\u00e3o sob comando do acordeonista, cantor e compositor Luan Estilizado, com seus sucessos \u201cPinda\u00edba\u201d, \u201c\u00c9 s\u00f3 Oi e Tchau\u201d, \u201cGalera do Interior\u201d, entre outras. O cantor, atualmente, tamb\u00e9m faz parte do projeto \u201cA Vontade\u201d, ao lado de Ra\u00ed Saia Rodada e Zezo Potiguar, que traz grandes sucessos brasileiros em vers\u00e3o de forr\u00f3.<\/p>\n\n\n\n<p><strong>Dia da Manu Bahtid\u00e3o<\/strong><\/p>\n\n\n\n<p>O domingo, 9, promete atrair uma multid\u00e3o para a Pra\u00e7a Ana do Forr\u00f3. A festa vai come\u00e7ar a partir das 20h, com a banda Farra de Bar\u00e3o. Em seguida, Manu Bahtid\u00e3o \u2013 uma das atra\u00e7\u00f5es mais esperadas do Arrai\u00e1 da Barra 2024 \u2013 sacode o p\u00fablico. Os intervalos ser\u00e3o comandados por Dan Vasconcelos.<\/p>\n\n\n\n<p>Manu Bahtid\u00e3o estourou nacionalmente em 2023 ao emplacar o hit &#8220;Daqui Pra Sempre&#8221;, com Simone Mendes, alcan\u00e7ando o topo da parada Billboard Hot 100 do Brasil e a 4\u00aa posi\u00e7\u00e3o da parada do Spotify Brasil. Outro grande hit da cantora \u00e9 &#8220;Abismo&#8221; com Mari Fernandez.<\/p>\n\n\n\n<p>Outra grande atra\u00e7\u00e3o de domingo \u00e9 a banda Magn\u00edficos, a partir da meia noite. O grupo de forr\u00f3 eletr\u00f4nico liderado atualmente pelos cantores Fernando Frajola e Samara Souto, ir\u00e1 cantar grandes sucessos: &#8220;Me Usa&#8221;, &#8220;Apaixonada&#8221;, &#8220;Carta Branca&#8221;, &#8220;Cristal Quebrado&#8221; e muito mais. \u00c0s 2h, caber\u00e1 a Liene Show, a rainha dos pared\u00f5es, encerrar o final de semana de shows na Barra com os hits \u201cN\u00e3o Passa de Ex\u201d.<\/p>\n\n\n\n<p><strong>Mais festas<\/strong><\/p>\n\n\n\n<p>O Arrai\u00e1 da Barra 2024 continuar\u00e1 ao longo do m\u00eas de junho. No dia 22, na Pra\u00e7a Ana do Forr\u00f3, ter\u00e1 concurso de quadrilhas juninas. No dia 23, a Barra ter\u00e1 o Concurso da Rua Mais Bonita. E, no dia 24, ser\u00e1 a vez da tradicional Cavalgada e Casamento dos Tabar\u00e9us, com shows de Geninho Batalha, Daniel Kaceteiro, P10, Gilvan do Roj\u00e3o, e \u00cdkaro Mendes, com concentra\u00e7\u00e3o na Avenida Projetada.<\/p>\n\n\n\n<p><strong>CONFIRA PROGRAMA\u00c7\u00c3O COMPLETA:<\/strong><\/p>\n\n\n\n<p>7 de junho<\/p>\n\n\n\n<p>21h &#8211; Bete Evanny<br>23h &#8211; Luanzinho Moraes<br>01h &#8211; Lim\u00e3o com Mel<br>03h &#8211; Samyra Show<br>Intervalos &#8211; Douglas Gavi\u00e3o<\/p>\n\n\n\n<p><strong>8 de junho<\/strong><\/p>\n\n\n\n<p>21h &#8211; Cintura Fina<br>23h &#8211; Priscila Senna<br>01h &#8211; Fogo na Saia<br>03h &#8211; Luan Estilizado<br>Intervalos &#8211; Mallu Souza<\/p>\n\n\n\n<p><strong>9 de junho<\/strong><\/p>\n\n\n\n<p>20h &#8211; Farra do Bar\u00e3o<br>22h &#8211; Manu Bahtid\u00e3o<br>00h &#8211; Magn\u00edficos<br>02h &#8211; Liene Show<br>Intervalos &#8211; Dan Vasconcelos<\/p>\n\n\n\n<p><strong><em>A<strong><em>companhe tamb\u00e9m o SE Not\u00edcias no\u00a0<a rel=\"noreferrer noopener\" href=\"https:\/\/www.instagram.com\/senoticias\/\" target=\"_blank\">Instagram<\/a><\/em><\/strong><\/em><\/strong>,\u00a0<strong><em><strong><em>\u00a0<a rel=\"noreferrer noopener\" href=\"https:\/\/www.facebook.com\/senoticias1\" target=\"_blank\">Facebook<\/a>\u00a0e<\/em><\/strong>\u00a0no<\/em>\u00a0<em><a href=\"https:\/\/twitter.com\/Senoticias\">X<\/a><\/em><\/strong><\/p>\n\n\n\n<p>Fonte: ascom\/PMBC<\/p>\n","protected":false},"excerpt":{"rendered":"<p>Est\u00e1 quase tudo pronto para o Arrai\u00e1 da Barra 2024. A Prefeitura da Barra dos Coqueiros, atrav\u00e9s das Secretarias Municipais da Cultura e do Turismo, prepara um dos maiores festejos do munic\u00edpio. Com 20 atra\u00e7\u00f5es musicais nacionais, sergipanas e barracoqueirenses, o evento come\u00e7a nesta sexta-feira, 7, na Pra\u00e7a de Eventos Ana do Forr\u00f3, no Conjunto [&hellip;]<\/p>\n","protected":false},"author":6557,"featured_media":0,"comment_status":"closed","ping_status":"closed","sticky":false,"template":"","format":"standard","meta":{"footnotes":""},"categories":[15,21,1],"tags":[41733,41734,41736,34607,41735],"class_list":{"0":"post-142716","1":"post","2":"type-post","3":"status-publish","4":"format-standard","6":"category-destaques","7":"category-entretenimento","8":"category-sem-categoria","9":"tag-arraia-da-barra","10":"tag-limao-com-mel","11":"tag-manu-bahtidao","12":"tag-prefeitura-da-barra","13":"tag-priscila-senna"},"_links":{"self":[{"href":"https:\/\/senoticias.com.br\/se\/wp-json\/wp\/v2\/posts\/142716"}],"collection":[{"href":"https:\/\/senoticias.com.br\/se\/wp-json\/wp\/v2\/posts"}],"about":[{"href":"https:\/\/senoticias.com.br\/se\/wp-json\/wp\/v2\/types\/post"}],"author":[{"embeddable":true,"href":"https:\/\/senoticias.com.br\/se\/wp-json\/wp\/v2\/users\/6557"}],"replies":[{"embeddable":true,"href":"https:\/\/senoticias.com.br\/se\/wp-json\/wp\/v2\/comments?post=142716"}],"version-history":[{"count":0,"href":"https:\/\/senoticias.com.br\/se\/wp-json\/wp\/v2\/posts\/142716\/revisions"}],"wp:attachment":[{"href":"https:\/\/senoticias.com.br\/se\/wp-json\/wp\/v2\/media?parent=142716"}],"wp:term":[{"taxonomy":"category","embeddable":true,"href":"https:\/\/senoticias.com.br\/se\/wp-json\/wp\/v2\/categories?post=142716"},{"taxonomy":"post_tag","embeddable":true,"href":"https:\/\/senoticias.com.br\/se\/wp-json\/wp\/v2\/tags?post=142716"}],"curies":[{"name":"wp","href":"https:\/\/api.w.org\/{rel}","templated":true}]}}