{"id":142707,"date":"2024-06-06T10:08:19","date_gmt":"2024-06-06T13:08:19","guid":{"rendered":"https:\/\/senoticias.com.br\/se\/?p=142707"},"modified":"2024-06-06T10:08:37","modified_gmt":"2024-06-06T13:08:37","slug":"concurso-arranca-unha-valoriza-e-preserva-tradicao-cultural-das-quadrilhas-juninas","status":"publish","type":"post","link":"https:\/\/senoticias.com.br\/se\/concurso-arranca-unha-valoriza-e-preserva-tradicao-cultural-das-quadrilhas-juninas\/","title":{"rendered":"Concurso Arranca Unha valoriza e preserva tradi\u00e7\u00e3o cultural das quadrilhas juninas"},"content":{"rendered":"\n<p>O Centro de Criatividade recebeu, nesta quarta-feira, 5, o primeiro dia de competi\u00e7\u00f5es do &#8216;Arranca Unha&#8217;, concurso de quadrilhas juninas promovido pelo Governo de Sergipe, por meio da Funda\u00e7\u00e3o de Cultura e Arte Aperip\u00ea (Funcap). O evento contou com a presen\u00e7a de um p\u00fablico empolgado, que lotou o espa\u00e7o para torcer pelos seus grupos e valorizar os elementos da cultura popular, preservando a tradi\u00e7\u00e3o junina.<\/p>\n\n\n\n<figure class=\"wp-block-image size-large\"><img loading=\"lazy\" decoding=\"async\" width=\"1024\" height=\"568\" src=\"https:\/\/senoticias.com.br\/se\/wp-content\/uploads\/2024\/06\/slide_f5f799510a6ac7e5253dea0662b84aa1-1024x568.jpg\" alt=\"\" class=\"wp-image-142708\"\/><figcaption>Primeiro dia de disputas aconteceu nesta quarta-feira, 5, no Centro de Criatividade, com seis quadrilhas se apresentando<\/figcaption><\/figure>\n\n\n\n<p>Ao todo, seis quadrilhas se apresentaram: Unidos em Asa Branca, Unidos em Arrastap\u00e9, Fl\u00f4r do Sert\u00e3o, Balan\u00e7o do Nordeste, Meu Xod\u00f3 e Raio da Silibrina. O torneio segue at\u00e9 o pr\u00f3ximo domingo, 9, com eliminat\u00f3rias, semifinal e final. E as quadrilhas carregam consigo o amor em participar, mantendo viva a cultura junina com elementos que valorizam Sergipe e o Nordeste.<\/p>\n\n\n\n<p>Douglas Anjos \u00e9 core\u00f3grafo da quadrilha Meu Xod\u00f3, e tamb\u00e9m participou da apresenta\u00e7\u00e3o como int\u00e9rprete de Lampi\u00e3o. Ele destacou a ansiedade e a paix\u00e3o nos momentos que envolvem uma apresenta\u00e7\u00e3o. &#8220;A gente fica muito apreensivo, porque quer saber como o p\u00fablico e os jurados v\u00e3o reagir. Tem que ter uma prepara\u00e7\u00e3o f\u00edsica enorme, pedir f\u00e9rias do trabalho, abdicar da fam\u00edlia. O S\u00e3o Jo\u00e3o de Sergipe \u00e9 maravilhoso&#8221;, ressaltou.<\/p>\n\n\n\n<p>Este esfor\u00e7o \u00e9 carregado pelo al\u00edvio na conclus\u00e3o do trabalho. \u00c9 o que pontua Jeanne Anjos, componente da quadrilha Unidos em Asa Branca. &#8220;A gente fica aliviada por apresentar a nossa tem\u00e1tica, mas vem tamb\u00e9m a ansiedade para saber do resultado. Os ensaios come\u00e7am em meados de novembro, para chegar em junho 100%&#8221;, destaca ela, que interpretou a noiva na apresenta\u00e7\u00e3o do grupo.<\/p>\n\n\n\n<p>Al\u00e9m de tudo isso, o &#8216;Arranca Unha&#8217; tamb\u00e9m vale trof\u00e9u e premia\u00e7\u00e3o em dinheiro, que foi elevada pelo Governo do Estado para 2024, chegando a R$ 20 mil para a quadrilha vencedora. O marcador da quadrilha Raio da Silibrina, Ant\u00f4nio Cl\u00e9cio, elogia a iniciativa. &#8220;Todo o processo de cria\u00e7\u00e3o e elabora\u00e7\u00e3o tem um custo, assim como materiais, m\u00fasicos e transporte. Esse apoio \u00e9 extremamente importante para manter o trabalho, para que isso n\u00e3o fique s\u00f3 no papel. Com esse aux\u00edlio, tudo funciona&#8221;, diz ele.<\/p>\n\n\n\n<p><strong>Estrutura elogiada<\/strong><\/p>\n\n\n\n<p>Pelo segundo ano consecutivo, o Centro de Criatividade foi o local designado para o &#8216;Arranca Unha&#8217;. O diretor do Centro, Wilson J\u00fanior, elogiou a iniciativa da administra\u00e7\u00e3o. &#8220;Mais uma vez o Governo do Estado proporciona para toda a Aracaju este concurso, e o local est\u00e1 preparado. A gente fomenta a economia local, com entrada gratuita e um p\u00fablico maravilhoso. Dessa forma, o governo valoriza a nossa cultura&#8221;, afirmou.<\/p>\n\n\n\n<p>O espet\u00e1culo mostra seu car\u00e1ter popular com as pessoas lotando as arquibancadas da arena e participando junto aos grupos. &#8220;Este espa\u00e7o oferece aos quadrilheiros muitas oportunidades, e que esse ano seja maravilhoso igual aos outros tamb\u00e9m&#8221;, disse a cabeleireira Lav\u00ednia Melo, presente no primeiro dia de competi\u00e7\u00f5es.<\/p>\n\n\n\n<p>A estrutura tamb\u00e9m foi destacada pelo profissional administrativo Isael Tavares. &#8220;Gosto muito de vir todos os dias para acompanhar o trabalho das quadrilhas. O evento \u00e9 \u00f3timo, muito bem organizado, est\u00e1 impec\u00e1vel, tudo muito legal&#8221;, complementou.<\/p>\n\n\n\n<p><strong>Pa\u00eds do forr\u00f3<\/strong><\/p>\n\n\n\n<p>Durante 60 dias, o clima junino tomar\u00e1 conta do estado, fortalecendo o turismo, a cultura popular e aquecendo a economia em v\u00e1rios setores envolvidos na realiza\u00e7\u00e3o dos eventos. A programa\u00e7\u00e3o do Arrai\u00e1 do Povo e Vila do Forr\u00f3 \u00e9 uma realiza\u00e7\u00e3o do Governo de Sergipe, por meio da Funda\u00e7\u00e3o de Cultura e Arte Aperip\u00ea (Funcap), Secretaria Especial da Comunica\u00e7\u00e3o (Secom), Secretaria de Estado do Turismo (Setur) e Banese, com apoio da Energisa, Netiz e Shopping Jardins, e patroc\u00ednio da Eneva, Pisolar, Deso, Marat\u00e1, GBarbosa e Servi\u00e7o Social do Com\u00e9rcio (Sesc).<\/p>\n\n\n\n<p><strong><em>A<strong><em>companhe tamb\u00e9m o SE Not\u00edcias no&nbsp;<a rel=\"noreferrer noopener\" href=\"https:\/\/www.instagram.com\/senoticias\/\" target=\"_blank\">Instagram<\/a><\/em><\/strong><\/em><\/strong>,&nbsp;<strong><em><strong><em>&nbsp;<a rel=\"noreferrer noopener\" href=\"https:\/\/www.facebook.com\/senoticias1\" target=\"_blank\">Facebook<\/a>&nbsp;e<\/em><\/strong>&nbsp;no<\/em>&nbsp;<em><a href=\"https:\/\/twitter.com\/Senoticias\">X<\/a><\/em><\/strong><\/p>\n\n\n\n<p>Fonte: Governo de Sergipe<\/p>\n","protected":false},"excerpt":{"rendered":"<p>O Centro de Criatividade recebeu, nesta quarta-feira, 5, o primeiro dia de competi\u00e7\u00f5es do &#8216;Arranca Unha&#8217;, concurso de quadrilhas juninas promovido pelo Governo de Sergipe, por meio da Funda\u00e7\u00e3o de Cultura e Arte Aperip\u00ea (Funcap). O evento contou com a presen\u00e7a de um p\u00fablico empolgado, que lotou o espa\u00e7o para torcer pelos seus grupos e [&hellip;]<\/p>\n","protected":false},"author":6557,"featured_media":0,"comment_status":"closed","ping_status":"closed","sticky":false,"template":"","format":"standard","meta":{"footnotes":""},"categories":[15,6],"tags":[41731,9908],"class_list":{"0":"post-142707","1":"post","2":"type-post","3":"status-publish","4":"format-standard","6":"category-destaques","7":"category-politica","8":"tag-concurso-arranca-unha","9":"tag-quadrilhas-juninas"},"_links":{"self":[{"href":"https:\/\/senoticias.com.br\/se\/wp-json\/wp\/v2\/posts\/142707"}],"collection":[{"href":"https:\/\/senoticias.com.br\/se\/wp-json\/wp\/v2\/posts"}],"about":[{"href":"https:\/\/senoticias.com.br\/se\/wp-json\/wp\/v2\/types\/post"}],"author":[{"embeddable":true,"href":"https:\/\/senoticias.com.br\/se\/wp-json\/wp\/v2\/users\/6557"}],"replies":[{"embeddable":true,"href":"https:\/\/senoticias.com.br\/se\/wp-json\/wp\/v2\/comments?post=142707"}],"version-history":[{"count":0,"href":"https:\/\/senoticias.com.br\/se\/wp-json\/wp\/v2\/posts\/142707\/revisions"}],"wp:attachment":[{"href":"https:\/\/senoticias.com.br\/se\/wp-json\/wp\/v2\/media?parent=142707"}],"wp:term":[{"taxonomy":"category","embeddable":true,"href":"https:\/\/senoticias.com.br\/se\/wp-json\/wp\/v2\/categories?post=142707"},{"taxonomy":"post_tag","embeddable":true,"href":"https:\/\/senoticias.com.br\/se\/wp-json\/wp\/v2\/tags?post=142707"}],"curies":[{"name":"wp","href":"https:\/\/api.w.org\/{rel}","templated":true}]}}