{"id":142705,"date":"2024-06-06T06:41:39","date_gmt":"2024-06-06T09:41:39","guid":{"rendered":"https:\/\/senoticias.com.br\/se\/?p=142705"},"modified":"2024-06-06T06:41:45","modified_gmt":"2024-06-06T09:41:45","slug":"senador-alessandro-vota-contra-taxacao-de-compras-internacionais-de-ate-us50","status":"publish","type":"post","link":"https:\/\/senoticias.com.br\/se\/senador-alessandro-vota-contra-taxacao-de-compras-internacionais-de-ate-us50\/","title":{"rendered":"Senador Alessandro vota contra taxa\u00e7\u00e3o de compras internacionais de at\u00e9 US$50"},"content":{"rendered":"\n<figure class=\"wp-block-image size-large\"><img loading=\"lazy\" decoding=\"async\" width=\"502\" height=\"335\" src=\"https:\/\/senoticias.com.br\/se\/wp-content\/uploads\/2024\/06\/Senador-Alessandro-SE-Noticias.jpg\" alt=\"\" class=\"wp-image-142706\" srcset=\"https:\/\/senoticias.com.br\/se\/wp-content\/uploads\/2024\/06\/Senador-Alessandro-SE-Noticias.jpg 502w, https:\/\/senoticias.com.br\/se\/wp-content\/uploads\/2024\/06\/Senador-Alessandro-SE-Noticias-300x200.jpg 300w, https:\/\/senoticias.com.br\/se\/wp-content\/uploads\/2024\/06\/Senador-Alessandro-SE-Noticias-90x60.jpg 90w, https:\/\/senoticias.com.br\/se\/wp-content\/uploads\/2024\/06\/Senador-Alessandro-SE-Noticias-180x120.jpg 180w, https:\/\/senoticias.com.br\/se\/wp-content\/uploads\/2024\/06\/Senador-Alessandro-SE-Noticias-95x64.jpg 95w\" sizes=\"(max-width: 502px) 100vw, 502px\" \/><figcaption>Senador Alessandro Vieira (MDB-SE) &#8211; em pronunciamento no senado &#8211;  Foto: Roque de S\u00e1\/Ag\u00eancia Senado<\/figcaption><\/figure>\n\n\n\n<p><\/p>\n\n\n\n<p>O Senado Federal aprovou nesta quarta-feira (5) o projeto de lei que estabelece a taxa\u00e7\u00e3o federal de 20% sobre compras internacionais de at\u00e9 US$ 50. A vota\u00e7\u00e3o foi inclu\u00edda como destaque no projeto de lei do Mover &#8211; que cria o programa de Mobilidade Verde (Mover), que trata de incentivos \u00e0 ind\u00fastria automotiva. O dispositivo sobre taxa\u00e7\u00e3o de importa\u00e7\u00f5es foi inclu\u00eddo na C\u00e2mara, e \u00e9 considerado um \u201cjabuti\u201d entre os parlamentares \u2014 quando trechos estranhos ao texto original s\u00e3o inclu\u00eddos em uma proposta.<\/p>\n\n\n\n<p>O senador Alessandro Vieira (MDB) votou contra a proposta de taxa\u00e7\u00e3o de importa\u00e7\u00f5es e ressaltou a necessidade de debater o tema de forma separada. &#8220;De fato, a importa\u00e7\u00e3o com isen\u00e7\u00e3o gera preju\u00edzos na cadeia de gera\u00e7\u00e3o de empregos no Brasil. Mas, por outro lado, \u00e9 preciso respeitar o desejo do consumidor, que \u00e9 ter acesso a produtos de qualidade mais baratos. N\u00f3s temos neste projeto do Mover, inadequadamente inserido, o chamado jabuti, num projeto que n\u00e3o tem conex\u00e3o nenhuma com essa realidade. Isso vai ser, no final das contas, insuficiente para proteger o emprego e prejudicial para o interesse do consumidor&#8221;, aponta Vieira.<\/p>\n\n\n\n<p>Como a medida \u00e9 impopular, os senadores n\u00e3o se sentiam confort\u00e1veis em registrar seus nomes para estabelecer mais uma cobran\u00e7a sobre os pagadores de impostos, ainda mais por se tratar de um ano eleitoral. Para que a taxa\u00e7\u00e3o fosse aprovada, o governo utilizou uma manobra regimental, com o apoio do comando do Senado, e a taxa\u00e7\u00e3o foi aprovada de forma simb\u00f3lica. Ou seja, n\u00e3o houve registro de quem foi a favor e apenas quem pediu expressamente teve o registro do voto contr\u00e1rio, caso do senador sergipano, Alessandro Vieira.<\/p>\n\n\n\n<p>Hoje, produtos de lojas do exterior n\u00e3o s\u00e3o taxados com o imposto de importa\u00e7\u00e3o e, por isso, geralmente s\u00e3o mais baratos que artigos nacionais. Atualmente, incide sobre as compras do exterior, abaixo de US$ 50, somente o Imposto Sobre Circula\u00e7\u00e3o de Mercadorias e Servi\u00e7os (ICMS) estadual, com al\u00edquota de 17%. Com a aprova\u00e7\u00e3o do projeto, a taxa\u00e7\u00e3o ser\u00e1 de 37%.<\/p>\n\n\n\n<p><strong><em>A<strong><em>companhe tamb\u00e9m o SE Not\u00edcias no\u00a0<a rel=\"noreferrer noopener\" href=\"https:\/\/www.instagram.com\/senoticias\/\" target=\"_blank\">Instagram<\/a><\/em><\/strong><\/em><\/strong>,\u00a0<strong><em><strong><em>\u00a0<a rel=\"noreferrer noopener\" href=\"https:\/\/www.facebook.com\/senoticias1\" target=\"_blank\">Facebook<\/a>\u00a0e<\/em><\/strong>\u00a0no<\/em>\u00a0<em><a href=\"https:\/\/twitter.com\/Senoticias\">X<\/a><\/em><\/strong><\/p>\n\n\n\n<p>Fonte: ascom\/divulga\u00e7\u00e3o<\/p>\n","protected":false},"excerpt":{"rendered":"<p>O Senado Federal aprovou nesta quarta-feira (5) o projeto de lei que estabelece a taxa\u00e7\u00e3o federal de 20% sobre compras internacionais de at\u00e9 US$ 50. A vota\u00e7\u00e3o foi inclu\u00edda como destaque no projeto de lei do Mover &#8211; que cria o programa de Mobilidade Verde (Mover), que trata de incentivos \u00e0 ind\u00fastria automotiva. O dispositivo [&hellip;]<\/p>\n","protected":false},"author":6557,"featured_media":0,"comment_status":"closed","ping_status":"closed","sticky":false,"template":"","format":"standard","meta":{"footnotes":""},"categories":[15,6],"tags":[39578,11299,41730],"class_list":{"0":"post-142705","1":"post","2":"type-post","3":"status-publish","4":"format-standard","6":"category-destaques","7":"category-politica","8":"tag-compras-internacionais","9":"tag-senador-alessandro-vieira","10":"tag-taxacao-de-compras"},"_links":{"self":[{"href":"https:\/\/senoticias.com.br\/se\/wp-json\/wp\/v2\/posts\/142705"}],"collection":[{"href":"https:\/\/senoticias.com.br\/se\/wp-json\/wp\/v2\/posts"}],"about":[{"href":"https:\/\/senoticias.com.br\/se\/wp-json\/wp\/v2\/types\/post"}],"author":[{"embeddable":true,"href":"https:\/\/senoticias.com.br\/se\/wp-json\/wp\/v2\/users\/6557"}],"replies":[{"embeddable":true,"href":"https:\/\/senoticias.com.br\/se\/wp-json\/wp\/v2\/comments?post=142705"}],"version-history":[{"count":0,"href":"https:\/\/senoticias.com.br\/se\/wp-json\/wp\/v2\/posts\/142705\/revisions"}],"wp:attachment":[{"href":"https:\/\/senoticias.com.br\/se\/wp-json\/wp\/v2\/media?parent=142705"}],"wp:term":[{"taxonomy":"category","embeddable":true,"href":"https:\/\/senoticias.com.br\/se\/wp-json\/wp\/v2\/categories?post=142705"},{"taxonomy":"post_tag","embeddable":true,"href":"https:\/\/senoticias.com.br\/se\/wp-json\/wp\/v2\/tags?post=142705"}],"curies":[{"name":"wp","href":"https:\/\/api.w.org\/{rel}","templated":true}]}}