{"id":142703,"date":"2024-06-06T06:10:38","date_gmt":"2024-06-06T09:10:38","guid":{"rendered":"https:\/\/senoticias.com.br\/se\/?p=142703"},"modified":"2024-06-06T06:10:44","modified_gmt":"2024-06-06T09:10:44","slug":"feira-junina-da-ceasa-aracaju-acontece-de-8-a-29-de-junho","status":"publish","type":"post","link":"https:\/\/senoticias.com.br\/se\/feira-junina-da-ceasa-aracaju-acontece-de-8-a-29-de-junho\/","title":{"rendered":"Feira Junina da Ceasa Aracaju acontece de 8 a 29 de junho"},"content":{"rendered":"\n<p><\/p>\n\n\n\n<p>Tradicionalmente realizada durante o m\u00eas junino, este ano a Feira Junina da Central de Abastecimento de Sergipe (Ceasa), em Aracaju, ocorrer\u00e1 entre os dias 8 e 29 de junho, de segunda a sexta-feira, das 5h \u00e0s 17h, e no s\u00e1bado, de 5h \u00e0s 16h. Aos s\u00e1bados, tamb\u00e9m ser\u00e3o realizadas apresenta\u00e7\u00f5es de trios p\u00e9 de serra e de quadrilhas juninas, sempre de 9h \u00e0s 13h. Uma estrutura de tendas, com mais de 100 bancas comercializando todo tipo de comida t\u00edpica, m\u00fasica, quadrilha e decora\u00e7\u00e3o junina, ser\u00e1 montada no espa\u00e7o do estacionamento interno da Ceasa.<\/p>\n\n\n\n<figure class=\"wp-block-image size-large\"><img loading=\"lazy\" decoding=\"async\" width=\"598\" height=\"399\" src=\"https:\/\/senoticias.com.br\/se\/wp-content\/uploads\/2024\/06\/Feira-do-Ceasa-se-noticias.jpg\" alt=\"\" class=\"wp-image-142704\" srcset=\"https:\/\/senoticias.com.br\/se\/wp-content\/uploads\/2024\/06\/Feira-do-Ceasa-se-noticias.jpg 598w, https:\/\/senoticias.com.br\/se\/wp-content\/uploads\/2024\/06\/Feira-do-Ceasa-se-noticias-300x200.jpg 300w, https:\/\/senoticias.com.br\/se\/wp-content\/uploads\/2024\/06\/Feira-do-Ceasa-se-noticias-90x60.jpg 90w, https:\/\/senoticias.com.br\/se\/wp-content\/uploads\/2024\/06\/Feira-do-Ceasa-se-noticias-180x120.jpg 180w, https:\/\/senoticias.com.br\/se\/wp-content\/uploads\/2024\/06\/Feira-do-Ceasa-se-noticias-95x64.jpg 95w\" sizes=\"(max-width: 598px) 100vw, 598px\" \/><figcaption>Aumento na oferta e na procura de produtos juninos motiva realiza\u00e7\u00e3o do evento &#8211; Fernando Augusto<\/figcaption><\/figure>\n\n\n\n<p>O volume de cargas de milho verde j\u00e1 tinha se intensificado no m\u00eas de maio, com uma m\u00e9dia semanal de 20 caminh\u00f5es carregados, com at\u00e9 seis toneladas do produto. Contudo, o m\u00eas de junho j\u00e1 iniciou a primeira semana ampliando o n\u00famero de ve\u00edculos carregados com espigas, agora com uma expectativa de 30 a 40 caminh\u00f5es por semana. O volume s\u00f3 aumenta, ao ritmo em que tamb\u00e9m cresce a demanda dos consumidores, ao se aproximarem os dias festivos de S\u00e3o Jo\u00e3o, no dia 24, e de S\u00e3o Pedro, 29. A Feira Junina da Ceasa surgiu para facilitar o escoamento deste e de outros produtos da culin\u00e1ria junina, in natura, processados ou no preparo de quitutes prontos para o consumo.<\/p>\n\n\n\n<p>Vai ter milho verde in natura ou descascado, ralado, canjica, pamonha, bolo, mingau e outros pratos feitos com milho. O amendoim, cozido ou na composi\u00e7\u00e3o de outros pratos prontos para o consumo, a macaxeira (aipim ou mandioca), processada ou no preparo de receitas t\u00edpicas, o coco seco e outras frutas refor\u00e7am a variedade de produtos. J\u00e1 virou tradi\u00e7\u00e3o, inclusive, o caf\u00e9 da manh\u00e3 na Feira Junina da Ceasa, com todos esses pratos t\u00edpicos para consumir ainda fresquinhos.<\/p>\n\n\n\n<p><strong>Nova gest\u00e3o<\/strong><br><br>A Companhia de Desenvolvimento Regional de Sergipe (Coderse), vinculada \u00e0 Secretaria de Estado da Agricultura, Desenvolvimento Agr\u00e1rio e da Pesca (Seagri), administra a central de abastecimento desde 1\u00ba de maio de 2024. Uma concilia\u00e7\u00e3o judicial atendeu a demanda do Minist\u00e9rio P\u00fablico Estadual de Sergipe e determinou que a companhia p\u00fablica, propriet\u00e1ria do espa\u00e7o comercial, deveria substituir a associa\u00e7\u00e3o de usu\u00e1rios na gest\u00e3o, que vinha sendo feita desde a d\u00e9cada de 1990 pela entidade. Ficou acordado na Justi\u00e7a e passou a ser o modelo de gest\u00e3o do Governo do Estado, o m\u00ednimo poss\u00edvel de interfer\u00eancia no cotidiano da Ceasa. E isso passa pela manuten\u00e7\u00e3o da feira junina, realizada h\u00e1 muitos anos.<\/p>\n\n\n\n<p><strong><em>A<strong><em>companhe tamb\u00e9m o SE Not\u00edcias no\u00a0<a rel=\"noreferrer noopener\" href=\"https:\/\/www.instagram.com\/senoticias\/\" target=\"_blank\">Instagram<\/a><\/em><\/strong><\/em><\/strong>,\u00a0<strong><em><strong><em>\u00a0<a rel=\"noreferrer noopener\" href=\"https:\/\/www.facebook.com\/senoticias1\" target=\"_blank\">Facebook<\/a>\u00a0e<\/em><\/strong>\u00a0no<\/em>\u00a0<em><a href=\"https:\/\/twitter.com\/Senoticias\">X<\/a><\/em><\/strong><\/p>\n\n\n\n<p>Assessoria de Comunica\u00e7\u00e3o Coderse<\/p>\n","protected":false},"excerpt":{"rendered":"<p>Tradicionalmente realizada durante o m\u00eas junino, este ano a Feira Junina da Central de Abastecimento de Sergipe (Ceasa), em Aracaju, ocorrer\u00e1 entre os dias 8 e 29 de junho, de segunda a sexta-feira, das 5h \u00e0s 17h, e no s\u00e1bado, de 5h \u00e0s 16h. Aos s\u00e1bados, tamb\u00e9m ser\u00e3o realizadas apresenta\u00e7\u00f5es de trios p\u00e9 de serra [&hellip;]<\/p>\n","protected":false},"author":6557,"featured_media":0,"comment_status":"closed","ping_status":"closed","sticky":false,"template":"","format":"standard","meta":{"footnotes":""},"categories":[15,21],"tags":[6571,41729,41728],"class_list":{"0":"post-142703","1":"post","2":"type-post","3":"status-publish","4":"format-standard","6":"category-destaques","7":"category-entretenimento","8":"tag-ceasa","9":"tag-feira-junina","10":"tag-feira-junina-da-ceasa"},"_links":{"self":[{"href":"https:\/\/senoticias.com.br\/se\/wp-json\/wp\/v2\/posts\/142703"}],"collection":[{"href":"https:\/\/senoticias.com.br\/se\/wp-json\/wp\/v2\/posts"}],"about":[{"href":"https:\/\/senoticias.com.br\/se\/wp-json\/wp\/v2\/types\/post"}],"author":[{"embeddable":true,"href":"https:\/\/senoticias.com.br\/se\/wp-json\/wp\/v2\/users\/6557"}],"replies":[{"embeddable":true,"href":"https:\/\/senoticias.com.br\/se\/wp-json\/wp\/v2\/comments?post=142703"}],"version-history":[{"count":0,"href":"https:\/\/senoticias.com.br\/se\/wp-json\/wp\/v2\/posts\/142703\/revisions"}],"wp:attachment":[{"href":"https:\/\/senoticias.com.br\/se\/wp-json\/wp\/v2\/media?parent=142703"}],"wp:term":[{"taxonomy":"category","embeddable":true,"href":"https:\/\/senoticias.com.br\/se\/wp-json\/wp\/v2\/categories?post=142703"},{"taxonomy":"post_tag","embeddable":true,"href":"https:\/\/senoticias.com.br\/se\/wp-json\/wp\/v2\/tags?post=142703"}],"curies":[{"name":"wp","href":"https:\/\/api.w.org\/{rel}","templated":true}]}}