{"id":142692,"date":"2024-06-05T11:47:26","date_gmt":"2024-06-05T14:47:26","guid":{"rendered":"https:\/\/senoticias.com.br\/se\/?p=142692"},"modified":"2024-06-05T11:47:44","modified_gmt":"2024-06-05T14:47:44","slug":"sergipe-enviara-50-alunos-de-escolas-estaduais-para-intercambio-no-exterior","status":"publish","type":"post","link":"https:\/\/senoticias.com.br\/se\/sergipe-enviara-50-alunos-de-escolas-estaduais-para-intercambio-no-exterior\/","title":{"rendered":"Sergipe enviar\u00e1 50 alunos de escolas estaduais para interc\u00e2mbio no exterior"},"content":{"rendered":"\n<p>O governador F\u00e1bio Mitidieri se reuniu nesta ter\u00e7a-feira, 4, com a equipe da Secretaria de Estado da Educa\u00e7\u00e3o e da Cultura (Seduc) para discutir detalhes do lan\u00e7amento do programa Sergipe no Mundo, que tem por objetivo fomentar o ensino de idiomas na rede estadual e o interc\u00e2mbio estudantil. O programa ser\u00e1 oficialmente lan\u00e7ado pelo governador na pr\u00f3xima segunda-feira, 10, e enviar\u00e1, inicialmente, 50 estudantes para o exterior.<\/p>\n\n\n\n<figure class=\"wp-block-image size-large\"><img loading=\"lazy\" decoding=\"async\" width=\"1024\" height=\"568\" src=\"https:\/\/senoticias.com.br\/se\/wp-content\/uploads\/2024\/06\/slide_72a0d5ea49d08d576133d07467dd131a-1024x568.jpg\" alt=\"\" class=\"wp-image-142693\"\/><figcaption>Sergipe enviar\u00e1 50 alunos de escolas estaduais para interc\u00e2mbio no exterior \/ Fotos: Arthur Soares\n<\/figcaption><\/figure>\n\n\n\n<p>\u201cEsse programa \u00e9 um marco. N\u00e3o estamos discutindo apenas uma oportunidade de interc\u00e2mbio, estamos falando da internacionaliza\u00e7\u00e3o da nossa rede p\u00fablica de ensino. Nossa rede precisa respirar a internacionaliza\u00e7\u00e3o\u201d, avaliou F\u00e1bio.<\/p>\n\n\n\n<p>A ideia \u00e9 enviar alunos da escola p\u00fablica sergipana a v\u00e1rios pa\u00edses para terem acesso a outros idiomas e culturas, al\u00e9m de projetar Sergipe no exterior. Os t\u00e9cnicos da Seduc apresentaram ao governador a vers\u00e3o final do programa. \u201cO edital est\u00e1 pronto. Ap\u00f3s esta reuni\u00e3o, acredito que at\u00e9 esta quarta-feira j\u00e1 conseguimos public\u00e1-lo\u201d, disse a diretora de Apoio ao Sistema Operacional, Eliane Passos, uma das t\u00e9cnicas que visitaram o Paran\u00e1 para conhecer a execu\u00e7\u00e3o de programa semelhante no estado sulista. A educadora disse que a primeira turma com 50 alunos sergipanos do ensino m\u00e9dio est\u00e1 prevista para come\u00e7ar o interc\u00e2mbio em agosto.<\/p>\n\n\n\n<p>Presente na reuni\u00e3o, o secret\u00e1rio de Estado da Educa\u00e7\u00e3o, Zezinho Sobral, especificou toda a mobiliza\u00e7\u00e3o para o lan\u00e7amento do Sergipe no Mundo. \u201cO governador fechou o entendimento do programa, finalizou as orienta\u00e7\u00f5es e lan\u00e7aremos na segunda-feira, 10. Inicialmente, o programa enviar\u00e1 50 alunos para cinco pa\u00edses\u201d, destacou o gestor. Ele acrescentou ainda que na segunda-feira ter\u00e1 a assinatura do governador F\u00e1bio Mitidieri da ordem de servi\u00e7o para institui\u00e7\u00e3o da Escola de Idiomas de Sergipe, a realiza\u00e7\u00e3o do Educa\u00e7\u00e3o Nota 10 (programa que premia os 100 primeiros alunos da rede aprovados no Enem) e a autoriza\u00e7\u00e3o de licita\u00e7\u00e3o para constru\u00e7\u00e3o do Centro de Forma\u00e7\u00e3o Continuada de Professores.<\/p>\n\n\n\n<p><strong>Expertise<\/strong><\/p>\n\n\n\n<p>Em abril passado, a Seduc, por meio das t\u00e9cnicas Isabela Santos, professora e coordenadora de servi\u00e7os, e Eliane Passos, visitou a Secretaria da Educa\u00e7\u00e3o do Paran\u00e1, em Curitiba, para conhecer o programa Ganhando o Mundo, a fim de adquirir subs\u00eddios para implantar o Sergipe no Mundo. O di\u00e1logo entre Paran\u00e1 e Sergipe tamb\u00e9m foi essencial para debater futuras a\u00e7\u00f5es de internacionaliza\u00e7\u00e3o da rede, a exemplo do que j\u00e1 acontece com o conv\u00eanio entre a Seduc e a Alian\u00e7a Francesa.<\/p>\n\n\n\n<p>\u201cO Paran\u00e1 \u00e9 um estado com experi\u00eancia em promover interc\u00e2mbios para estudantes da educa\u00e7\u00e3o b\u00e1sica. Fomos at\u00e9 l\u00e1 conhecer a rotina da Secretaria de Estado da Educa\u00e7\u00e3o, enquanto respons\u00e1vel por esses estudantes, que est\u00e3o residindo fora do pa\u00eds, longe das fam\u00edlias, longe da sua realidade aqui no Brasil\u201d, informou Eliane.<\/p>\n\n\n\n<p><strong>Sergipe no Mundo<\/strong><\/p>\n\n\n\n<p>O programa Sergipe no Mundo tem o objetivo de contribuir na forma\u00e7\u00e3o ampla e cultural do aluno do ensino m\u00e9dio da rede p\u00fablica estadual de ensino, proporcionando uma experi\u00eancia \u00fanica de estudar em outro pa\u00eds, conhecer novas culturas e ter um estudo mais aprofundado dos idiomas ingl\u00eas, espanhol e franc\u00eas.<\/p>\n\n\n\n<p>A proposta \u00e9 promover a internacionaliza\u00e7\u00e3o da educa\u00e7\u00e3o b\u00e1sica de alunos da rede estadual com o envio de alunos de Sergipe para realizar interc\u00e2mbios na Inglaterra, Irlanda, Canad\u00e1, Estados Unidos e Espanha, conforme regulamento em edital, que ainda ser\u00e1 divulgado.<\/p>\n\n\n\n<p>O programa possui cinco objetivos espec\u00edficos: valorizar o ensino de l\u00ednguas no ensino m\u00e9dio da rede p\u00fablica estadual; difundir o dom\u00ednio de uma segunda l\u00edngua entre os brasileiros; promover a atratividade do ambiente escolar para estudantes da rede p\u00fablica; fornecer experi\u00eancias de imers\u00e3o, troca cultural e viv\u00eancia de uma cidadania global; e fortalecer os la\u00e7os de coopera\u00e7\u00e3o entre o Brasil e pa\u00edses amigos por meio do interc\u00e2mbio estudantil.<\/p>\n\n\n\n<p><strong>In\u00edcio<\/strong><\/p>\n\n\n\n<p>A princ\u00edpio, o Sergipe no Mundo prev\u00ea o interc\u00e2mbio em cinco pa\u00edses: Estados Unidos, Irlanda e Inglaterra, de l\u00edngua inglesa; Espanha, de l\u00edngua espanhola; e Canad\u00e1, de l\u00ednguas inglesa e francesa.<\/p>\n\n\n\n<p>A ag\u00eancia que vencer a licita\u00e7\u00e3o para a execu\u00e7\u00e3o do programa ser\u00e1 respons\u00e1vel por todo o escopo do envio dos estudantes, como emiss\u00e3o de passaporte, assist\u00eancia 24 horas, 7 dias por semana, sele\u00e7\u00e3o da escolha das fam\u00edlias onde os alunos ficar\u00e3o na experi\u00eancia de um m\u00eas no exterior, atua\u00e7\u00e3o, escolha dos trechos a\u00e9reos e terrestres, quando for o caso, entre outras compet\u00eancias.<\/p>\n\n\n\n<p>A Secretaria de Estado da Educa\u00e7\u00e3o e Cultura estabelecer\u00e1 os crit\u00e9rios de sele\u00e7\u00e3o dos estudantes e acompanhar\u00e1 e fiscalizar\u00e1 a execu\u00e7\u00e3o do contrato com a ag\u00eancia. O estudante selecionado para o Sergipe no Mundo precisa ter autoriza\u00e7\u00e3o dos pais para vivenciar a experi\u00eancia.<\/p>\n\n\n\n<p><strong><em>A<strong><em>companhe tamb\u00e9m o SE Not\u00edcias no&nbsp;<a rel=\"noreferrer noopener\" href=\"https:\/\/www.instagram.com\/senoticias\/\" target=\"_blank\">Instagram<\/a><\/em><\/strong><\/em><\/strong>,&nbsp;<strong><em><strong><em>&nbsp;<a rel=\"noreferrer noopener\" href=\"https:\/\/www.facebook.com\/senoticias1\" target=\"_blank\">Facebook<\/a>&nbsp;e<\/em><\/strong>&nbsp;no<\/em>&nbsp;<em><a href=\"https:\/\/twitter.com\/Senoticias\">X<\/a><\/em><\/strong><\/p>\n\n\n\n<p>Fonte: Governo de Sergipe<\/p>\n","protected":false},"excerpt":{"rendered":"<p>O governador F\u00e1bio Mitidieri se reuniu nesta ter\u00e7a-feira, 4, com a equipe da Secretaria de Estado da Educa\u00e7\u00e3o e da Cultura (Seduc) para discutir detalhes do lan\u00e7amento do programa Sergipe no Mundo, que tem por objetivo fomentar o ensino de idiomas na rede estadual e o interc\u00e2mbio estudantil. O programa ser\u00e1 oficialmente lan\u00e7ado pelo governador [&hellip;]<\/p>\n","protected":false},"author":6557,"featured_media":0,"comment_status":"closed","ping_status":"closed","sticky":false,"template":"","format":"standard","meta":{"footnotes":""},"categories":[15,6],"tags":[448,41721],"class_list":{"0":"post-142692","1":"post","2":"type-post","3":"status-publish","4":"format-standard","6":"category-destaques","7":"category-politica","8":"tag-governo-de-sergipe","9":"tag-intercambio-2"},"_links":{"self":[{"href":"https:\/\/senoticias.com.br\/se\/wp-json\/wp\/v2\/posts\/142692"}],"collection":[{"href":"https:\/\/senoticias.com.br\/se\/wp-json\/wp\/v2\/posts"}],"about":[{"href":"https:\/\/senoticias.com.br\/se\/wp-json\/wp\/v2\/types\/post"}],"author":[{"embeddable":true,"href":"https:\/\/senoticias.com.br\/se\/wp-json\/wp\/v2\/users\/6557"}],"replies":[{"embeddable":true,"href":"https:\/\/senoticias.com.br\/se\/wp-json\/wp\/v2\/comments?post=142692"}],"version-history":[{"count":0,"href":"https:\/\/senoticias.com.br\/se\/wp-json\/wp\/v2\/posts\/142692\/revisions"}],"wp:attachment":[{"href":"https:\/\/senoticias.com.br\/se\/wp-json\/wp\/v2\/media?parent=142692"}],"wp:term":[{"taxonomy":"category","embeddable":true,"href":"https:\/\/senoticias.com.br\/se\/wp-json\/wp\/v2\/categories?post=142692"},{"taxonomy":"post_tag","embeddable":true,"href":"https:\/\/senoticias.com.br\/se\/wp-json\/wp\/v2\/tags?post=142692"}],"curies":[{"name":"wp","href":"https:\/\/api.w.org\/{rel}","templated":true}]}}