{"id":142665,"date":"2024-06-03T17:33:25","date_gmt":"2024-06-03T20:33:25","guid":{"rendered":"https:\/\/senoticias.com.br\/se\/?p=142665"},"modified":"2024-06-03T17:49:11","modified_gmt":"2024-06-03T20:49:11","slug":"manifestantes-liberam-br-101-apos-3-h-de-protesto-por-melhorias-em-rodovia-estadual","status":"publish","type":"post","link":"https:\/\/senoticias.com.br\/se\/manifestantes-liberam-br-101-apos-3-h-de-protesto-por-melhorias-em-rodovia-estadual\/","title":{"rendered":"Manifestantes liberam BR-101 ap\u00f3s 3h de protesto por melhorias em rodovia estadual"},"content":{"rendered":"\n<p>Ap\u00f3s cerca de <strong>tr\u00eas horas de protesto<\/strong>, moradores do munic\u00edpio de S\u00e3o Crist\u00f3v\u00e3o, liberaram o trecho da <strong>rodovia BR-101<\/strong> que havia sido bloqueado na manh\u00e3 desta segunda-feira, 3, para cobrar o recapeamento e conclus\u00e3o da <strong>rodovia SE-255<\/strong>, entre os munic\u00edpios de S\u00e3o Crist\u00f3v\u00e3o e Itabaiana.<\/p>\n\n\n\n<p>Os moradores cobravam a presen\u00e7a de representantes do Departamento de Estradas e Rodagem (DER) e do DNIT no local, mas concordaram em liberar a rodovia ap\u00f3s a PRF se comprometer a intermediar a negocia\u00e7\u00e3o para instala\u00e7\u00e3o dos redutores de velocidade. A pista foi totalmente liberada por volta das 9h.<br><br><strong>O que diz o Governo de Sergipe<\/strong><\/p>\n\n\n\n<figure class=\"wp-block-image size-large\"><img loading=\"lazy\" decoding=\"async\" width=\"596\" height=\"391\" src=\"https:\/\/senoticias.com.br\/se\/wp-content\/uploads\/2024\/06\/Manifestacao-se-noticias.jpg\" alt=\"\" class=\"wp-image-142666\" srcset=\"https:\/\/senoticias.com.br\/se\/wp-content\/uploads\/2024\/06\/Manifestacao-se-noticias.jpg 596w, https:\/\/senoticias.com.br\/se\/wp-content\/uploads\/2024\/06\/Manifestacao-se-noticias-300x197.jpg 300w, https:\/\/senoticias.com.br\/se\/wp-content\/uploads\/2024\/06\/Manifestacao-se-noticias-90x60.jpg 90w\" sizes=\"(max-width: 596px) 100vw, 596px\" \/><figcaption>Moradores fazem manifesta\u00e7\u00e3o na BR-101 em S\u00e3o Crist\u00f3v\u00e3o &#8211; Foto: redes sociais<\/figcaption><\/figure>\n\n\n\n<p>Por meio de nota, a Secretaria de Estado do Desenvolvimento Urbano e Infraestrutura (Sedurbi) e o Departamento Estadual de Infraestrutura Rodovi\u00e1ria o (DER\/SE) informaram que acionaram a empresa respons\u00e1vel pela execu\u00e7\u00e3o da obra de implanta\u00e7\u00e3o.<\/p>\n\n\n\n<p>&#8220;No que se refere ao trecho da rodovia que fica localizado em \u00e1rea do Parque Nacional de Itabaiana. Neste caso, a obra s\u00f3 pode avan\u00e7ar ap\u00f3s libera\u00e7\u00e3o ambiental por parte do Instituto Chico Mendes de Conserva\u00e7\u00e3o da Biodiversidade (ICMBio), o que ainda n\u00e3o aconteceu&#8221;, detalharam.<\/p>\n\n\n\n<p>De acordo com a Pol\u00edcia Rodovi\u00e1ria Federal (PRF), o km 107 da BR-101 chegou a ser interditado de maneira parcial durante o ato para quem seguia em dire\u00e7\u00e3o a regi\u00e3o do sul do estado.<\/p>\n\n\n\n<p>Ainda segundo a PRF, o processo de desobstru\u00e7\u00e3o do trecho foi iniciado ainda nesta manh\u00e3 e o Corpo de Bombeiros realizou a limpeza do local. <\/p>\n\n\n\n<p><strong><em>A<strong><em>companhe tamb\u00e9m o SE Not\u00edcias no\u00a0<a rel=\"noreferrer noopener\" href=\"https:\/\/www.instagram.com\/senoticias\/\" target=\"_blank\">Instagram<\/a><\/em><\/strong><\/em><\/strong>,\u00a0<strong><em><strong><em>\u00a0<a rel=\"noreferrer noopener\" href=\"https:\/\/www.facebook.com\/senoticias1\" target=\"_blank\">Facebook<\/a>\u00a0e<\/em><\/strong>\u00a0no<\/em>\u00a0<em><a href=\"https:\/\/twitter.com\/Senoticias\">X<\/a><\/em><\/strong><\/p>\n\n\n\n<p>Reda\u00e7\u00e3o, com informa\u00e7\u00f5es da PRF e Sedurb<\/p>\n","protected":false},"excerpt":{"rendered":"<p>Ap\u00f3s cerca de tr\u00eas horas de protesto, moradores do munic\u00edpio de S\u00e3o Crist\u00f3v\u00e3o, liberaram o trecho da rodovia BR-101 que havia sido bloqueado na manh\u00e3 desta segunda-feira, 3, para cobrar o recapeamento e conclus\u00e3o da rodovia SE-255, entre os munic\u00edpios de S\u00e3o Crist\u00f3v\u00e3o e Itabaiana. Os moradores cobravam a presen\u00e7a de representantes do Departamento de [&hellip;]<\/p>\n","protected":false},"author":6557,"featured_media":0,"comment_status":"closed","ping_status":"closed","sticky":false,"template":"","format":"standard","meta":{"footnotes":""},"categories":[15,38,1],"tags":[3778,2970,41716],"class_list":{"0":"post-142665","1":"post","2":"type-post","3":"status-publish","4":"format-standard","6":"category-destaques","7":"category-municipios","8":"category-sem-categoria","9":"tag-manifestantes","10":"tag-protesto","11":"tag-rodovia-estadual"},"_links":{"self":[{"href":"https:\/\/senoticias.com.br\/se\/wp-json\/wp\/v2\/posts\/142665"}],"collection":[{"href":"https:\/\/senoticias.com.br\/se\/wp-json\/wp\/v2\/posts"}],"about":[{"href":"https:\/\/senoticias.com.br\/se\/wp-json\/wp\/v2\/types\/post"}],"author":[{"embeddable":true,"href":"https:\/\/senoticias.com.br\/se\/wp-json\/wp\/v2\/users\/6557"}],"replies":[{"embeddable":true,"href":"https:\/\/senoticias.com.br\/se\/wp-json\/wp\/v2\/comments?post=142665"}],"version-history":[{"count":0,"href":"https:\/\/senoticias.com.br\/se\/wp-json\/wp\/v2\/posts\/142665\/revisions"}],"wp:attachment":[{"href":"https:\/\/senoticias.com.br\/se\/wp-json\/wp\/v2\/media?parent=142665"}],"wp:term":[{"taxonomy":"category","embeddable":true,"href":"https:\/\/senoticias.com.br\/se\/wp-json\/wp\/v2\/categories?post=142665"},{"taxonomy":"post_tag","embeddable":true,"href":"https:\/\/senoticias.com.br\/se\/wp-json\/wp\/v2\/tags?post=142665"}],"curies":[{"name":"wp","href":"https:\/\/api.w.org\/{rel}","templated":true}]}}