{"id":142566,"date":"2024-05-28T10:27:32","date_gmt":"2024-05-28T13:27:32","guid":{"rendered":"https:\/\/senoticias.com.br\/se\/?p=142566"},"modified":"2024-05-28T12:03:12","modified_gmt":"2024-05-28T15:03:12","slug":"acao-conjunta-prende-em-flagrante-mulher-suspeita-de-abandonar-filhotes-de-gatos-na-regiao-central-de-aracaju","status":"publish","type":"post","link":"https:\/\/senoticias.com.br\/se\/acao-conjunta-prende-em-flagrante-mulher-suspeita-de-abandonar-filhotes-de-gatos-na-regiao-central-de-aracaju\/","title":{"rendered":"Mulher abandona filhotes de gato dentro de sacola e \u00e9 presa em Aracaju"},"content":{"rendered":"\n<p>Equipe da Delegacia de Prote\u00e7\u00e3o Animal e Meio Ambiente (Depama) registrou o flagrante de uma mulher de 56 anos suspeita de abandono de gatos. Ela foi conduzida pela Guarda Municipal de Aracaju (GMA) \u00e0 Depama. A a\u00e7\u00e3o ocorreu na regi\u00e3o do Mercado Central, em Aracaju, nessa segunda-feira, 27.<\/p>\n\n\n\n<figure class=\"wp-block-image size-large\"><img loading=\"lazy\" decoding=\"async\" width=\"1024\" height=\"652\" src=\"https:\/\/senoticias.com.br\/se\/wp-content\/uploads\/2024\/05\/gatos-senoticias-1024x652.png\" alt=\"\" class=\"wp-image-142567\"\/><figcaption>Gatos estavam amarrados em uma sacola preta e foram jogados em uma lixeira na regi\u00e3o dos mercados centrais da capital &#8211; Foto: SSP\/SE<\/figcaption><\/figure>\n\n\n\n<p>De acordo com o delegado Fl\u00e1vio Albuquerque, titular da Depama, a GMA relatou que a suspeita presa na a\u00e7\u00e3o havia abandonado os gatos, em clara situa\u00e7\u00e3o de maus-tratos. \u201cEla teria descartado, em uma lixeira, tr\u00eas filhotes de gatos que estavam amarrados em uma sacola preta\u201d, detalhou a ocorr\u00eancia.<\/p>\n\n\n\n<p>Populares viram o abandono dos animais. \u201cEnquanto algumas pessoas resgatavam os animais, outras a seguiram e fizeram o acionamento da Guarda Municipal. Assim, ela foi detida e conduzida \u00e0 Depama, onde foi autuada em flagrante pelo crime de maus-tratos\u201d, relatou o delegado Fl\u00e1vio Albuquerque.<\/p>\n\n\n\n<p>Com o resgate dos animais e o registro do flagrante, a mulher foi autuada sem a possibilidade da aplica\u00e7\u00e3o de fian\u00e7a, conforme informou Fl\u00e1vio Albuquerque, titular da Depama. \u201cEla ent\u00e3o passar\u00e1 por audi\u00eancia de cust\u00f3dia, e o juiz que decidir\u00e1 sobre a situa\u00e7\u00e3o da investigada\u201d, acrescentou.<\/p>\n\n\n\n<p>Por orienta\u00e7\u00e3o da Depama, os animais foram encaminhados pela GMA \u00e0 Secretaria Municipal do Meio Ambiente (Sema), onde foram acolhidos. \u201cSendo encaminhados para abrigos tempor\u00e1rios\u201d, concluiu o delegado Fl\u00e1vio Albuquerque, ressaltando a import\u00e2ncia da den\u00fancia de crimes contra os animais.<\/p>\n\n\n\n<p>A Pol\u00edcia Civil orienta que informa\u00e7\u00f5es e den\u00fancias sobre crimes contra os animais e o meio ambiente sejam repassadas \u00e0 pol\u00edcia por meio do Disque-Den\u00fancia, no telefone 181. \u00c9 com essas informa\u00e7\u00f5es que a\u00e7\u00f5es de combate aos maus-tratos podem ser \u00a0ser desenvolvidas pela seguran\u00e7a p\u00fablica de Sergipe. O sigilo \u00e9 garantido.<\/p>\n\n\n\n<p><strong><em>A<strong><em>companhe tamb\u00e9m o SE Not\u00edcias no&nbsp;<a rel=\"noreferrer noopener\" href=\"https:\/\/www.instagram.com\/senoticias\/\" target=\"_blank\">Instagram<\/a><\/em><\/strong><\/em><\/strong>,&nbsp;<strong><em><strong><em>&nbsp;<a rel=\"noreferrer noopener\" href=\"https:\/\/www.facebook.com\/senoticias1\" target=\"_blank\">Facebook<\/a>&nbsp;e<\/em><\/strong>&nbsp;no<\/em>&nbsp;<em><a href=\"https:\/\/twitter.com\/Senoticias\">X<\/a><\/em><\/strong><\/p>\n\n\n\n<p>Fonte: SSP\/SE<\/p>\n","protected":false},"excerpt":{"rendered":"<p>Equipe da Delegacia de Prote\u00e7\u00e3o Animal e Meio Ambiente (Depama) registrou o flagrante de uma mulher de 56 anos suspeita de abandono de gatos. Ela foi conduzida pela Guarda Municipal de Aracaju (GMA) \u00e0 Depama. A a\u00e7\u00e3o ocorreu na regi\u00e3o do Mercado Central, em Aracaju, nessa segunda-feira, 27. De acordo com o delegado Fl\u00e1vio Albuquerque, [&hellip;]<\/p>\n","protected":false},"author":6557,"featured_media":0,"comment_status":"closed","ping_status":"closed","sticky":false,"template":"","format":"standard","meta":{"footnotes":""},"categories":[15,7],"tags":[41692,4845,34337],"class_list":{"0":"post-142566","1":"post","2":"type-post","3":"status-publish","4":"format-standard","6":"category-destaques","7":"category-policia","8":"tag-abandono-de-gatos","9":"tag-acao-conjunta","10":"tag-depama"},"_links":{"self":[{"href":"https:\/\/senoticias.com.br\/se\/wp-json\/wp\/v2\/posts\/142566"}],"collection":[{"href":"https:\/\/senoticias.com.br\/se\/wp-json\/wp\/v2\/posts"}],"about":[{"href":"https:\/\/senoticias.com.br\/se\/wp-json\/wp\/v2\/types\/post"}],"author":[{"embeddable":true,"href":"https:\/\/senoticias.com.br\/se\/wp-json\/wp\/v2\/users\/6557"}],"replies":[{"embeddable":true,"href":"https:\/\/senoticias.com.br\/se\/wp-json\/wp\/v2\/comments?post=142566"}],"version-history":[{"count":0,"href":"https:\/\/senoticias.com.br\/se\/wp-json\/wp\/v2\/posts\/142566\/revisions"}],"wp:attachment":[{"href":"https:\/\/senoticias.com.br\/se\/wp-json\/wp\/v2\/media?parent=142566"}],"wp:term":[{"taxonomy":"category","embeddable":true,"href":"https:\/\/senoticias.com.br\/se\/wp-json\/wp\/v2\/categories?post=142566"},{"taxonomy":"post_tag","embeddable":true,"href":"https:\/\/senoticias.com.br\/se\/wp-json\/wp\/v2\/tags?post=142566"}],"curies":[{"name":"wp","href":"https:\/\/api.w.org\/{rel}","templated":true}]}}