{"id":142553,"date":"2024-05-27T11:47:54","date_gmt":"2024-05-27T14:47:54","guid":{"rendered":"https:\/\/senoticias.com.br\/se\/?p=142553"},"modified":"2024-05-27T15:11:00","modified_gmt":"2024-05-27T18:11:00","slug":"silvany-mamlak-compartilha-experiencia-enquanto-prefeita-durante-atividade-na-xxv-marcha-a-brasilia-em-defesa-dos-municipios","status":"publish","type":"post","link":"https:\/\/senoticias.com.br\/se\/silvany-mamlak-compartilha-experiencia-enquanto-prefeita-durante-atividade-na-xxv-marcha-a-brasilia-em-defesa-dos-municipios\/","title":{"rendered":"Silvany Mamlak compartilha experi\u00eancia enquanto prefeita durante atividade na XXV Marcha a Brasilia em Defesa dos Munic\u00edpios"},"content":{"rendered":"\n<p>Durante o \u00faltimo dia da XXV Marcha a Bras\u00edlia em Defesa dos Munic\u00edpios, a Confedera\u00e7\u00e3o Nacional realizou um painel com foco em boas pr\u00e1ticas na Gest\u00e3o P\u00fablica. Entre os gestores presentes na atividade, estava a prefeita de Capela, Silvany Mamlak.<\/p>\n\n\n\n<figure class=\"wp-block-image size-large\"><img loading=\"lazy\" decoding=\"async\" width=\"1024\" height=\"1024\" src=\"https:\/\/senoticias.com.br\/se\/wp-content\/uploads\/2024\/05\/silvany-senoticiss-1024x1024.jpeg\" alt=\"\" class=\"wp-image-142554\"\/><figcaption>Prefeita de Capela, Silvany Mamlak &#8211; Foto: ascom\/divulga\u00e7\u00e3o<\/figcaption><\/figure>\n\n\n\n<p>Segundo a prefeita Silvany Mamlak, a iniciativa do painel \u00e9 inspirar novas a\u00e7\u00f5es na gest\u00e3o p\u00fablica.<\/p>\n\n\n\n<p>\u201cRealizar um painel como este mostra exemplos de como a gest\u00e3o p\u00fablica transforma realidades, al\u00e9m de conhecermos outros modelos de gest\u00e3o p\u00fablica. Desta forma, inspiramos gestores e t\u00e9cnicos municipais a fazer mais pela popula\u00e7\u00e3o em seus munic\u00edpios\u201d, explicou a prefeita.<\/p>\n\n\n\n<p>Entre as a\u00e7\u00f5es destacadas em sua participa\u00e7\u00e3o, a gestora municipal sergipana demonstrou o funcionamento do TEAColhe, um servi\u00e7o que atende crian\u00e7as com Transtorno do Espectro Autista; o Programa Avan\u00e7a Capela, que levou ao munic\u00edpio obras estruturantes, resultando num investimento que chega a R$ 30 milh\u00f5es em sua primeira etapa; obras estruturantes, a exemplo do Complexo de Mercados Municipais; a amplia\u00e7\u00e3o nos servi\u00e7os de sa\u00fade, inclusive com a oferta de cirurgias eletivas; e o maior e melhor S\u00e3o Pedro do Brasil, incluindo seus folguedos e tradi\u00e7\u00f5es, resgatadas durante sua gest\u00e3o.<\/p>\n\n\n\n<p>\u201cLevo comigo o orgulho em dizer que a gest\u00e3o municipal em Capela \u00e9 uma extens\u00e3o de minha fam\u00edlia e trabalho incansavelmente para solucionar os desafios que enfrentamos. Estar neste espa\u00e7o \u00e9 o reconhecimento destas a\u00e7\u00f5es, o que demonstra que seguimos o caminho certo e que outros gestores se inspiram em nosso trabalho\u201d, complementou Silvany.<\/p>\n\n\n\n<p>Tamb\u00e9m compartilharam suas experi\u00eancias a prefeita Geovana Gessner, de Trombudo Central-SC; e os prefeitos Jorge Derbli, de Irati-PR, e Jos\u00e9 Maria Ferreira, de Ibipor\u00e3-PR, al\u00e9m de Manuela Meneses, representando o Banco do Brasil.<\/p>\n\n\n\n<p><strong>Outras participa\u00e7\u00f5es<\/strong><\/p>\n\n\n\n<p>Esta n\u00e3o foi a \u00fanica contribui\u00e7\u00e3o da prefeita de Capela durante a Marcha deste ano. Na \u00faltima ter\u00e7a-feira, 21, Silvany participou como mediadora em um dos pain\u00e9is centrais tratando da PEC da Sustentabilidade Fiscal. Entre os participantes tamb\u00e9m estava o senador sergipano Alessandro Vieira (MDB).<\/p>\n\n\n\n<p>O eixo central do debate estava na PEC 66\/2023, apresentada pelo senador sergipano com o apoio da Confedera\u00e7\u00e3o Nacional de Munic\u00edpios, que d\u00e1 sobrevida \u00e0 administra\u00e7\u00e3o p\u00fablica dos munic\u00edpios.<\/p>\n\n\n\n<p>Como Conselheira Titular, Silvany tamb\u00e9m se fez presente na linha de frente da Assembleia Geral, ao lado do presidente da entidade, Paulo Ziulkoski, com prefeitos de todo o pa\u00eds presentes neste momento. Entre os pontos abordados pela entidade est\u00e3o a presta\u00e7\u00e3o de contas, sua sustentabilidade administrativa e financeira, bem como os resultados t\u00e9cnicos e pr\u00e1ticos. Para a prefeita, um momento positivo.<\/p>\n\n\n\n<p>\u201cA Assembleia Geral Municipalista \u00e9 importante pois \u00e9 a execu\u00e7\u00e3o de um dos princ\u00edpios mais importantes de toda administra\u00e7\u00e3o, pois demonstra a seriedade da Confedera\u00e7\u00e3o, uma entidade respeitada em todo o pa\u00eds por seu trabalho s\u00e9rio, por seus estudos e pelo apoio que tem dado a prefeitos diante das pautas priorit\u00e1rias. Diante disso, parabenizo o presidente Paulo por todo o esfor\u00e7o frente \u00e0 CNM\u201d, concluiu.<\/p>\n\n\n\n<p><strong><em>A<strong><em>companhe tamb\u00e9m o SE Not\u00edcias no&nbsp;<a rel=\"noreferrer noopener\" href=\"https:\/\/www.instagram.com\/senoticias\/\" target=\"_blank\">Instagram<\/a><\/em><\/strong><\/em><\/strong>,&nbsp;<strong><em><strong><em>&nbsp;<a rel=\"noreferrer noopener\" href=\"https:\/\/www.facebook.com\/senoticias1\" target=\"_blank\">Facebook<\/a>&nbsp;e<\/em><\/strong>&nbsp;no<\/em>&nbsp;<em><a href=\"https:\/\/twitter.com\/Senoticias\">X<\/a><\/em><\/strong><\/p>\n\n\n\n<p><em>Da Assessoria de Imprensa<\/em><\/p>\n","protected":false},"excerpt":{"rendered":"<p>Durante o \u00faltimo dia da XXV Marcha a Bras\u00edlia em Defesa dos Munic\u00edpios, a Confedera\u00e7\u00e3o Nacional realizou um painel com foco em boas pr\u00e1ticas na Gest\u00e3o P\u00fablica. Entre os gestores presentes na atividade, estava a prefeita de Capela, Silvany Mamlak. Segundo a prefeita Silvany Mamlak, a iniciativa do painel \u00e9 inspirar novas a\u00e7\u00f5es na gest\u00e3o [&hellip;]<\/p>\n","protected":false},"author":6557,"featured_media":0,"comment_status":"closed","ping_status":"closed","sticky":false,"template":"","format":"standard","meta":{"footnotes":""},"categories":[15,38],"tags":[11480,41687,10398],"class_list":{"0":"post-142553","1":"post","2":"type-post","3":"status-publish","4":"format-standard","6":"category-destaques","7":"category-municipios","8":"tag-defesa-dos-municipios","9":"tag-marcha-a-brasilia","10":"tag-silvany-manlak"},"_links":{"self":[{"href":"https:\/\/senoticias.com.br\/se\/wp-json\/wp\/v2\/posts\/142553"}],"collection":[{"href":"https:\/\/senoticias.com.br\/se\/wp-json\/wp\/v2\/posts"}],"about":[{"href":"https:\/\/senoticias.com.br\/se\/wp-json\/wp\/v2\/types\/post"}],"author":[{"embeddable":true,"href":"https:\/\/senoticias.com.br\/se\/wp-json\/wp\/v2\/users\/6557"}],"replies":[{"embeddable":true,"href":"https:\/\/senoticias.com.br\/se\/wp-json\/wp\/v2\/comments?post=142553"}],"version-history":[{"count":0,"href":"https:\/\/senoticias.com.br\/se\/wp-json\/wp\/v2\/posts\/142553\/revisions"}],"wp:attachment":[{"href":"https:\/\/senoticias.com.br\/se\/wp-json\/wp\/v2\/media?parent=142553"}],"wp:term":[{"taxonomy":"category","embeddable":true,"href":"https:\/\/senoticias.com.br\/se\/wp-json\/wp\/v2\/categories?post=142553"},{"taxonomy":"post_tag","embeddable":true,"href":"https:\/\/senoticias.com.br\/se\/wp-json\/wp\/v2\/tags?post=142553"}],"curies":[{"name":"wp","href":"https:\/\/api.w.org\/{rel}","templated":true}]}}