{"id":142548,"date":"2024-05-27T11:20:25","date_gmt":"2024-05-27T14:20:25","guid":{"rendered":"https:\/\/senoticias.com.br\/se\/?p=142548"},"modified":"2024-05-27T15:13:49","modified_gmt":"2024-05-27T18:13:49","slug":"leilao-de-veiculo-pertencente-a-condenado-por-roubo-a-motorista-por-aplicativo-e-autorizado-pela-justica-para-reparacao-a-vitima","status":"publish","type":"post","link":"https:\/\/senoticias.com.br\/se\/leilao-de-veiculo-pertencente-a-condenado-por-roubo-a-motorista-por-aplicativo-e-autorizado-pela-justica-para-reparacao-a-vitima\/","title":{"rendered":"Leil\u00e3o de ve\u00edculo pertencente a condenado por roubo a motorista por aplicativo \u00e9 autorizado pela Justi\u00e7a para repara\u00e7\u00e3o \u00e0 v\u00edtima"},"content":{"rendered":"\n<p>Mediante pedido da Pol\u00edcia Civil, a Justi\u00e7a autorizou o leil\u00e3o de um ve\u00edculo pertencente a um r\u00e9u condenado por roubo a motorista de aplicativo. Da quantia que for arrecadada no leil\u00e3o, R$ 70 mil ser\u00e3o convertidos em benef\u00edcio da v\u00edtima do roubo, que ocorreu em novembro de 2022. A iniciativa faz parte das estrat\u00e9gias da Divis\u00e3o de Combate a Roubos e Furtos de Ve\u00edculos (DRFV) para reprimir os roubos contra motoristas por aplicativo, assim como tamb\u00e9m para recompor o patrim\u00f4nio das v\u00edtimas desses crimes na capital e na Regi\u00e3o Metropolitana de Aracaju.<\/p>\n\n\n\n<figure class=\"wp-block-image size-large\"><img loading=\"lazy\" decoding=\"async\" width=\"524\" height=\"349\" src=\"https:\/\/senoticias.com.br\/se\/wp-content\/uploads\/2024\/05\/policia-civiil-seenoiticas-e1716819557861.jpeg\" alt=\"\" class=\"wp-image-142549\"\/><figcaption>Divis\u00e3o de Combate a Roubos e Furtos de Ve\u00edculos (DRFV) &#8211; Foto: arquivo\/divulga\u00e7\u00e3o<\/figcaption><\/figure>\n\n\n\n<p>Segundo a delegada Michele Ara\u00fajo, desde a forma\u00e7\u00e3o de uma for\u00e7a-tarefa pela Pol\u00edcia Civil para reprimir qualificadamente os roubos contra motoristas por aplicativo e entregadores de delivery, as ocorr\u00eancias v\u00eam caindo constantemente na Grande Aracaju.<\/p>\n\n\n\n<p>\u201cEstamos adotando as melhores pr\u00e1ticas investigativas para combater a atua\u00e7\u00e3o desses grupos criminosos. At\u00e9 o momento, postulamos e cumprimos diversas pris\u00f5es, de modo que v\u00e1rias pessoas envolvidas com esses crimes atualmente est\u00e3o presas e condenadas, o que tem contribu\u00eddo para um cen\u00e1rio mais seguro para os profissionais,\u201d explicou a delegada.<\/p>\n\n\n\n<p>Al\u00e9m das medidas repressivas convencionais, a DRFV implementou a estrat\u00e9gia de asfixia financeira desses grupos criminosos, visando desestimular a pr\u00e1tica dos crimes. \u201cEstamos atacando a origem. Esses roubos a motoristas de aplicativo objetivam o proveito financeiro\u201d, evidenciou a delegada Michele Ara\u00fajo.<\/p>\n\n\n\n<p>\u201cAssim, enviamos uma mensagem clara de que a pr\u00e1tica do crime trar\u00e1 preju\u00edzos maiores que os lucros, tornando a atua\u00e7\u00e3o criminosa invi\u00e1vel financeiramente. Como exemplo, temos esse caso espec\u00edfico, em que o assaltante foi condenado \u00e0 repara\u00e7\u00e3o patrimonial da v\u00edtima em R$ 70 mil. Um ve\u00edculo do investigado, que foi sequestrado judicialmente a pedido nosso, ser\u00e1 leiloado para indeniza\u00e7\u00e3o da v\u00edtima\u201d, complementou a delegada.<\/p>\n\n\n\n<p>Essa abordagem da Pol\u00edcia Civil busca n\u00e3o apenas punir os criminosos, mas ressarcir as v\u00edtimas em seu preju\u00edzo patrimonial, al\u00e9m de desmantelar as bases financeiras que sustentam as opera\u00e7\u00f5es criminosas, promovendo assim uma redu\u00e7\u00e3o significativa nos crimes contra motoristas de aplicativo e entregadores de delivery na Grande Aracaju.<\/p>\n\n\n\n<p><strong><em>A<strong><em>companhe tamb\u00e9m o SE Not\u00edcias no&nbsp;<a rel=\"noreferrer noopener\" href=\"https:\/\/www.instagram.com\/senoticias\/\" target=\"_blank\">Instagram<\/a><\/em><\/strong><\/em><\/strong>,&nbsp;<strong><em><strong><em>&nbsp;<a rel=\"noreferrer noopener\" href=\"https:\/\/www.facebook.com\/senoticias1\" target=\"_blank\">Facebook<\/a>&nbsp;e<\/em><\/strong>&nbsp;no<\/em>&nbsp;<em><a href=\"https:\/\/twitter.com\/Senoticias\">X<\/a><\/em><\/strong><\/p>\n\n\n\n<p>Fonte: SSP\/SE<\/p>\n","protected":false},"excerpt":{"rendered":"<p>Mediante pedido da Pol\u00edcia Civil, a Justi\u00e7a autorizou o leil\u00e3o de um ve\u00edculo pertencente a um r\u00e9u condenado por roubo a motorista de aplicativo. Da quantia que for arrecadada no leil\u00e3o, R$ 70 mil ser\u00e3o convertidos em benef\u00edcio da v\u00edtima do roubo, que ocorreu em novembro de 2022. A iniciativa faz parte das estrat\u00e9gias da [&hellip;]<\/p>\n","protected":false},"author":6557,"featured_media":0,"comment_status":"closed","ping_status":"closed","sticky":false,"template":"","format":"standard","meta":{"footnotes":""},"categories":[15,7],"tags":[224,78,41686],"class_list":{"0":"post-142548","1":"post","2":"type-post","3":"status-publish","4":"format-standard","6":"category-destaques","7":"category-policia","8":"tag-leilao-de-veiculos","9":"tag-policia-civil","10":"tag-reparacao-a-vitima"},"_links":{"self":[{"href":"https:\/\/senoticias.com.br\/se\/wp-json\/wp\/v2\/posts\/142548"}],"collection":[{"href":"https:\/\/senoticias.com.br\/se\/wp-json\/wp\/v2\/posts"}],"about":[{"href":"https:\/\/senoticias.com.br\/se\/wp-json\/wp\/v2\/types\/post"}],"author":[{"embeddable":true,"href":"https:\/\/senoticias.com.br\/se\/wp-json\/wp\/v2\/users\/6557"}],"replies":[{"embeddable":true,"href":"https:\/\/senoticias.com.br\/se\/wp-json\/wp\/v2\/comments?post=142548"}],"version-history":[{"count":0,"href":"https:\/\/senoticias.com.br\/se\/wp-json\/wp\/v2\/posts\/142548\/revisions"}],"wp:attachment":[{"href":"https:\/\/senoticias.com.br\/se\/wp-json\/wp\/v2\/media?parent=142548"}],"wp:term":[{"taxonomy":"category","embeddable":true,"href":"https:\/\/senoticias.com.br\/se\/wp-json\/wp\/v2\/categories?post=142548"},{"taxonomy":"post_tag","embeddable":true,"href":"https:\/\/senoticias.com.br\/se\/wp-json\/wp\/v2\/tags?post=142548"}],"curies":[{"name":"wp","href":"https:\/\/api.w.org\/{rel}","templated":true}]}}