{"id":142503,"date":"2024-05-23T16:28:34","date_gmt":"2024-05-23T19:28:34","guid":{"rendered":"https:\/\/senoticias.com.br\/se\/?p=142503"},"modified":"2024-05-23T16:57:22","modified_gmt":"2024-05-23T19:57:22","slug":"prefeitura-de-sao-cristovao-divulga-datas-do-sao-joao-da-tradicao-no-centro-historico-e-no-eduardo-gomes","status":"publish","type":"post","link":"https:\/\/senoticias.com.br\/se\/prefeitura-de-sao-cristovao-divulga-datas-do-sao-joao-da-tradicao-no-centro-historico-e-no-eduardo-gomes\/","title":{"rendered":"Prefeitura de S\u00e3o Crist\u00f3v\u00e3o divulga datas do &#8220;S\u00e3o Jo\u00e3o da Tradi\u00e7\u00e3o&#8221; no Centro Hist\u00f3rico e no Eduardo Gomes"},"content":{"rendered":"\n<p><\/p>\n\n\n\n<p>A Prefeitura de S\u00e3o Crist\u00f3v\u00e3o, por meio da Funda\u00e7\u00e3o Municipal de Cultura e Turismo Jo\u00e3o Bebe \u00c1gua (Fumctur), est\u00e1 nos preparativos para mais um ano de festejos juninos com o tradicional S\u00e3o Jo\u00e3o da Tradi\u00e7\u00e3o. A realiza\u00e7\u00e3o no Centro Hist\u00f3rico ser\u00e1 nos dias 14 e 15 de junho, enquanto no Eduardo Gomes ser\u00e1 nos dias 05 e 06 de julho.<\/p>\n\n\n\n<p>De acordo com a presidente da Fumctur, Paola Santana, o principal motivo para essas duas realiza\u00e7\u00f5es \u00e9 contemplar a todos com essa festa tradicional. Como s\u00e3o localidades consideravelmente distantes uma da outra, ocorreu a disposi\u00e7\u00e3o de realizar a festa nesses dois locais, aumentando, dessa forma, mais divers\u00e3o para a popula\u00e7\u00e3o, conforto para se divertir, al\u00e9m de serem mais dias oportunos para a gera\u00e7\u00e3o de turismo e renda para a cidade e para \u00e0queles que desejarem comercializar seus produtos.<\/p>\n\n\n\n<figure class=\"wp-block-image size-large is-resized\"><img loading=\"lazy\" decoding=\"async\" src=\"https:\/\/senoticias.com.br\/se\/wp-content\/uploads\/2024\/05\/Sao-Joao-se-noticias.jpeg\" alt=\"\" class=\"wp-image-142504\" width=\"580\" height=\"385\" srcset=\"https:\/\/senoticias.com.br\/se\/wp-content\/uploads\/2024\/05\/Sao-Joao-se-noticias.jpeg 588w, https:\/\/senoticias.com.br\/se\/wp-content\/uploads\/2024\/05\/Sao-Joao-se-noticias-300x199.jpeg 300w, https:\/\/senoticias.com.br\/se\/wp-content\/uploads\/2024\/05\/Sao-Joao-se-noticias-90x60.jpeg 90w, https:\/\/senoticias.com.br\/se\/wp-content\/uploads\/2024\/05\/Sao-Joao-se-noticias-180x120.jpeg 180w, https:\/\/senoticias.com.br\/se\/wp-content\/uploads\/2024\/05\/Sao-Joao-se-noticias-95x64.jpeg 95w\" sizes=\"(max-width: 580px) 100vw, 580px\" \/><figcaption>A realiza\u00e7\u00e3o no Centro Hist\u00f3rico ser\u00e1 nos dias 14 e 15 de junho, enquanto no Eduardo Gomes ser\u00e1 nos dias 05 e 06 de julho &#8211; Foto: arquivo\/PMSC<\/figcaption><\/figure>\n\n\n\n<p>\u201cO S\u00e3o Jo\u00e3o da Tradi\u00e7\u00e3o \u00e9 um evento que valoriza a cultura e fortalece as tradi\u00e7\u00f5es locais, por isso, buscamos preparar uma programa\u00e7\u00e3o com artistas consagrados e novos artistas da terra. \u00c9 uma oportunidade para as fam\u00edlias se reunirem, se divertirem e celebrarem juntas na melhor \u00e9poca do ano. Al\u00e9m disso, o evento aquece a economia local, gerando empregos tempor\u00e1rios e movimentando o com\u00e9rcio da regi\u00e3o, que \u00e9 o nosso principal objetivo\u201d, enfatizou Paola.<\/p>\n\n\n\n<p>Al\u00e9m da valoriza\u00e7\u00e3o cultural e est\u00edmulo econ\u00f4mico para a cidade, Paola Santana enfatizou o quesito seguran\u00e7a em sua fala. \u201cAssim como nos anos anteriores, teremos uma grande e forte estrutura de palco para receber as bandas e todo o entorno do espa\u00e7o ser\u00e1 fechado. Essa foi uma estrat\u00e9gia de seguran\u00e7a que deu certo e que adotaremos novamente, al\u00e9m das parcerias que estamos fechando com demais agentes de seguran\u00e7a p\u00fablica e particular para garantir a seguran\u00e7a de todos\u201d.<\/p>\n\n\n\n<p>Haver\u00e1 revista na entrada do evento com utiliza\u00e7\u00e3o de detector de metais, c\u00e2meras de seguran\u00e7a ser\u00e3o instaladas em pontos estrat\u00e9gicos, equipes ser\u00e3o contratadas para refor\u00e7ar a seguran\u00e7a nos dias de evento e n\u00e3o ser\u00e1 permitida a comercializa\u00e7\u00e3o e entrada com bebidas em recipientes de vidro.<\/p>\n\n\n\n<p>Elma Santos, diretora municipal de Arte e Cultura, enfatiza que a sele\u00e7\u00e3o dos artistas contempla cantores regionais e nacionais, mas a prioridade s\u00e3o os artistas locais. &#8220;Em todos os eventos que realizamos, priorizamos os artistas do munic\u00edpio. \u00c9 uma forma de trazer rendas para esses m\u00fasicos como, tamb\u00e9m, a valoriza\u00e7\u00e3o do seu trabalho. Al\u00e9m disso, buscamos artistas de renome regional e nacional que dialoguem com a nossa programa\u00e7\u00e3o. A sele\u00e7\u00e3o, principalmente os da terra, \u00e9 feita a partir dos crit\u00e9rios que pedem o credenciamento aberto de forma pr\u00e9via em nosso site\u201d.<\/p>\n\n\n\n<p>A programa\u00e7\u00e3o completa do evento ser\u00e1 divulgada nos pr\u00f3ximos dias nas redes sociais e site da Prefeitura de S\u00e3o Crist\u00f3v\u00e3o.<\/p>\n\n\n\n<p><strong><em>A<strong><em>companhe tamb\u00e9m o SE Not\u00edcias no\u00a0<a rel=\"noreferrer noopener\" href=\"https:\/\/www.instagram.com\/senoticias\/\" target=\"_blank\">Instagram<\/a><\/em><\/strong><\/em><\/strong>,\u00a0<strong><em><strong><em>\u00a0<a rel=\"noreferrer noopener\" href=\"https:\/\/www.facebook.com\/senoticias1\" target=\"_blank\">Facebook<\/a>\u00a0e<\/em><\/strong>\u00a0no<\/em>\u00a0<em><a href=\"https:\/\/twitter.com\/Senoticias\">X<\/a><\/em><\/strong><\/p>\n\n\n\n<p>Fonte: ascom\/PMSC<\/p>\n","protected":false},"excerpt":{"rendered":"<p>A Prefeitura de S\u00e3o Crist\u00f3v\u00e3o, por meio da Funda\u00e7\u00e3o Municipal de Cultura e Turismo Jo\u00e3o Bebe \u00c1gua (Fumctur), est\u00e1 nos preparativos para mais um ano de festejos juninos com o tradicional S\u00e3o Jo\u00e3o da Tradi\u00e7\u00e3o. A realiza\u00e7\u00e3o no Centro Hist\u00f3rico ser\u00e1 nos dias 14 e 15 de junho, enquanto no Eduardo Gomes ser\u00e1 nos dias [&hellip;]<\/p>\n","protected":false},"author":6557,"featured_media":0,"comment_status":"closed","ping_status":"closed","sticky":false,"template":"","format":"standard","meta":{"footnotes":""},"categories":[15,21],"tags":[10005],"class_list":{"0":"post-142503","1":"post","2":"type-post","3":"status-publish","4":"format-standard","6":"category-destaques","7":"category-entretenimento","8":"tag-sao-joao-da-tradicao"},"_links":{"self":[{"href":"https:\/\/senoticias.com.br\/se\/wp-json\/wp\/v2\/posts\/142503"}],"collection":[{"href":"https:\/\/senoticias.com.br\/se\/wp-json\/wp\/v2\/posts"}],"about":[{"href":"https:\/\/senoticias.com.br\/se\/wp-json\/wp\/v2\/types\/post"}],"author":[{"embeddable":true,"href":"https:\/\/senoticias.com.br\/se\/wp-json\/wp\/v2\/users\/6557"}],"replies":[{"embeddable":true,"href":"https:\/\/senoticias.com.br\/se\/wp-json\/wp\/v2\/comments?post=142503"}],"version-history":[{"count":0,"href":"https:\/\/senoticias.com.br\/se\/wp-json\/wp\/v2\/posts\/142503\/revisions"}],"wp:attachment":[{"href":"https:\/\/senoticias.com.br\/se\/wp-json\/wp\/v2\/media?parent=142503"}],"wp:term":[{"taxonomy":"category","embeddable":true,"href":"https:\/\/senoticias.com.br\/se\/wp-json\/wp\/v2\/categories?post=142503"},{"taxonomy":"post_tag","embeddable":true,"href":"https:\/\/senoticias.com.br\/se\/wp-json\/wp\/v2\/tags?post=142503"}],"curies":[{"name":"wp","href":"https:\/\/api.w.org\/{rel}","templated":true}]}}